{"id":32551,"date":"2025-04-30T17:02:24","date_gmt":"2025-04-30T15:02:24","guid":{"rendered":"https:\/\/katolicka-gimnazija.hr\/?p=32551"},"modified":"2025-06-06T09:05:17","modified_gmt":"2025-06-06T07:05:17","slug":"mismokg-dov-2025","status":"publish","type":"post","link":"https:\/\/katolicka-gimnazija.hr\/index.php\/2025\/04\/30\/mismokg-dov-2025\/","title":{"rendered":"#MIsmoKG DOV 2025."},"content":{"rendered":"<p>Nema dana otvorenih vrata na kojem mo\u017ee\u0161 prikazati sve \u0161to neka \u0161kola pru\u017ea, ali se mo\u017ee osjetiti barem djeli\u0107 atmosfere kojom \u0161kola zra\u010di. Mi imamo dr\u017eavne prvake, mi sudjelujemo na dr\u017eavnim i \u017eupanijskim natjecanjima, na\u0161i su sporta\u0161i izvrsni i uzorni, na\u0161i su \u0111aci volonteri velika srca, ali i hrabri planinari, na\u0161i u\u010denici istra\u017euju, otkrivaju, planiraju i stvaraju, drugi pi\u0161u, snimaju i glume&#8230;<br \/>\nNo ono \u0161to mo\u017ee osjetiti svatko tko provede neko vrijeme s nama jest atmosfera kojom gradimo PRIJATELJstva.<br \/>\nNajkra\u0107e \u0161to mo\u017eemo re\u0107i o sebi jest da #MIsmoKG, mi prenosimo ZNAnje, njegujemo DUHovnost, po\u0161tujemo tRADiciju, mi INspiriramo one koji se daju inspirirati.<br \/>\nDokaz je tomu i ovogodi\u0161nji dan otvorenih vrata na kojem su se na\u0161i u\u010denici pod mentorstvom svojih profesora predstavili najbolje \u0161to znaju &#8211; glazbom (\u0161kolski bend), glumom (dramska dru\u017eina), matemati\u010dkom radionicom (stemovci), escape roomom (jezi\u010dari i stemovci), jezi\u010dnom radionicom (strani jezici), kao i prezentacijom aktivnosti \u0160kolskog planinarskog dru\u0161tva &#8220;Pegaz&#8221; i TV sekcije.<br \/>\nSvim osma\u0161ima \u017eelimo sretan svr\u0161etak osnovne \u0161kole i uspje\u0161an upis u \u017eeljeni program.<br \/>\nNa tom putu neka ih prati Duh Sveti koji nas je ve\u0107 obdario brojnim darovima.<br \/>\nA nama ostaje da i dalje plovimo &#8211; zajedno, kreativno i inspirativno je #MismoKG!<br \/>\nDUC IN ALTUM!<br \/>\n<div id='gallery-1' class='gallery galleryid-32551 gallery-columns-3 gallery-size-medium'><figure class='gallery-item'>\n\t\t\t<div class='gallery-icon landscape'>\n\t\t\t\t<a href='https:\/\/katolicka-gimnazija.hr\/wp-content\/uploads\/2025\/05\/494436072_1247138090746260_2882974676609486035_n.jpg'><img loading=\"lazy\" decoding=\"async\" width=\"300\" height=\"169\" src=\"https:\/\/katolicka-gimnazija.hr\/wp-content\/uploads\/2025\/05\/494436072_1247138090746260_2882974676609486035_n-300x169.jpg\" class=\"attachment-medium size-medium\" alt=\"\" srcset=\"https:\/\/katolicka-gimnazija.hr\/wp-content\/uploads\/2025\/05\/494436072_1247138090746260_2882974676609486035_n-300x169.jpg 300w, https:\/\/katolicka-gimnazija.hr\/wp-content\/uploads\/2025\/05\/494436072_1247138090746260_2882974676609486035_n-1024x577.jpg 1024w, https:\/\/katolicka-gimnazija.hr\/wp-content\/uploads\/2025\/05\/494436072_1247138090746260_2882974676609486035_n-768x433.jpg 768w, https:\/\/katolicka-gimnazija.hr\/wp-content\/uploads\/2025\/05\/494436072_1247138090746260_2882974676609486035_n-1536x866.jpg 1536w, https:\/\/katolicka-gimnazija.hr\/wp-content\/uploads\/2025\/05\/494436072_1247138090746260_2882974676609486035_n-400x225.jpg 400w, https:\/\/katolicka-gimnazija.hr\/wp-content\/uploads\/2025\/05\/494436072_1247138090746260_2882974676609486035_n.jpg 2048w\" sizes=\"auto, (max-width: 300px) 100vw, 300px\" \/><\/a>\n\t\t\t<\/div><\/figure><figure class='gallery-item'>\n\t\t\t<div class='gallery-icon landscape'>\n\t\t\t\t<a href='https:\/\/katolicka-gimnazija.hr\/wp-content\/uploads\/2025\/05\/494912511_1247137887412947_4823496252223797275_n.jpg'><img loading=\"lazy\" decoding=\"async\" width=\"300\" height=\"169\" src=\"https:\/\/katolicka-gimnazija.hr\/wp-content\/uploads\/2025\/05\/494912511_1247137887412947_4823496252223797275_n-300x169.jpg\" class=\"attachment-medium size-medium\" alt=\"\" srcset=\"https:\/\/katolicka-gimnazija.hr\/wp-content\/uploads\/2025\/05\/494912511_1247137887412947_4823496252223797275_n-300x169.jpg 300w, https:\/\/katolicka-gimnazija.hr\/wp-content\/uploads\/2025\/05\/494912511_1247137887412947_4823496252223797275_n-1024x577.jpg 1024w, https:\/\/katolicka-gimnazija.hr\/wp-content\/uploads\/2025\/05\/494912511_1247137887412947_4823496252223797275_n-768x433.jpg 768w, https:\/\/katolicka-gimnazija.hr\/wp-content\/uploads\/2025\/05\/494912511_1247137887412947_4823496252223797275_n-1536x866.jpg 1536w, https:\/\/katolicka-gimnazija.hr\/wp-content\/uploads\/2025\/05\/494912511_1247137887412947_4823496252223797275_n-400x225.jpg 400w, https:\/\/katolicka-gimnazija.hr\/wp-content\/uploads\/2025\/05\/494912511_1247137887412947_4823496252223797275_n.jpg 2048w\" sizes=\"auto, (max-width: 300px) 100vw, 300px\" \/><\/a>\n\t\t\t<\/div><\/figure><figure class='gallery-item'>\n\t\t\t<div class='gallery-icon landscape'>\n\t\t\t\t<a href='https:\/\/katolicka-gimnazija.hr\/wp-content\/uploads\/2025\/05\/494066089_1247134674079935_7189344903224201003_n.jpg'><img loading=\"lazy\" decoding=\"async\" width=\"300\" height=\"169\" src=\"https:\/\/katolicka-gimnazija.hr\/wp-content\/uploads\/2025\/05\/494066089_1247134674079935_7189344903224201003_n-300x169.jpg\" class=\"attachment-medium size-medium\" alt=\"\" srcset=\"https:\/\/katolicka-gimnazija.hr\/wp-content\/uploads\/2025\/05\/494066089_1247134674079935_7189344903224201003_n-300x169.jpg 300w, https:\/\/katolicka-gimnazija.hr\/wp-content\/uploads\/2025\/05\/494066089_1247134674079935_7189344903224201003_n-1024x577.jpg 1024w, https:\/\/katolicka-gimnazija.hr\/wp-content\/uploads\/2025\/05\/494066089_1247134674079935_7189344903224201003_n-768x433.jpg 768w, https:\/\/katolicka-gimnazija.hr\/wp-content\/uploads\/2025\/05\/494066089_1247134674079935_7189344903224201003_n-1536x866.jpg 1536w, https:\/\/katolicka-gimnazija.hr\/wp-content\/uploads\/2025\/05\/494066089_1247134674079935_7189344903224201003_n-400x225.jpg 400w, https:\/\/katolicka-gimnazija.hr\/wp-content\/uploads\/2025\/05\/494066089_1247134674079935_7189344903224201003_n.jpg 2048w\" sizes=\"auto, (max-width: 300px) 100vw, 300px\" \/><\/a>\n\t\t\t<\/div><\/figure><figure class='gallery-item'>\n\t\t\t<div class='gallery-icon landscape'>\n\t\t\t\t<a href='https:\/\/katolicka-gimnazija.hr\/wp-content\/uploads\/2025\/05\/494356042_1247133770746692_7016902797009973172_n.jpg'><img loading=\"lazy\" decoding=\"async\" width=\"300\" height=\"169\" src=\"https:\/\/katolicka-gimnazija.hr\/wp-content\/uploads\/2025\/05\/494356042_1247133770746692_7016902797009973172_n-300x169.jpg\" class=\"attachment-medium size-medium\" alt=\"\" srcset=\"https:\/\/katolicka-gimnazija.hr\/wp-content\/uploads\/2025\/05\/494356042_1247133770746692_7016902797009973172_n-300x169.jpg 300w, https:\/\/katolicka-gimnazija.hr\/wp-content\/uploads\/2025\/05\/494356042_1247133770746692_7016902797009973172_n-1024x577.jpg 1024w, https:\/\/katolicka-gimnazija.hr\/wp-content\/uploads\/2025\/05\/494356042_1247133770746692_7016902797009973172_n-768x433.jpg 768w, https:\/\/katolicka-gimnazija.hr\/wp-content\/uploads\/2025\/05\/494356042_1247133770746692_7016902797009973172_n-1536x866.jpg 1536w, https:\/\/katolicka-gimnazija.hr\/wp-content\/uploads\/2025\/05\/494356042_1247133770746692_7016902797009973172_n-400x225.jpg 400w, https:\/\/katolicka-gimnazija.hr\/wp-content\/uploads\/2025\/05\/494356042_1247133770746692_7016902797009973172_n.jpg 2048w\" sizes=\"auto, (max-width: 300px) 100vw, 300px\" \/><\/a>\n\t\t\t<\/div><\/figure><figure class='gallery-item'>\n\t\t\t<div class='gallery-icon landscape'>\n\t\t\t\t<a href='https:\/\/katolicka-gimnazija.hr\/wp-content\/uploads\/2025\/05\/494310372_1247136760746393_679291277461923059_n.jpg'><img loading=\"lazy\" decoding=\"async\" width=\"300\" height=\"169\" src=\"https:\/\/katolicka-gimnazija.hr\/wp-content\/uploads\/2025\/05\/494310372_1247136760746393_679291277461923059_n-300x169.jpg\" class=\"attachment-medium size-medium\" alt=\"\" srcset=\"https:\/\/katolicka-gimnazija.hr\/wp-content\/uploads\/2025\/05\/494310372_1247136760746393_679291277461923059_n-300x169.jpg 300w, https:\/\/katolicka-gimnazija.hr\/wp-content\/uploads\/2025\/05\/494310372_1247136760746393_679291277461923059_n-1024x577.jpg 1024w, https:\/\/katolicka-gimnazija.hr\/wp-content\/uploads\/2025\/05\/494310372_1247136760746393_679291277461923059_n-768x433.jpg 768w, https:\/\/katolicka-gimnazija.hr\/wp-content\/uploads\/2025\/05\/494310372_1247136760746393_679291277461923059_n-1536x866.jpg 1536w, https:\/\/katolicka-gimnazija.hr\/wp-content\/uploads\/2025\/05\/494310372_1247136760746393_679291277461923059_n-400x225.jpg 400w, https:\/\/katolicka-gimnazija.hr\/wp-content\/uploads\/2025\/05\/494310372_1247136760746393_679291277461923059_n.jpg 2048w\" sizes=\"auto, (max-width: 300px) 100vw, 300px\" \/><\/a>\n\t\t\t<\/div><\/figure><figure class='gallery-item'>\n\t\t\t<div class='gallery-icon landscape'>\n\t\t\t\t<a href='https:\/\/katolicka-gimnazija.hr\/wp-content\/uploads\/2025\/05\/494768884_1247133554080047_4832491824969432126_n.jpg'><img loading=\"lazy\" decoding=\"async\" width=\"300\" height=\"169\" src=\"https:\/\/katolicka-gimnazija.hr\/wp-content\/uploads\/2025\/05\/494768884_1247133554080047_4832491824969432126_n-300x169.jpg\" class=\"attachment-medium size-medium\" alt=\"\" srcset=\"https:\/\/katolicka-gimnazija.hr\/wp-content\/uploads\/2025\/05\/494768884_1247133554080047_4832491824969432126_n-300x169.jpg 300w, https:\/\/katolicka-gimnazija.hr\/wp-content\/uploads\/2025\/05\/494768884_1247133554080047_4832491824969432126_n-1024x577.jpg 1024w, https:\/\/katolicka-gimnazija.hr\/wp-content\/uploads\/2025\/05\/494768884_1247133554080047_4832491824969432126_n-768x433.jpg 768w, https:\/\/katolicka-gimnazija.hr\/wp-content\/uploads\/2025\/05\/494768884_1247133554080047_4832491824969432126_n-1536x866.jpg 1536w, https:\/\/katolicka-gimnazija.hr\/wp-content\/uploads\/2025\/05\/494768884_1247133554080047_4832491824969432126_n-400x225.jpg 400w, https:\/\/katolicka-gimnazija.hr\/wp-content\/uploads\/2025\/05\/494768884_1247133554080047_4832491824969432126_n.jpg 2048w\" sizes=\"auto, (max-width: 300px) 100vw, 300px\" \/><\/a>\n\t\t\t<\/div><\/figure><figure class='gallery-item'>\n\t\t\t<div class='gallery-icon landscape'>\n\t\t\t\t<a href='https:\/\/katolicka-gimnazija.hr\/wp-content\/uploads\/2025\/05\/493975448_1247132567413479_8945425150753105313_n.jpg'><img loading=\"lazy\" decoding=\"async\" width=\"300\" height=\"169\" src=\"https:\/\/katolicka-gimnazija.hr\/wp-content\/uploads\/2025\/05\/493975448_1247132567413479_8945425150753105313_n-300x169.jpg\" class=\"attachment-medium size-medium\" alt=\"\" srcset=\"https:\/\/katolicka-gimnazija.hr\/wp-content\/uploads\/2025\/05\/493975448_1247132567413479_8945425150753105313_n-300x169.jpg 300w, https:\/\/katolicka-gimnazija.hr\/wp-content\/uploads\/2025\/05\/493975448_1247132567413479_8945425150753105313_n-1024x577.jpg 1024w, https:\/\/katolicka-gimnazija.hr\/wp-content\/uploads\/2025\/05\/493975448_1247132567413479_8945425150753105313_n-768x433.jpg 768w, https:\/\/katolicka-gimnazija.hr\/wp-content\/uploads\/2025\/05\/493975448_1247132567413479_8945425150753105313_n-1536x866.jpg 1536w, https:\/\/katolicka-gimnazija.hr\/wp-content\/uploads\/2025\/05\/493975448_1247132567413479_8945425150753105313_n-400x225.jpg 400w, https:\/\/katolicka-gimnazija.hr\/wp-content\/uploads\/2025\/05\/493975448_1247132567413479_8945425150753105313_n.jpg 2048w\" sizes=\"auto, (max-width: 300px) 100vw, 300px\" \/><\/a>\n\t\t\t<\/div><\/figure><figure class='gallery-item'>\n\t\t\t<div class='gallery-icon landscape'>\n\t\t\t\t<a href='https:\/\/katolicka-gimnazija.hr\/wp-content\/uploads\/2025\/05\/494701320_1247138120746257_8518397247727969813_n.jpg'><img loading=\"lazy\" decoding=\"async\" width=\"300\" height=\"169\" src=\"https:\/\/katolicka-gimnazija.hr\/wp-content\/uploads\/2025\/05\/494701320_1247138120746257_8518397247727969813_n-300x169.jpg\" class=\"attachment-medium size-medium\" alt=\"\" srcset=\"https:\/\/katolicka-gimnazija.hr\/wp-content\/uploads\/2025\/05\/494701320_1247138120746257_8518397247727969813_n-300x169.jpg 300w, https:\/\/katolicka-gimnazija.hr\/wp-content\/uploads\/2025\/05\/494701320_1247138120746257_8518397247727969813_n-1024x577.jpg 1024w, https:\/\/katolicka-gimnazija.hr\/wp-content\/uploads\/2025\/05\/494701320_1247138120746257_8518397247727969813_n-768x433.jpg 768w, https:\/\/katolicka-gimnazija.hr\/wp-content\/uploads\/2025\/05\/494701320_1247138120746257_8518397247727969813_n-1536x866.jpg 1536w, https:\/\/katolicka-gimnazija.hr\/wp-content\/uploads\/2025\/05\/494701320_1247138120746257_8518397247727969813_n-400x225.jpg 400w, https:\/\/katolicka-gimnazija.hr\/wp-content\/uploads\/2025\/05\/494701320_1247138120746257_8518397247727969813_n.jpg 2048w\" sizes=\"auto, (max-width: 300px) 100vw, 300px\" \/><\/a>\n\t\t\t<\/div><\/figure><figure class='gallery-item'>\n\t\t\t<div class='gallery-icon landscape'>\n\t\t\t\t<a href='https:\/\/katolicka-gimnazija.hr\/wp-content\/uploads\/2025\/05\/494523731_1247132444080158_1577805719397919660_n.jpg'><img loading=\"lazy\" decoding=\"async\" width=\"300\" height=\"177\" src=\"https:\/\/katolicka-gimnazija.hr\/wp-content\/uploads\/2025\/05\/494523731_1247132444080158_1577805719397919660_n-300x177.jpg\" class=\"attachment-medium size-medium\" alt=\"\" srcset=\"https:\/\/katolicka-gimnazija.hr\/wp-content\/uploads\/2025\/05\/494523731_1247132444080158_1577805719397919660_n-300x177.jpg 300w, https:\/\/katolicka-gimnazija.hr\/wp-content\/uploads\/2025\/05\/494523731_1247132444080158_1577805719397919660_n-1024x604.jpg 1024w, https:\/\/katolicka-gimnazija.hr\/wp-content\/uploads\/2025\/05\/494523731_1247132444080158_1577805719397919660_n-768x453.jpg 768w, https:\/\/katolicka-gimnazija.hr\/wp-content\/uploads\/2025\/05\/494523731_1247132444080158_1577805719397919660_n-1536x906.jpg 1536w, https:\/\/katolicka-gimnazija.hr\/wp-content\/uploads\/2025\/05\/494523731_1247132444080158_1577805719397919660_n-400x236.jpg 400w, https:\/\/katolicka-gimnazija.hr\/wp-content\/uploads\/2025\/05\/494523731_1247132444080158_1577805719397919660_n.jpg 2048w\" sizes=\"auto, (max-width: 300px) 100vw, 300px\" \/><\/a>\n\t\t\t<\/div><\/figure><figure class='gallery-item'>\n\t\t\t<div class='gallery-icon landscape'>\n\t\t\t\t<a href='https:\/\/katolicka-gimnazija.hr\/wp-content\/uploads\/2025\/05\/493905605_1247137980746271_6798542565393801564_n.jpg'><img loading=\"lazy\" decoding=\"async\" width=\"300\" height=\"169\" src=\"https:\/\/katolicka-gimnazija.hr\/wp-content\/uploads\/2025\/05\/493905605_1247137980746271_6798542565393801564_n-300x169.jpg\" class=\"attachment-medium size-medium\" alt=\"\" srcset=\"https:\/\/katolicka-gimnazija.hr\/wp-content\/uploads\/2025\/05\/493905605_1247137980746271_6798542565393801564_n-300x169.jpg 300w, https:\/\/katolicka-gimnazija.hr\/wp-content\/uploads\/2025\/05\/493905605_1247137980746271_6798542565393801564_n-1024x577.jpg 1024w, https:\/\/katolicka-gimnazija.hr\/wp-content\/uploads\/2025\/05\/493905605_1247137980746271_6798542565393801564_n-768x433.jpg 768w, https:\/\/katolicka-gimnazija.hr\/wp-content\/uploads\/2025\/05\/493905605_1247137980746271_6798542565393801564_n-1536x866.jpg 1536w, https:\/\/katolicka-gimnazija.hr\/wp-content\/uploads\/2025\/05\/493905605_1247137980746271_6798542565393801564_n-400x225.jpg 400w, https:\/\/katolicka-gimnazija.hr\/wp-content\/uploads\/2025\/05\/493905605_1247137980746271_6798542565393801564_n.jpg 2048w\" sizes=\"auto, (max-width: 300px) 100vw, 300px\" \/><\/a>\n\t\t\t<\/div><\/figure><figure class='gallery-item'>\n\t\t\t<div class='gallery-icon landscape'>\n\t\t\t\t<a href='https:\/\/katolicka-gimnazija.hr\/wp-content\/uploads\/2025\/05\/494797965_1247136200746449_4947685699561364429_n.jpg'><img loading=\"lazy\" decoding=\"async\" width=\"300\" height=\"169\" src=\"https:\/\/katolicka-gimnazija.hr\/wp-content\/uploads\/2025\/05\/494797965_1247136200746449_4947685699561364429_n-300x169.jpg\" class=\"attachment-medium size-medium\" alt=\"\" srcset=\"https:\/\/katolicka-gimnazija.hr\/wp-content\/uploads\/2025\/05\/494797965_1247136200746449_4947685699561364429_n-300x169.jpg 300w, https:\/\/katolicka-gimnazija.hr\/wp-content\/uploads\/2025\/05\/494797965_1247136200746449_4947685699561364429_n-1024x577.jpg 1024w, https:\/\/katolicka-gimnazija.hr\/wp-content\/uploads\/2025\/05\/494797965_1247136200746449_4947685699561364429_n-768x433.jpg 768w, https:\/\/katolicka-gimnazija.hr\/wp-content\/uploads\/2025\/05\/494797965_1247136200746449_4947685699561364429_n-1536x866.jpg 1536w, https:\/\/katolicka-gimnazija.hr\/wp-content\/uploads\/2025\/05\/494797965_1247136200746449_4947685699561364429_n-400x225.jpg 400w, https:\/\/katolicka-gimnazija.hr\/wp-content\/uploads\/2025\/05\/494797965_1247136200746449_4947685699561364429_n.jpg 2048w\" sizes=\"auto, (max-width: 300px) 100vw, 300px\" \/><\/a>\n\t\t\t<\/div><\/figure><figure class='gallery-item'>\n\t\t\t<div class='gallery-icon landscape'>\n\t\t\t\t<a href='https:\/\/katolicka-gimnazija.hr\/wp-content\/uploads\/2025\/05\/494695111_1247134914079911_324363354010111863_n.jpg'><img loading=\"lazy\" decoding=\"async\" width=\"300\" height=\"169\" src=\"https:\/\/katolicka-gimnazija.hr\/wp-content\/uploads\/2025\/05\/494695111_1247134914079911_324363354010111863_n-300x169.jpg\" class=\"attachment-medium size-medium\" alt=\"\" srcset=\"https:\/\/katolicka-gimnazija.hr\/wp-content\/uploads\/2025\/05\/494695111_1247134914079911_324363354010111863_n-300x169.jpg 300w, https:\/\/katolicka-gimnazija.hr\/wp-content\/uploads\/2025\/05\/494695111_1247134914079911_324363354010111863_n-1024x577.jpg 1024w, https:\/\/katolicka-gimnazija.hr\/wp-content\/uploads\/2025\/05\/494695111_1247134914079911_324363354010111863_n-768x433.jpg 768w, https:\/\/katolicka-gimnazija.hr\/wp-content\/uploads\/2025\/05\/494695111_1247134914079911_324363354010111863_n-1536x866.jpg 1536w, https:\/\/katolicka-gimnazija.hr\/wp-content\/uploads\/2025\/05\/494695111_1247134914079911_324363354010111863_n-400x225.jpg 400w, https:\/\/katolicka-gimnazija.hr\/wp-content\/uploads\/2025\/05\/494695111_1247134914079911_324363354010111863_n.jpg 2048w\" sizes=\"auto, (max-width: 300px) 100vw, 300px\" \/><\/a>\n\t\t\t<\/div><\/figure><figure class='gallery-item'>\n\t\t\t<div class='gallery-icon landscape'>\n\t\t\t\t<a href='https:\/\/katolicka-gimnazija.hr\/wp-content\/uploads\/2025\/05\/494227223_1247139147412821_6769847609258916050_n.jpg'><img loading=\"lazy\" decoding=\"async\" width=\"300\" height=\"169\" src=\"https:\/\/katolicka-gimnazija.hr\/wp-content\/uploads\/2025\/05\/494227223_1247139147412821_6769847609258916050_n-300x169.jpg\" class=\"attachment-medium size-medium\" alt=\"\" srcset=\"https:\/\/katolicka-gimnazija.hr\/wp-content\/uploads\/2025\/05\/494227223_1247139147412821_6769847609258916050_n-300x169.jpg 300w, https:\/\/katolicka-gimnazija.hr\/wp-content\/uploads\/2025\/05\/494227223_1247139147412821_6769847609258916050_n-1024x577.jpg 1024w, https:\/\/katolicka-gimnazija.hr\/wp-content\/uploads\/2025\/05\/494227223_1247139147412821_6769847609258916050_n-768x433.jpg 768w, https:\/\/katolicka-gimnazija.hr\/wp-content\/uploads\/2025\/05\/494227223_1247139147412821_6769847609258916050_n-1536x866.jpg 1536w, https:\/\/katolicka-gimnazija.hr\/wp-content\/uploads\/2025\/05\/494227223_1247139147412821_6769847609258916050_n-400x225.jpg 400w, https:\/\/katolicka-gimnazija.hr\/wp-content\/uploads\/2025\/05\/494227223_1247139147412821_6769847609258916050_n.jpg 2048w\" sizes=\"auto, (max-width: 300px) 100vw, 300px\" \/><\/a>\n\t\t\t<\/div><\/figure><figure class='gallery-item'>\n\t\t\t<div class='gallery-icon landscape'>\n\t\t\t\t<a href='https:\/\/katolicka-gimnazija.hr\/wp-content\/uploads\/2025\/05\/494474017_1247134474079955_5596916318468126038_n.jpg'><img loading=\"lazy\" decoding=\"async\" width=\"300\" height=\"169\" src=\"https:\/\/katolicka-gimnazija.hr\/wp-content\/uploads\/2025\/05\/494474017_1247134474079955_5596916318468126038_n-300x169.jpg\" class=\"attachment-medium size-medium\" alt=\"\" srcset=\"https:\/\/katolicka-gimnazija.hr\/wp-content\/uploads\/2025\/05\/494474017_1247134474079955_5596916318468126038_n-300x169.jpg 300w, https:\/\/katolicka-gimnazija.hr\/wp-content\/uploads\/2025\/05\/494474017_1247134474079955_5596916318468126038_n-1024x577.jpg 1024w, https:\/\/katolicka-gimnazija.hr\/wp-content\/uploads\/2025\/05\/494474017_1247134474079955_5596916318468126038_n-768x433.jpg 768w, https:\/\/katolicka-gimnazija.hr\/wp-content\/uploads\/2025\/05\/494474017_1247134474079955_5596916318468126038_n-1536x866.jpg 1536w, https:\/\/katolicka-gimnazija.hr\/wp-content\/uploads\/2025\/05\/494474017_1247134474079955_5596916318468126038_n-400x225.jpg 400w, https:\/\/katolicka-gimnazija.hr\/wp-content\/uploads\/2025\/05\/494474017_1247134474079955_5596916318468126038_n.jpg 2048w\" sizes=\"auto, (max-width: 300px) 100vw, 300px\" \/><\/a>\n\t\t\t<\/div><\/figure><figure class='gallery-item'>\n\t\t\t<div class='gallery-icon landscape'>\n\t\t\t\t<a href='https:\/\/katolicka-gimnazija.hr\/wp-content\/uploads\/2025\/05\/494297087_1247134360746633_4484271367623687009_n.jpg'><img loading=\"lazy\" decoding=\"async\" width=\"300\" height=\"169\" src=\"https:\/\/katolicka-gimnazija.hr\/wp-content\/uploads\/2025\/05\/494297087_1247134360746633_4484271367623687009_n-300x169.jpg\" class=\"attachment-medium size-medium\" alt=\"\" srcset=\"https:\/\/katolicka-gimnazija.hr\/wp-content\/uploads\/2025\/05\/494297087_1247134360746633_4484271367623687009_n-300x169.jpg 300w, https:\/\/katolicka-gimnazija.hr\/wp-content\/uploads\/2025\/05\/494297087_1247134360746633_4484271367623687009_n-1024x577.jpg 1024w, https:\/\/katolicka-gimnazija.hr\/wp-content\/uploads\/2025\/05\/494297087_1247134360746633_4484271367623687009_n-768x433.jpg 768w, https:\/\/katolicka-gimnazija.hr\/wp-content\/uploads\/2025\/05\/494297087_1247134360746633_4484271367623687009_n-1536x866.jpg 1536w, https:\/\/katolicka-gimnazija.hr\/wp-content\/uploads\/2025\/05\/494297087_1247134360746633_4484271367623687009_n-400x225.jpg 400w, https:\/\/katolicka-gimnazija.hr\/wp-content\/uploads\/2025\/05\/494297087_1247134360746633_4484271367623687009_n.jpg 2048w\" sizes=\"auto, (max-width: 300px) 100vw, 300px\" \/><\/a>\n\t\t\t<\/div><\/figure><figure class='gallery-item'>\n\t\t\t<div class='gallery-icon landscape'>\n\t\t\t\t<a href='https:\/\/katolicka-gimnazija.hr\/wp-content\/uploads\/2025\/05\/494413929_1247137694079633_6551672647257965440_n.jpg'><img loading=\"lazy\" decoding=\"async\" width=\"300\" height=\"169\" src=\"https:\/\/katolicka-gimnazija.hr\/wp-content\/uploads\/2025\/05\/494413929_1247137694079633_6551672647257965440_n-300x169.jpg\" class=\"attachment-medium size-medium\" alt=\"\" srcset=\"https:\/\/katolicka-gimnazija.hr\/wp-content\/uploads\/2025\/05\/494413929_1247137694079633_6551672647257965440_n-300x169.jpg 300w, https:\/\/katolicka-gimnazija.hr\/wp-content\/uploads\/2025\/05\/494413929_1247137694079633_6551672647257965440_n-1024x577.jpg 1024w, https:\/\/katolicka-gimnazija.hr\/wp-content\/uploads\/2025\/05\/494413929_1247137694079633_6551672647257965440_n-768x433.jpg 768w, https:\/\/katolicka-gimnazija.hr\/wp-content\/uploads\/2025\/05\/494413929_1247137694079633_6551672647257965440_n-1536x866.jpg 1536w, https:\/\/katolicka-gimnazija.hr\/wp-content\/uploads\/2025\/05\/494413929_1247137694079633_6551672647257965440_n-400x225.jpg 400w, https:\/\/katolicka-gimnazija.hr\/wp-content\/uploads\/2025\/05\/494413929_1247137694079633_6551672647257965440_n.jpg 2048w\" sizes=\"auto, (max-width: 300px) 100vw, 300px\" \/><\/a>\n\t\t\t<\/div><\/figure><figure class='gallery-item'>\n\t\t\t<div class='gallery-icon landscape'>\n\t\t\t\t<a href='https:\/\/katolicka-gimnazija.hr\/wp-content\/uploads\/2025\/05\/494041607_1247133427413393_4644245135051978095_n.jpg'><img loading=\"lazy\" decoding=\"async\" width=\"300\" height=\"169\" src=\"https:\/\/katolicka-gimnazija.hr\/wp-content\/uploads\/2025\/05\/494041607_1247133427413393_4644245135051978095_n-300x169.jpg\" class=\"attachment-medium size-medium\" alt=\"\" srcset=\"https:\/\/katolicka-gimnazija.hr\/wp-content\/uploads\/2025\/05\/494041607_1247133427413393_4644245135051978095_n-300x169.jpg 300w, https:\/\/katolicka-gimnazija.hr\/wp-content\/uploads\/2025\/05\/494041607_1247133427413393_4644245135051978095_n-1024x577.jpg 1024w, https:\/\/katolicka-gimnazija.hr\/wp-content\/uploads\/2025\/05\/494041607_1247133427413393_4644245135051978095_n-768x433.jpg 768w, https:\/\/katolicka-gimnazija.hr\/wp-content\/uploads\/2025\/05\/494041607_1247133427413393_4644245135051978095_n-1536x866.jpg 1536w, https:\/\/katolicka-gimnazija.hr\/wp-content\/uploads\/2025\/05\/494041607_1247133427413393_4644245135051978095_n-400x225.jpg 400w, https:\/\/katolicka-gimnazija.hr\/wp-content\/uploads\/2025\/05\/494041607_1247133427413393_4644245135051978095_n.jpg 2048w\" sizes=\"auto, (max-width: 300px) 100vw, 300px\" \/><\/a>\n\t\t\t<\/div><\/figure><figure class='gallery-item'>\n\t\t\t<div class='gallery-icon landscape'>\n\t\t\t\t<a href='https:\/\/katolicka-gimnazija.hr\/wp-content\/uploads\/2025\/05\/495015738_1247132634080139_7245468760398614960_n.jpg'><img loading=\"lazy\" decoding=\"async\" width=\"300\" height=\"169\" src=\"https:\/\/katolicka-gimnazija.hr\/wp-content\/uploads\/2025\/05\/495015738_1247132634080139_7245468760398614960_n-300x169.jpg\" class=\"attachment-medium size-medium\" alt=\"\" srcset=\"https:\/\/katolicka-gimnazija.hr\/wp-content\/uploads\/2025\/05\/495015738_1247132634080139_7245468760398614960_n-300x169.jpg 300w, https:\/\/katolicka-gimnazija.hr\/wp-content\/uploads\/2025\/05\/495015738_1247132634080139_7245468760398614960_n-1024x577.jpg 1024w, https:\/\/katolicka-gimnazija.hr\/wp-content\/uploads\/2025\/05\/495015738_1247132634080139_7245468760398614960_n-768x433.jpg 768w, https:\/\/katolicka-gimnazija.hr\/wp-content\/uploads\/2025\/05\/495015738_1247132634080139_7245468760398614960_n-1536x866.jpg 1536w, https:\/\/katolicka-gimnazija.hr\/wp-content\/uploads\/2025\/05\/495015738_1247132634080139_7245468760398614960_n-400x225.jpg 400w, https:\/\/katolicka-gimnazija.hr\/wp-content\/uploads\/2025\/05\/495015738_1247132634080139_7245468760398614960_n.jpg 2048w\" sizes=\"auto, (max-width: 300px) 100vw, 300px\" \/><\/a>\n\t\t\t<\/div><\/figure><figure class='gallery-item'>\n\t\t\t<div class='gallery-icon landscape'>\n\t\t\t\t<a href='https:\/\/katolicka-gimnazija.hr\/wp-content\/uploads\/2025\/05\/494523519_1247138204079582_4880312074602085915_n.jpg'><img loading=\"lazy\" decoding=\"async\" width=\"300\" height=\"169\" src=\"https:\/\/katolicka-gimnazija.hr\/wp-content\/uploads\/2025\/05\/494523519_1247138204079582_4880312074602085915_n-300x169.jpg\" class=\"attachment-medium size-medium\" alt=\"\" srcset=\"https:\/\/katolicka-gimnazija.hr\/wp-content\/uploads\/2025\/05\/494523519_1247138204079582_4880312074602085915_n-300x169.jpg 300w, https:\/\/katolicka-gimnazija.hr\/wp-content\/uploads\/2025\/05\/494523519_1247138204079582_4880312074602085915_n-1024x577.jpg 1024w, https:\/\/katolicka-gimnazija.hr\/wp-content\/uploads\/2025\/05\/494523519_1247138204079582_4880312074602085915_n-768x433.jpg 768w, https:\/\/katolicka-gimnazija.hr\/wp-content\/uploads\/2025\/05\/494523519_1247138204079582_4880312074602085915_n-1536x866.jpg 1536w, https:\/\/katolicka-gimnazija.hr\/wp-content\/uploads\/2025\/05\/494523519_1247138204079582_4880312074602085915_n-400x225.jpg 400w, https:\/\/katolicka-gimnazija.hr\/wp-content\/uploads\/2025\/05\/494523519_1247138204079582_4880312074602085915_n.jpg 2048w\" sizes=\"auto, (max-width: 300px) 100vw, 300px\" \/><\/a>\n\t\t\t<\/div><\/figure><figure class='gallery-item'>\n\t\t\t<div class='gallery-icon landscape'>\n\t\t\t\t<a href='https:\/\/katolicka-gimnazija.hr\/wp-content\/uploads\/2025\/05\/494794312_1247131994080203_294938526475449124_n.jpg'><img loading=\"lazy\" decoding=\"async\" width=\"300\" height=\"169\" src=\"https:\/\/katolicka-gimnazija.hr\/wp-content\/uploads\/2025\/05\/494794312_1247131994080203_294938526475449124_n-300x169.jpg\" class=\"attachment-medium size-medium\" alt=\"\" srcset=\"https:\/\/katolicka-gimnazija.hr\/wp-content\/uploads\/2025\/05\/494794312_1247131994080203_294938526475449124_n-300x169.jpg 300w, https:\/\/katolicka-gimnazija.hr\/wp-content\/uploads\/2025\/05\/494794312_1247131994080203_294938526475449124_n-1024x577.jpg 1024w, https:\/\/katolicka-gimnazija.hr\/wp-content\/uploads\/2025\/05\/494794312_1247131994080203_294938526475449124_n-768x433.jpg 768w, https:\/\/katolicka-gimnazija.hr\/wp-content\/uploads\/2025\/05\/494794312_1247131994080203_294938526475449124_n-1536x866.jpg 1536w, https:\/\/katolicka-gimnazija.hr\/wp-content\/uploads\/2025\/05\/494794312_1247131994080203_294938526475449124_n-400x225.jpg 400w, https:\/\/katolicka-gimnazija.hr\/wp-content\/uploads\/2025\/05\/494794312_1247131994080203_294938526475449124_n.jpg 2048w\" sizes=\"auto, (max-width: 300px) 100vw, 300px\" \/><\/a>\n\t\t\t<\/div><\/figure><figure class='gallery-item'>\n\t\t\t<div class='gallery-icon landscape'>\n\t\t\t\t<a href='https:\/\/katolicka-gimnazija.hr\/wp-content\/uploads\/2025\/05\/495185785_1247138527412883_3225484782444281720_n.jpg'><img loading=\"lazy\" decoding=\"async\" width=\"300\" height=\"169\" src=\"https:\/\/katolicka-gimnazija.hr\/wp-content\/uploads\/2025\/05\/495185785_1247138527412883_3225484782444281720_n-300x169.jpg\" class=\"attachment-medium size-medium\" alt=\"\" srcset=\"https:\/\/katolicka-gimnazija.hr\/wp-content\/uploads\/2025\/05\/495185785_1247138527412883_3225484782444281720_n-300x169.jpg 300w, https:\/\/katolicka-gimnazija.hr\/wp-content\/uploads\/2025\/05\/495185785_1247138527412883_3225484782444281720_n-1024x577.jpg 1024w, https:\/\/katolicka-gimnazija.hr\/wp-content\/uploads\/2025\/05\/495185785_1247138527412883_3225484782444281720_n-768x433.jpg 768w, https:\/\/katolicka-gimnazija.hr\/wp-content\/uploads\/2025\/05\/495185785_1247138527412883_3225484782444281720_n-1536x866.jpg 1536w, https:\/\/katolicka-gimnazija.hr\/wp-content\/uploads\/2025\/05\/495185785_1247138527412883_3225484782444281720_n-400x225.jpg 400w, https:\/\/katolicka-gimnazija.hr\/wp-content\/uploads\/2025\/05\/495185785_1247138527412883_3225484782444281720_n.jpg 2048w\" sizes=\"auto, (max-width: 300px) 100vw, 300px\" \/><\/a>\n\t\t\t<\/div><\/figure><figure class='gallery-item'>\n\t\t\t<div class='gallery-icon landscape'>\n\t\t\t\t<a href='https:\/\/katolicka-gimnazija.hr\/wp-content\/uploads\/2025\/05\/494878275_1247134374079965_7536869612806436497_n.jpg'><img loading=\"lazy\" decoding=\"async\" width=\"300\" height=\"169\" src=\"https:\/\/katolicka-gimnazija.hr\/wp-content\/uploads\/2025\/05\/494878275_1247134374079965_7536869612806436497_n-300x169.jpg\" class=\"attachment-medium size-medium\" alt=\"\" srcset=\"https:\/\/katolicka-gimnazija.hr\/wp-content\/uploads\/2025\/05\/494878275_1247134374079965_7536869612806436497_n-300x169.jpg 300w, https:\/\/katolicka-gimnazija.hr\/wp-content\/uploads\/2025\/05\/494878275_1247134374079965_7536869612806436497_n-1024x577.jpg 1024w, https:\/\/katolicka-gimnazija.hr\/wp-content\/uploads\/2025\/05\/494878275_1247134374079965_7536869612806436497_n-768x433.jpg 768w, https:\/\/katolicka-gimnazija.hr\/wp-content\/uploads\/2025\/05\/494878275_1247134374079965_7536869612806436497_n-1536x866.jpg 1536w, https:\/\/katolicka-gimnazija.hr\/wp-content\/uploads\/2025\/05\/494878275_1247134374079965_7536869612806436497_n-400x225.jpg 400w, https:\/\/katolicka-gimnazija.hr\/wp-content\/uploads\/2025\/05\/494878275_1247134374079965_7536869612806436497_n.jpg 2048w\" sizes=\"auto, (max-width: 300px) 100vw, 300px\" \/><\/a>\n\t\t\t<\/div><\/figure><figure class='gallery-item'>\n\t\t\t<div class='gallery-icon landscape'>\n\t\t\t\t<a href='https:\/\/katolicka-gimnazija.hr\/wp-content\/uploads\/2025\/05\/494375897_1247134180746651_3306532650180727877_n.jpg'><img loading=\"lazy\" decoding=\"async\" width=\"300\" height=\"169\" src=\"https:\/\/katolicka-gimnazija.hr\/wp-content\/uploads\/2025\/05\/494375897_1247134180746651_3306532650180727877_n-300x169.jpg\" class=\"attachment-medium size-medium\" alt=\"\" srcset=\"https:\/\/katolicka-gimnazija.hr\/wp-content\/uploads\/2025\/05\/494375897_1247134180746651_3306532650180727877_n-300x169.jpg 300w, https:\/\/katolicka-gimnazija.hr\/wp-content\/uploads\/2025\/05\/494375897_1247134180746651_3306532650180727877_n-1024x577.jpg 1024w, https:\/\/katolicka-gimnazija.hr\/wp-content\/uploads\/2025\/05\/494375897_1247134180746651_3306532650180727877_n-768x433.jpg 768w, https:\/\/katolicka-gimnazija.hr\/wp-content\/uploads\/2025\/05\/494375897_1247134180746651_3306532650180727877_n-1536x866.jpg 1536w, https:\/\/katolicka-gimnazija.hr\/wp-content\/uploads\/2025\/05\/494375897_1247134180746651_3306532650180727877_n-400x225.jpg 400w, https:\/\/katolicka-gimnazija.hr\/wp-content\/uploads\/2025\/05\/494375897_1247134180746651_3306532650180727877_n.jpg 2048w\" sizes=\"auto, (max-width: 300px) 100vw, 300px\" \/><\/a>\n\t\t\t<\/div><\/figure><figure class='gallery-item'>\n\t\t\t<div class='gallery-icon landscape'>\n\t\t\t\t<a href='https:\/\/katolicka-gimnazija.hr\/wp-content\/uploads\/2025\/05\/494029773_1247132220746847_542528146976620084_n.jpg'><img loading=\"lazy\" decoding=\"async\" width=\"300\" height=\"169\" src=\"https:\/\/katolicka-gimnazija.hr\/wp-content\/uploads\/2025\/05\/494029773_1247132220746847_542528146976620084_n-300x169.jpg\" class=\"attachment-medium size-medium\" alt=\"\" srcset=\"https:\/\/katolicka-gimnazija.hr\/wp-content\/uploads\/2025\/05\/494029773_1247132220746847_542528146976620084_n-300x169.jpg 300w, https:\/\/katolicka-gimnazija.hr\/wp-content\/uploads\/2025\/05\/494029773_1247132220746847_542528146976620084_n-1024x577.jpg 1024w, https:\/\/katolicka-gimnazija.hr\/wp-content\/uploads\/2025\/05\/494029773_1247132220746847_542528146976620084_n-768x433.jpg 768w, https:\/\/katolicka-gimnazija.hr\/wp-content\/uploads\/2025\/05\/494029773_1247132220746847_542528146976620084_n-1536x866.jpg 1536w, https:\/\/katolicka-gimnazija.hr\/wp-content\/uploads\/2025\/05\/494029773_1247132220746847_542528146976620084_n-400x225.jpg 400w, https:\/\/katolicka-gimnazija.hr\/wp-content\/uploads\/2025\/05\/494029773_1247132220746847_542528146976620084_n.jpg 2048w\" sizes=\"auto, (max-width: 300px) 100vw, 300px\" \/><\/a>\n\t\t\t<\/div><\/figure><figure class='gallery-item'>\n\t\t\t<div class='gallery-icon landscape'>\n\t\t\t\t<a href='https:\/\/katolicka-gimnazija.hr\/wp-content\/uploads\/2025\/05\/494338222_1247138354079567_4803830739013858222_n.jpg'><img loading=\"lazy\" decoding=\"async\" width=\"300\" height=\"169\" src=\"https:\/\/katolicka-gimnazija.hr\/wp-content\/uploads\/2025\/05\/494338222_1247138354079567_4803830739013858222_n-300x169.jpg\" class=\"attachment-medium size-medium\" alt=\"\" srcset=\"https:\/\/katolicka-gimnazija.hr\/wp-content\/uploads\/2025\/05\/494338222_1247138354079567_4803830739013858222_n-300x169.jpg 300w, https:\/\/katolicka-gimnazija.hr\/wp-content\/uploads\/2025\/05\/494338222_1247138354079567_4803830739013858222_n-1024x577.jpg 1024w, https:\/\/katolicka-gimnazija.hr\/wp-content\/uploads\/2025\/05\/494338222_1247138354079567_4803830739013858222_n-768x433.jpg 768w, https:\/\/katolicka-gimnazija.hr\/wp-content\/uploads\/2025\/05\/494338222_1247138354079567_4803830739013858222_n-1536x866.jpg 1536w, https:\/\/katolicka-gimnazija.hr\/wp-content\/uploads\/2025\/05\/494338222_1247138354079567_4803830739013858222_n-400x225.jpg 400w, https:\/\/katolicka-gimnazija.hr\/wp-content\/uploads\/2025\/05\/494338222_1247138354079567_4803830739013858222_n.jpg 2048w\" sizes=\"auto, (max-width: 300px) 100vw, 300px\" \/><\/a>\n\t\t\t<\/div><\/figure><figure class='gallery-item'>\n\t\t\t<div class='gallery-icon landscape'>\n\t\t\t\t<a href='https:\/\/katolicka-gimnazija.hr\/wp-content\/uploads\/2025\/05\/494349137_1247135084079894_8316927843115471900_n.jpg'><img loading=\"lazy\" decoding=\"async\" width=\"300\" height=\"169\" src=\"https:\/\/katolicka-gimnazija.hr\/wp-content\/uploads\/2025\/05\/494349137_1247135084079894_8316927843115471900_n-300x169.jpg\" class=\"attachment-medium size-medium\" alt=\"\" srcset=\"https:\/\/katolicka-gimnazija.hr\/wp-content\/uploads\/2025\/05\/494349137_1247135084079894_8316927843115471900_n-300x169.jpg 300w, https:\/\/katolicka-gimnazija.hr\/wp-content\/uploads\/2025\/05\/494349137_1247135084079894_8316927843115471900_n-1024x577.jpg 1024w, https:\/\/katolicka-gimnazija.hr\/wp-content\/uploads\/2025\/05\/494349137_1247135084079894_8316927843115471900_n-768x433.jpg 768w, https:\/\/katolicka-gimnazija.hr\/wp-content\/uploads\/2025\/05\/494349137_1247135084079894_8316927843115471900_n-1536x866.jpg 1536w, https:\/\/katolicka-gimnazija.hr\/wp-content\/uploads\/2025\/05\/494349137_1247135084079894_8316927843115471900_n-400x225.jpg 400w, https:\/\/katolicka-gimnazija.hr\/wp-content\/uploads\/2025\/05\/494349137_1247135084079894_8316927843115471900_n.jpg 2048w\" sizes=\"auto, (max-width: 300px) 100vw, 300px\" \/><\/a>\n\t\t\t<\/div><\/figure><figure class='gallery-item'>\n\t\t\t<div class='gallery-icon landscape'>\n\t\t\t\t<a href='https:\/\/katolicka-gimnazija.hr\/wp-content\/uploads\/2025\/05\/494832613_1247131980746871_7861833377039407460_n.jpg'><img loading=\"lazy\" decoding=\"async\" width=\"300\" height=\"166\" src=\"https:\/\/katolicka-gimnazija.hr\/wp-content\/uploads\/2025\/05\/494832613_1247131980746871_7861833377039407460_n-300x166.jpg\" class=\"attachment-medium size-medium\" alt=\"\" srcset=\"https:\/\/katolicka-gimnazija.hr\/wp-content\/uploads\/2025\/05\/494832613_1247131980746871_7861833377039407460_n-300x166.jpg 300w, https:\/\/katolicka-gimnazija.hr\/wp-content\/uploads\/2025\/05\/494832613_1247131980746871_7861833377039407460_n-1024x568.jpg 1024w, https:\/\/katolicka-gimnazija.hr\/wp-content\/uploads\/2025\/05\/494832613_1247131980746871_7861833377039407460_n-768x426.jpg 768w, https:\/\/katolicka-gimnazija.hr\/wp-content\/uploads\/2025\/05\/494832613_1247131980746871_7861833377039407460_n-1536x852.jpg 1536w, https:\/\/katolicka-gimnazija.hr\/wp-content\/uploads\/2025\/05\/494832613_1247131980746871_7861833377039407460_n-400x222.jpg 400w, https:\/\/katolicka-gimnazija.hr\/wp-content\/uploads\/2025\/05\/494832613_1247131980746871_7861833377039407460_n.jpg 2048w\" sizes=\"auto, (max-width: 300px) 100vw, 300px\" \/><\/a>\n\t\t\t<\/div><\/figure><figure class='gallery-item'>\n\t\t\t<div class='gallery-icon landscape'>\n\t\t\t\t<a href='https:\/\/katolicka-gimnazija.hr\/wp-content\/uploads\/2025\/05\/494554644_1247138760746193_5388528210822075962_n.jpg'><img loading=\"lazy\" decoding=\"async\" width=\"300\" height=\"169\" src=\"https:\/\/katolicka-gimnazija.hr\/wp-content\/uploads\/2025\/05\/494554644_1247138760746193_5388528210822075962_n-300x169.jpg\" class=\"attachment-medium size-medium\" alt=\"\" srcset=\"https:\/\/katolicka-gimnazija.hr\/wp-content\/uploads\/2025\/05\/494554644_1247138760746193_5388528210822075962_n-300x169.jpg 300w, https:\/\/katolicka-gimnazija.hr\/wp-content\/uploads\/2025\/05\/494554644_1247138760746193_5388528210822075962_n-1024x577.jpg 1024w, https:\/\/katolicka-gimnazija.hr\/wp-content\/uploads\/2025\/05\/494554644_1247138760746193_5388528210822075962_n-768x433.jpg 768w, https:\/\/katolicka-gimnazija.hr\/wp-content\/uploads\/2025\/05\/494554644_1247138760746193_5388528210822075962_n-1536x866.jpg 1536w, https:\/\/katolicka-gimnazija.hr\/wp-content\/uploads\/2025\/05\/494554644_1247138760746193_5388528210822075962_n-400x225.jpg 400w, https:\/\/katolicka-gimnazija.hr\/wp-content\/uploads\/2025\/05\/494554644_1247138760746193_5388528210822075962_n.jpg 2048w\" sizes=\"auto, (max-width: 300px) 100vw, 300px\" \/><\/a>\n\t\t\t<\/div><\/figure><figure class='gallery-item'>\n\t\t\t<div class='gallery-icon landscape'>\n\t\t\t\t<a href='https:\/\/katolicka-gimnazija.hr\/wp-content\/uploads\/2025\/05\/495120892_1247139084079494_3616177290377385354_n.jpg'><img loading=\"lazy\" decoding=\"async\" width=\"300\" height=\"169\" src=\"https:\/\/katolicka-gimnazija.hr\/wp-content\/uploads\/2025\/05\/495120892_1247139084079494_3616177290377385354_n-300x169.jpg\" class=\"attachment-medium size-medium\" alt=\"\" srcset=\"https:\/\/katolicka-gimnazija.hr\/wp-content\/uploads\/2025\/05\/495120892_1247139084079494_3616177290377385354_n-300x169.jpg 300w, https:\/\/katolicka-gimnazija.hr\/wp-content\/uploads\/2025\/05\/495120892_1247139084079494_3616177290377385354_n-1024x577.jpg 1024w, https:\/\/katolicka-gimnazija.hr\/wp-content\/uploads\/2025\/05\/495120892_1247139084079494_3616177290377385354_n-768x433.jpg 768w, https:\/\/katolicka-gimnazija.hr\/wp-content\/uploads\/2025\/05\/495120892_1247139084079494_3616177290377385354_n-1536x866.jpg 1536w, https:\/\/katolicka-gimnazija.hr\/wp-content\/uploads\/2025\/05\/495120892_1247139084079494_3616177290377385354_n-400x225.jpg 400w, https:\/\/katolicka-gimnazija.hr\/wp-content\/uploads\/2025\/05\/495120892_1247139084079494_3616177290377385354_n.jpg 2048w\" sizes=\"auto, (max-width: 300px) 100vw, 300px\" \/><\/a>\n\t\t\t<\/div><\/figure><figure class='gallery-item'>\n\t\t\t<div class='gallery-icon landscape'>\n\t\t\t\t<a href='https:\/\/katolicka-gimnazija.hr\/wp-content\/uploads\/2025\/05\/494744089_1247135810746488_2271209684938827887_n.jpg'><img loading=\"lazy\" decoding=\"async\" width=\"300\" height=\"169\" src=\"https:\/\/katolicka-gimnazija.hr\/wp-content\/uploads\/2025\/05\/494744089_1247135810746488_2271209684938827887_n-300x169.jpg\" class=\"attachment-medium size-medium\" alt=\"\" srcset=\"https:\/\/katolicka-gimnazija.hr\/wp-content\/uploads\/2025\/05\/494744089_1247135810746488_2271209684938827887_n-300x169.jpg 300w, https:\/\/katolicka-gimnazija.hr\/wp-content\/uploads\/2025\/05\/494744089_1247135810746488_2271209684938827887_n-1024x577.jpg 1024w, https:\/\/katolicka-gimnazija.hr\/wp-content\/uploads\/2025\/05\/494744089_1247135810746488_2271209684938827887_n-768x433.jpg 768w, https:\/\/katolicka-gimnazija.hr\/wp-content\/uploads\/2025\/05\/494744089_1247135810746488_2271209684938827887_n-1536x866.jpg 1536w, https:\/\/katolicka-gimnazija.hr\/wp-content\/uploads\/2025\/05\/494744089_1247135810746488_2271209684938827887_n-400x225.jpg 400w, https:\/\/katolicka-gimnazija.hr\/wp-content\/uploads\/2025\/05\/494744089_1247135810746488_2271209684938827887_n.jpg 2048w\" sizes=\"auto, (max-width: 300px) 100vw, 300px\" \/><\/a>\n\t\t\t<\/div><\/figure><figure class='gallery-item'>\n\t\t\t<div class='gallery-icon landscape'>\n\t\t\t\t<a href='https:\/\/katolicka-gimnazija.hr\/wp-content\/uploads\/2025\/05\/495001154_1247134934079909_4947736066389281941_n.jpg'><img loading=\"lazy\" decoding=\"async\" width=\"300\" height=\"169\" src=\"https:\/\/katolicka-gimnazija.hr\/wp-content\/uploads\/2025\/05\/495001154_1247134934079909_4947736066389281941_n-300x169.jpg\" class=\"attachment-medium size-medium\" alt=\"\" srcset=\"https:\/\/katolicka-gimnazija.hr\/wp-content\/uploads\/2025\/05\/495001154_1247134934079909_4947736066389281941_n-300x169.jpg 300w, https:\/\/katolicka-gimnazija.hr\/wp-content\/uploads\/2025\/05\/495001154_1247134934079909_4947736066389281941_n-1024x577.jpg 1024w, https:\/\/katolicka-gimnazija.hr\/wp-content\/uploads\/2025\/05\/495001154_1247134934079909_4947736066389281941_n-768x433.jpg 768w, https:\/\/katolicka-gimnazija.hr\/wp-content\/uploads\/2025\/05\/495001154_1247134934079909_4947736066389281941_n-1536x866.jpg 1536w, https:\/\/katolicka-gimnazija.hr\/wp-content\/uploads\/2025\/05\/495001154_1247134934079909_4947736066389281941_n-400x225.jpg 400w, https:\/\/katolicka-gimnazija.hr\/wp-content\/uploads\/2025\/05\/495001154_1247134934079909_4947736066389281941_n.jpg 2048w\" sizes=\"auto, (max-width: 300px) 100vw, 300px\" \/><\/a>\n\t\t\t<\/div><\/figure>\n\t\t<\/div>\n\n","protected":false},"excerpt":{"rendered":"<p>Nema dana otvorenih vrata na kojem mo\u017ee\u0161 prikazati sve \u0161to neka \u0161kola pru\u017ea, ali se mo\u017ee osjetiti barem djeli\u0107 atmosfere kojom \u0161kola zra\u010di. Mi imamo dr\u017eavne prvake, mi sudjelujemo na dr\u017eavnim i \u017eupanijskim natjecanjima, na\u0161i su sporta\u0161i izvrsni i uzorni, na\u0161i su \u0111aci volonteri velika srca, ali i hrabri planinari, na\u0161i u\u010denici istra\u017euju, otkrivaju, planiraju [&hellip;]<\/p>\n","protected":false},"author":1,"featured_media":32574,"comment_status":"closed","ping_status":"closed","sticky":false,"template":"","format":"standard","meta":{"footnotes":""},"categories":[4,215,211,210,2],"tags":[],"class_list":["post-32551","post","type-post","status-publish","format-standard","has-post-thumbnail","hentry","category-fotogalerije","category-kg-direkt","category-predavanja","category-sport","category-vijesti"],"_links":{"self":[{"href":"https:\/\/katolicka-gimnazija.hr\/index.php\/wp-json\/wp\/v2\/posts\/32551","targetHints":{"allow":["GET"]}}],"collection":[{"href":"https:\/\/katolicka-gimnazija.hr\/index.php\/wp-json\/wp\/v2\/posts"}],"about":[{"href":"https:\/\/katolicka-gimnazija.hr\/index.php\/wp-json\/wp\/v2\/types\/post"}],"author":[{"embeddable":true,"href":"https:\/\/katolicka-gimnazija.hr\/index.php\/wp-json\/wp\/v2\/users\/1"}],"replies":[{"embeddable":true,"href":"https:\/\/katolicka-gimnazija.hr\/index.php\/wp-json\/wp\/v2\/comments?post=32551"}],"version-history":[{"count":1,"href":"https:\/\/katolicka-gimnazija.hr\/index.php\/wp-json\/wp\/v2\/posts\/32551\/revisions"}],"predecessor-version":[{"id":32583,"href":"https:\/\/katolicka-gimnazija.hr\/index.php\/wp-json\/wp\/v2\/posts\/32551\/revisions\/32583"}],"wp:featuredmedia":[{"embeddable":true,"href":"https:\/\/katolicka-gimnazija.hr\/index.php\/wp-json\/wp\/v2\/media\/32574"}],"wp:attachment":[{"href":"https:\/\/katolicka-gimnazija.hr\/index.php\/wp-json\/wp\/v2\/media?parent=32551"}],"wp:term":[{"taxonomy":"category","embeddable":true,"href":"https:\/\/katolicka-gimnazija.hr\/index.php\/wp-json\/wp\/v2\/categories?post=32551"},{"taxonomy":"post_tag","embeddable":true,"href":"https:\/\/katolicka-gimnazija.hr\/index.php\/wp-json\/wp\/v2\/tags?post=32551"}],"curies":[{"name":"wp","href":"https:\/\/api.w.org\/{rel}","templated":true}]}}