{"id":32777,"date":"2025-06-13T08:57:29","date_gmt":"2025-06-13T06:57:29","guid":{"rendered":"https:\/\/katolicka-gimnazija.hr\/?p=32777"},"modified":"2025-06-13T08:57:29","modified_gmt":"2025-06-13T06:57:29","slug":"zavrsna-konferencija-spd-a-pegaz","status":"publish","type":"post","link":"https:\/\/katolicka-gimnazija.hr\/index.php\/2025\/06\/13\/zavrsna-konferencija-spd-a-pegaz\/","title":{"rendered":"Zavr\u0161na konferencija \u0160PD-a &#8220;Pegaz&#8221;"},"content":{"rendered":"<p>Prvi projekt \u0160kolskog planinarskog dru\u0161tva &#8220;Pegaz&#8221; <strong>Mentis cura in natura<\/strong> gotovo je realiziran, preostalo je jo\u0161 samo zahvalno hodo\u010da\u0161\u0107e Gospi od Suza koje se tradicionalno realizira u kolovozu. Budu\u0107i da je nastavna godina pri kraju, \u0160PD &#8220;Pegaz&#8221; uprili\u010dilo je 12. lipnja zavr\u0161nu konferenciju u Dvorani znanja Gradske knji\u017enice Po\u017eega. Pred svojim gostima &#8211; profesorima, roditeljima i prijateljima, u\u010denici su predstavili sve jednodnevne i vi\u0161ednevne pohode koje su uspje\u0161no realizirali u sklopu projekta.<\/p>\n<p><a href=\"https:\/\/katolicka-gimnazija.hr\/wp-content\/uploads\/2025\/06\/DSCF4823.jpg\"><img loading=\"lazy\" decoding=\"async\" class=\"size-medium wp-image-32803 alignright\" src=\"https:\/\/katolicka-gimnazija.hr\/wp-content\/uploads\/2025\/06\/DSCF4823-300x169.jpg\" alt=\"\" width=\"300\" height=\"169\" srcset=\"https:\/\/katolicka-gimnazija.hr\/wp-content\/uploads\/2025\/06\/DSCF4823-300x169.jpg 300w, https:\/\/katolicka-gimnazija.hr\/wp-content\/uploads\/2025\/06\/DSCF4823-1024x577.jpg 1024w, https:\/\/katolicka-gimnazija.hr\/wp-content\/uploads\/2025\/06\/DSCF4823-768x433.jpg 768w, https:\/\/katolicka-gimnazija.hr\/wp-content\/uploads\/2025\/06\/DSCF4823-1536x865.jpg 1536w, https:\/\/katolicka-gimnazija.hr\/wp-content\/uploads\/2025\/06\/DSCF4823-2048x1154.jpg 2048w, https:\/\/katolicka-gimnazija.hr\/wp-content\/uploads\/2025\/06\/DSCF4823-400x225.jpg 400w\" sizes=\"auto, (max-width: 300px) 100vw, 300px\" \/><\/a>Na po\u010detku konferencije prisutnima se obratio voditelj dru\u0161tva prof. Miroslav Pauli\u0107 rekav\u0161i da je &#8220;Pegaz&#8221;\u00a0<em>izvan\u0161kolska aktivnost Katoli\u010dke gimnazije javnosti koja okuplja prije svega zaljubljenike u planinarenje, prirodu i dru\u017eenje izvan \u0161kole.\u00a0Ciljanim planinarskim pohodima u\u010denici se odmi\u010du iz svakodnevice i ustaljenih (ne)navika, u ambijentu bez signala upu\u0107eni su jedni na druge i prirodu oko sebe, razvijaju zajedni\u0161tvo, privr\u017eenost \u0161kolskoj zajednici, osje\u0107aj blizine kao i povjerenja jednih u druge<\/em>. A potom je naglasio da <em>\u0160PD \u201ePegaz\u201c, kao dobro formirana i organizirana zajednica, itekako mo\u017ee biti okru\u017eenje unutar kojeg se svaki u\u010denik mo\u017ee osje\u0107ati dobro, ako ne i bolje. <\/em><em>Upravo smo zato osmislili projekt Mentis cura in natura kako bismo mi kao dru\u0161tvo doprinijeli da se i drugi u\u010denici u na\u0161em zajedni\u0161tvu osje\u0107aju bolje, prihva\u0107enije, a mo\u017eda i prepoznaju kao budu\u0107i planinari,<\/em> zaklju\u010dio je prof. Pauli\u0107.<\/p>\n<p>Potom su \u010dlanice dru\u0161tva Lana, Laura i Ema predstavile pohode: Gornji Lipovac, Dona\u010dka gora (SLO), Zimski Papuk, Staza sedam slapova, Vla\u0161i\u0107 (BiH) i Petrov vrh ponovno isti\u010du\u0107i da se u ljepotama prirode, u izazovnosti pohoda jo\u0161 vi\u0161e razvija zajedni\u0161tvo me\u0111u \u010dlanovima dru\u0161tva koji su u prirodi upu\u0107eni jedni na druge.<\/p>\n<p>Prisutnima se kratko obratio prof. Frano Bari\u0161i\u0107, iskusni planinar i alpinist te \u010dlan HPD-a &#8220;Gojzerica&#8221;, koji je iznio svoje iskustvo prvih pohoda u ozbiljnije planine, objasnio kolika je dobrobit planinarenja za fizi\u010dko zdravlje, ali i ponovio vrijednost ovakvog tipa izvan\u0161kolske aktivnost za razvijanje socioemocinalnih i \u017eivotnih vje\u0161tina.<\/p>\n<p><a href=\"https:\/\/katolicka-gimnazija.hr\/wp-content\/uploads\/2025\/06\/DSCF4869.jpg\"><img loading=\"lazy\" decoding=\"async\" class=\"size-medium wp-image-32791 alignleft\" src=\"https:\/\/katolicka-gimnazija.hr\/wp-content\/uploads\/2025\/06\/DSCF4869-300x169.jpg\" alt=\"\" width=\"300\" height=\"169\" srcset=\"https:\/\/katolicka-gimnazija.hr\/wp-content\/uploads\/2025\/06\/DSCF4869-300x169.jpg 300w, https:\/\/katolicka-gimnazija.hr\/wp-content\/uploads\/2025\/06\/DSCF4869-1024x577.jpg 1024w, https:\/\/katolicka-gimnazija.hr\/wp-content\/uploads\/2025\/06\/DSCF4869-768x433.jpg 768w, https:\/\/katolicka-gimnazija.hr\/wp-content\/uploads\/2025\/06\/DSCF4869-1536x865.jpg 1536w, https:\/\/katolicka-gimnazija.hr\/wp-content\/uploads\/2025\/06\/DSCF4869-2048x1154.jpg 2048w, https:\/\/katolicka-gimnazija.hr\/wp-content\/uploads\/2025\/06\/DSCF4869-400x225.jpg 400w\" sizes=\"auto, (max-width: 300px) 100vw, 300px\" \/><\/a>Nakon njega sve prisutne odu\u0161evio je i \u0111akon Po\u017ee\u0161ke biskupije Antun Stipi\u0107 koji je podsjetio da je brdo oduvijek, od najstarijih vremena, u Starom zavjetu \u017didovima, pa i nama kr\u0161\u0107anima uvijek predstavljalo mjesto koje je bli\u017ee Bogu. To mjesto je redovito slika Bo\u017eja kojoj se divimo u zajedni\u0161tvu onih s kojima provodimo vrijeme u prirodi. Objasnio je kako svatko od nas ima svoju motivaciju za\u0161to se upu\u0161ta u planinarenje te poru\u010dio da <em>sa svakim novim usponom u visine sve vi\u0161e zaranjamo u dubine svoga odnosa s Bogom.\u00a0<\/em><\/p>\n<p>U drugom dijelu programa uprili\u010den je mali simboli\u010dni trenutak opro\u0161taja od maturanata i zahvala za njihov doprinos, osobito u ovom projektu, te su im dodijeljeni simboli\u010dni pokloni &#8211; majice s Pegazovim logom i njihovim imenima.<\/p>\n<p>Prije samoga kraja programa prisutnima se obratio i ravnatelj prof. Ivan Bedeni\u010di\u0107 ponoviv\u0161i da je ponosan \u0161to mi kao \u0160kola uspijevamo u\u010denike i pou\u010davati, ali i odgajati i odu\u0161evljavati i to tako da na kraju njihova \u0161kolovanja svatko o njima mo\u017ee re\u0107i &#8211; to je dobar \u010dovjek, to su dobri ljudi.<\/p>\n<p>Na kraju konferencije prof. Pauli\u0107 jo\u0161 se jednom zahvalio prisutnima na dolasku, ravnatelju i roditeljima na podr\u0161ci i povjerenju koje su imali svaki put kada su svoju djecu slali na pohode koji nisu uvijek bili lagani. Dru\u017eenje je potom nastavljeno na Galeriji svjetlosti gdje je, kako i doli\u010di, uprili\u010den i mali domjenak.<\/p>\n<div id='gallery-1' class='gallery galleryid-32777 gallery-columns-3 gallery-size-medium'><figure class='gallery-item'>\n\t\t\t<div class='gallery-icon landscape'>\n\t\t\t\t<a href='https:\/\/katolicka-gimnazija.hr\/wp-content\/uploads\/2025\/06\/DSCF4897.jpg'><img loading=\"lazy\" decoding=\"async\" width=\"300\" height=\"169\" src=\"https:\/\/katolicka-gimnazija.hr\/wp-content\/uploads\/2025\/06\/DSCF4897-300x169.jpg\" class=\"attachment-medium size-medium\" alt=\"\" srcset=\"https:\/\/katolicka-gimnazija.hr\/wp-content\/uploads\/2025\/06\/DSCF4897-300x169.jpg 300w, https:\/\/katolicka-gimnazija.hr\/wp-content\/uploads\/2025\/06\/DSCF4897-1024x577.jpg 1024w, https:\/\/katolicka-gimnazija.hr\/wp-content\/uploads\/2025\/06\/DSCF4897-768x433.jpg 768w, https:\/\/katolicka-gimnazija.hr\/wp-content\/uploads\/2025\/06\/DSCF4897-1536x865.jpg 1536w, https:\/\/katolicka-gimnazija.hr\/wp-content\/uploads\/2025\/06\/DSCF4897-2048x1154.jpg 2048w, https:\/\/katolicka-gimnazija.hr\/wp-content\/uploads\/2025\/06\/DSCF4897-400x225.jpg 400w\" sizes=\"auto, (max-width: 300px) 100vw, 300px\" \/><\/a>\n\t\t\t<\/div><\/figure><figure class='gallery-item'>\n\t\t\t<div class='gallery-icon portrait'>\n\t\t\t\t<a href='https:\/\/katolicka-gimnazija.hr\/wp-content\/uploads\/2025\/06\/DSCF4843-rotated.jpg'><img loading=\"lazy\" decoding=\"async\" width=\"169\" height=\"300\" src=\"https:\/\/katolicka-gimnazija.hr\/wp-content\/uploads\/2025\/06\/DSCF4843-169x300.jpg\" class=\"attachment-medium size-medium\" alt=\"\" srcset=\"https:\/\/katolicka-gimnazija.hr\/wp-content\/uploads\/2025\/06\/DSCF4843-169x300.jpg 169w, https:\/\/katolicka-gimnazija.hr\/wp-content\/uploads\/2025\/06\/DSCF4843-577x1024.jpg 577w, https:\/\/katolicka-gimnazija.hr\/wp-content\/uploads\/2025\/06\/DSCF4843-768x1363.jpg 768w, https:\/\/katolicka-gimnazija.hr\/wp-content\/uploads\/2025\/06\/DSCF4843-865x1536.jpg 865w, https:\/\/katolicka-gimnazija.hr\/wp-content\/uploads\/2025\/06\/DSCF4843-1154x2048.jpg 1154w, https:\/\/katolicka-gimnazija.hr\/wp-content\/uploads\/2025\/06\/DSCF4843-rotated.jpg 1244w\" sizes=\"auto, (max-width: 169px) 100vw, 169px\" \/><\/a>\n\t\t\t<\/div><\/figure><figure class='gallery-item'>\n\t\t\t<div class='gallery-icon landscape'>\n\t\t\t\t<a href='https:\/\/katolicka-gimnazija.hr\/wp-content\/uploads\/2025\/06\/DSCF4810.jpg'><img loading=\"lazy\" decoding=\"async\" width=\"300\" height=\"169\" src=\"https:\/\/katolicka-gimnazija.hr\/wp-content\/uploads\/2025\/06\/DSCF4810-300x169.jpg\" class=\"attachment-medium size-medium\" alt=\"\" srcset=\"https:\/\/katolicka-gimnazija.hr\/wp-content\/uploads\/2025\/06\/DSCF4810-300x169.jpg 300w, https:\/\/katolicka-gimnazija.hr\/wp-content\/uploads\/2025\/06\/DSCF4810-1024x577.jpg 1024w, https:\/\/katolicka-gimnazija.hr\/wp-content\/uploads\/2025\/06\/DSCF4810-768x433.jpg 768w, https:\/\/katolicka-gimnazija.hr\/wp-content\/uploads\/2025\/06\/DSCF4810-1536x865.jpg 1536w, https:\/\/katolicka-gimnazija.hr\/wp-content\/uploads\/2025\/06\/DSCF4810-2048x1154.jpg 2048w, https:\/\/katolicka-gimnazija.hr\/wp-content\/uploads\/2025\/06\/DSCF4810-400x225.jpg 400w\" sizes=\"auto, (max-width: 300px) 100vw, 300px\" \/><\/a>\n\t\t\t<\/div><\/figure><figure class='gallery-item'>\n\t\t\t<div class='gallery-icon portrait'>\n\t\t\t\t<a href='https:\/\/katolicka-gimnazija.hr\/wp-content\/uploads\/2025\/06\/DSCF4850-rotated.jpg'><img loading=\"lazy\" decoding=\"async\" width=\"169\" height=\"300\" src=\"https:\/\/katolicka-gimnazija.hr\/wp-content\/uploads\/2025\/06\/DSCF4850-169x300.jpg\" class=\"attachment-medium size-medium\" alt=\"\" srcset=\"https:\/\/katolicka-gimnazija.hr\/wp-content\/uploads\/2025\/06\/DSCF4850-169x300.jpg 169w, https:\/\/katolicka-gimnazija.hr\/wp-content\/uploads\/2025\/06\/DSCF4850-577x1024.jpg 577w, https:\/\/katolicka-gimnazija.hr\/wp-content\/uploads\/2025\/06\/DSCF4850-768x1363.jpg 768w, https:\/\/katolicka-gimnazija.hr\/wp-content\/uploads\/2025\/06\/DSCF4850-865x1536.jpg 865w, https:\/\/katolicka-gimnazija.hr\/wp-content\/uploads\/2025\/06\/DSCF4850-1154x2048.jpg 1154w, https:\/\/katolicka-gimnazija.hr\/wp-content\/uploads\/2025\/06\/DSCF4850-rotated.jpg 1244w\" sizes=\"auto, (max-width: 169px) 100vw, 169px\" \/><\/a>\n\t\t\t<\/div><\/figure><figure class='gallery-item'>\n\t\t\t<div class='gallery-icon landscape'>\n\t\t\t\t<a href='https:\/\/katolicka-gimnazija.hr\/wp-content\/uploads\/2025\/06\/DSCF4835.jpg'><img loading=\"lazy\" decoding=\"async\" width=\"300\" height=\"169\" src=\"https:\/\/katolicka-gimnazija.hr\/wp-content\/uploads\/2025\/06\/DSCF4835-300x169.jpg\" class=\"attachment-medium size-medium\" alt=\"\" srcset=\"https:\/\/katolicka-gimnazija.hr\/wp-content\/uploads\/2025\/06\/DSCF4835-300x169.jpg 300w, https:\/\/katolicka-gimnazija.hr\/wp-content\/uploads\/2025\/06\/DSCF4835-1024x577.jpg 1024w, https:\/\/katolicka-gimnazija.hr\/wp-content\/uploads\/2025\/06\/DSCF4835-768x433.jpg 768w, https:\/\/katolicka-gimnazija.hr\/wp-content\/uploads\/2025\/06\/DSCF4835-1536x865.jpg 1536w, https:\/\/katolicka-gimnazija.hr\/wp-content\/uploads\/2025\/06\/DSCF4835-2048x1154.jpg 2048w, https:\/\/katolicka-gimnazija.hr\/wp-content\/uploads\/2025\/06\/DSCF4835-400x225.jpg 400w\" sizes=\"auto, (max-width: 300px) 100vw, 300px\" \/><\/a>\n\t\t\t<\/div><\/figure><figure class='gallery-item'>\n\t\t\t<div class='gallery-icon portrait'>\n\t\t\t\t<a href='https:\/\/katolicka-gimnazija.hr\/wp-content\/uploads\/2025\/06\/DSCF4860-rotated.jpg'><img loading=\"lazy\" decoding=\"async\" width=\"169\" height=\"300\" src=\"https:\/\/katolicka-gimnazija.hr\/wp-content\/uploads\/2025\/06\/DSCF4860-169x300.jpg\" class=\"attachment-medium size-medium\" alt=\"\" srcset=\"https:\/\/katolicka-gimnazija.hr\/wp-content\/uploads\/2025\/06\/DSCF4860-169x300.jpg 169w, https:\/\/katolicka-gimnazija.hr\/wp-content\/uploads\/2025\/06\/DSCF4860-577x1024.jpg 577w, https:\/\/katolicka-gimnazija.hr\/wp-content\/uploads\/2025\/06\/DSCF4860-768x1363.jpg 768w, https:\/\/katolicka-gimnazija.hr\/wp-content\/uploads\/2025\/06\/DSCF4860-865x1536.jpg 865w, https:\/\/katolicka-gimnazija.hr\/wp-content\/uploads\/2025\/06\/DSCF4860-1154x2048.jpg 1154w, https:\/\/katolicka-gimnazija.hr\/wp-content\/uploads\/2025\/06\/DSCF4860-rotated.jpg 1244w\" sizes=\"auto, (max-width: 169px) 100vw, 169px\" \/><\/a>\n\t\t\t<\/div><\/figure><figure class='gallery-item'>\n\t\t\t<div class='gallery-icon landscape'>\n\t\t\t\t<a href='https:\/\/katolicka-gimnazija.hr\/wp-content\/uploads\/2025\/06\/DSCF4827.jpg'><img loading=\"lazy\" decoding=\"async\" width=\"300\" height=\"169\" src=\"https:\/\/katolicka-gimnazija.hr\/wp-content\/uploads\/2025\/06\/DSCF4827-300x169.jpg\" class=\"attachment-medium size-medium\" alt=\"\" srcset=\"https:\/\/katolicka-gimnazija.hr\/wp-content\/uploads\/2025\/06\/DSCF4827-300x169.jpg 300w, https:\/\/katolicka-gimnazija.hr\/wp-content\/uploads\/2025\/06\/DSCF4827-1024x577.jpg 1024w, https:\/\/katolicka-gimnazija.hr\/wp-content\/uploads\/2025\/06\/DSCF4827-768x433.jpg 768w, https:\/\/katolicka-gimnazija.hr\/wp-content\/uploads\/2025\/06\/DSCF4827-1536x865.jpg 1536w, https:\/\/katolicka-gimnazija.hr\/wp-content\/uploads\/2025\/06\/DSCF4827-2048x1154.jpg 2048w, https:\/\/katolicka-gimnazija.hr\/wp-content\/uploads\/2025\/06\/DSCF4827-400x225.jpg 400w\" sizes=\"auto, (max-width: 300px) 100vw, 300px\" \/><\/a>\n\t\t\t<\/div><\/figure><figure class='gallery-item'>\n\t\t\t<div class='gallery-icon landscape'>\n\t\t\t\t<a href='https:\/\/katolicka-gimnazija.hr\/wp-content\/uploads\/2025\/06\/DSCF4903.jpg'><img loading=\"lazy\" decoding=\"async\" width=\"300\" height=\"169\" src=\"https:\/\/katolicka-gimnazija.hr\/wp-content\/uploads\/2025\/06\/DSCF4903-300x169.jpg\" class=\"attachment-medium size-medium\" alt=\"\" srcset=\"https:\/\/katolicka-gimnazija.hr\/wp-content\/uploads\/2025\/06\/DSCF4903-300x169.jpg 300w, https:\/\/katolicka-gimnazija.hr\/wp-content\/uploads\/2025\/06\/DSCF4903-1024x577.jpg 1024w, https:\/\/katolicka-gimnazija.hr\/wp-content\/uploads\/2025\/06\/DSCF4903-768x433.jpg 768w, https:\/\/katolicka-gimnazija.hr\/wp-content\/uploads\/2025\/06\/DSCF4903-1536x865.jpg 1536w, https:\/\/katolicka-gimnazija.hr\/wp-content\/uploads\/2025\/06\/DSCF4903-2048x1154.jpg 2048w, https:\/\/katolicka-gimnazija.hr\/wp-content\/uploads\/2025\/06\/DSCF4903-400x225.jpg 400w\" sizes=\"auto, (max-width: 300px) 100vw, 300px\" \/><\/a>\n\t\t\t<\/div><\/figure><figure class='gallery-item'>\n\t\t\t<div class='gallery-icon landscape'>\n\t\t\t\t<a href='https:\/\/katolicka-gimnazija.hr\/wp-content\/uploads\/2025\/06\/DSCF4826.jpg'><img loading=\"lazy\" decoding=\"async\" width=\"300\" height=\"169\" src=\"https:\/\/katolicka-gimnazija.hr\/wp-content\/uploads\/2025\/06\/DSCF4826-300x169.jpg\" class=\"attachment-medium size-medium\" alt=\"\" srcset=\"https:\/\/katolicka-gimnazija.hr\/wp-content\/uploads\/2025\/06\/DSCF4826-300x169.jpg 300w, https:\/\/katolicka-gimnazija.hr\/wp-content\/uploads\/2025\/06\/DSCF4826-1024x577.jpg 1024w, https:\/\/katolicka-gimnazija.hr\/wp-content\/uploads\/2025\/06\/DSCF4826-768x433.jpg 768w, https:\/\/katolicka-gimnazija.hr\/wp-content\/uploads\/2025\/06\/DSCF4826-1536x865.jpg 1536w, https:\/\/katolicka-gimnazija.hr\/wp-content\/uploads\/2025\/06\/DSCF4826-2048x1154.jpg 2048w, https:\/\/katolicka-gimnazija.hr\/wp-content\/uploads\/2025\/06\/DSCF4826-400x225.jpg 400w\" sizes=\"auto, (max-width: 300px) 100vw, 300px\" \/><\/a>\n\t\t\t<\/div><\/figure><figure class='gallery-item'>\n\t\t\t<div class='gallery-icon landscape'>\n\t\t\t\t<a href='https:\/\/katolicka-gimnazija.hr\/wp-content\/uploads\/2025\/06\/DSCF4868.jpg'><img loading=\"lazy\" decoding=\"async\" width=\"300\" height=\"169\" src=\"https:\/\/katolicka-gimnazija.hr\/wp-content\/uploads\/2025\/06\/DSCF4868-300x169.jpg\" class=\"attachment-medium size-medium\" alt=\"\" srcset=\"https:\/\/katolicka-gimnazija.hr\/wp-content\/uploads\/2025\/06\/DSCF4868-300x169.jpg 300w, https:\/\/katolicka-gimnazija.hr\/wp-content\/uploads\/2025\/06\/DSCF4868-1024x577.jpg 1024w, https:\/\/katolicka-gimnazija.hr\/wp-content\/uploads\/2025\/06\/DSCF4868-768x433.jpg 768w, https:\/\/katolicka-gimnazija.hr\/wp-content\/uploads\/2025\/06\/DSCF4868-1536x865.jpg 1536w, https:\/\/katolicka-gimnazija.hr\/wp-content\/uploads\/2025\/06\/DSCF4868-2048x1154.jpg 2048w, https:\/\/katolicka-gimnazija.hr\/wp-content\/uploads\/2025\/06\/DSCF4868-400x225.jpg 400w\" sizes=\"auto, (max-width: 300px) 100vw, 300px\" \/><\/a>\n\t\t\t<\/div><\/figure><figure class='gallery-item'>\n\t\t\t<div class='gallery-icon landscape'>\n\t\t\t\t<a href='https:\/\/katolicka-gimnazija.hr\/wp-content\/uploads\/2025\/06\/DSCF4876.jpg'><img loading=\"lazy\" decoding=\"async\" width=\"300\" height=\"169\" src=\"https:\/\/katolicka-gimnazija.hr\/wp-content\/uploads\/2025\/06\/DSCF4876-300x169.jpg\" class=\"attachment-medium size-medium\" alt=\"\" srcset=\"https:\/\/katolicka-gimnazija.hr\/wp-content\/uploads\/2025\/06\/DSCF4876-300x169.jpg 300w, https:\/\/katolicka-gimnazija.hr\/wp-content\/uploads\/2025\/06\/DSCF4876-1024x577.jpg 1024w, https:\/\/katolicka-gimnazija.hr\/wp-content\/uploads\/2025\/06\/DSCF4876-768x433.jpg 768w, https:\/\/katolicka-gimnazija.hr\/wp-content\/uploads\/2025\/06\/DSCF4876-1536x865.jpg 1536w, https:\/\/katolicka-gimnazija.hr\/wp-content\/uploads\/2025\/06\/DSCF4876-2048x1154.jpg 2048w, https:\/\/katolicka-gimnazija.hr\/wp-content\/uploads\/2025\/06\/DSCF4876-400x225.jpg 400w\" sizes=\"auto, (max-width: 300px) 100vw, 300px\" \/><\/a>\n\t\t\t<\/div><\/figure><figure class='gallery-item'>\n\t\t\t<div class='gallery-icon landscape'>\n\t\t\t\t<a href='https:\/\/katolicka-gimnazija.hr\/wp-content\/uploads\/2025\/06\/DSCF4847.jpg'><img loading=\"lazy\" decoding=\"async\" width=\"300\" height=\"169\" src=\"https:\/\/katolicka-gimnazija.hr\/wp-content\/uploads\/2025\/06\/DSCF4847-300x169.jpg\" class=\"attachment-medium size-medium\" alt=\"\" srcset=\"https:\/\/katolicka-gimnazija.hr\/wp-content\/uploads\/2025\/06\/DSCF4847-300x169.jpg 300w, https:\/\/katolicka-gimnazija.hr\/wp-content\/uploads\/2025\/06\/DSCF4847-1024x577.jpg 1024w, https:\/\/katolicka-gimnazija.hr\/wp-content\/uploads\/2025\/06\/DSCF4847-768x433.jpg 768w, https:\/\/katolicka-gimnazija.hr\/wp-content\/uploads\/2025\/06\/DSCF4847-1536x865.jpg 1536w, https:\/\/katolicka-gimnazija.hr\/wp-content\/uploads\/2025\/06\/DSCF4847-2048x1154.jpg 2048w, https:\/\/katolicka-gimnazija.hr\/wp-content\/uploads\/2025\/06\/DSCF4847-400x225.jpg 400w\" sizes=\"auto, (max-width: 300px) 100vw, 300px\" \/><\/a>\n\t\t\t<\/div><\/figure><figure class='gallery-item'>\n\t\t\t<div class='gallery-icon landscape'>\n\t\t\t\t<a href='https:\/\/katolicka-gimnazija.hr\/wp-content\/uploads\/2025\/06\/DSCF4869.jpg'><img loading=\"lazy\" decoding=\"async\" width=\"300\" height=\"169\" src=\"https:\/\/katolicka-gimnazija.hr\/wp-content\/uploads\/2025\/06\/DSCF4869-300x169.jpg\" class=\"attachment-medium size-medium\" alt=\"\" srcset=\"https:\/\/katolicka-gimnazija.hr\/wp-content\/uploads\/2025\/06\/DSCF4869-300x169.jpg 300w, https:\/\/katolicka-gimnazija.hr\/wp-content\/uploads\/2025\/06\/DSCF4869-1024x577.jpg 1024w, https:\/\/katolicka-gimnazija.hr\/wp-content\/uploads\/2025\/06\/DSCF4869-768x433.jpg 768w, https:\/\/katolicka-gimnazija.hr\/wp-content\/uploads\/2025\/06\/DSCF4869-1536x865.jpg 1536w, https:\/\/katolicka-gimnazija.hr\/wp-content\/uploads\/2025\/06\/DSCF4869-2048x1154.jpg 2048w, https:\/\/katolicka-gimnazija.hr\/wp-content\/uploads\/2025\/06\/DSCF4869-400x225.jpg 400w\" sizes=\"auto, (max-width: 300px) 100vw, 300px\" \/><\/a>\n\t\t\t<\/div><\/figure><figure class='gallery-item'>\n\t\t\t<div class='gallery-icon landscape'>\n\t\t\t\t<a href='https:\/\/katolicka-gimnazija.hr\/wp-content\/uploads\/2025\/06\/DSCF4886.jpg'><img loading=\"lazy\" decoding=\"async\" width=\"300\" height=\"169\" src=\"https:\/\/katolicka-gimnazija.hr\/wp-content\/uploads\/2025\/06\/DSCF4886-300x169.jpg\" class=\"attachment-medium size-medium\" alt=\"\" srcset=\"https:\/\/katolicka-gimnazija.hr\/wp-content\/uploads\/2025\/06\/DSCF4886-300x169.jpg 300w, https:\/\/katolicka-gimnazija.hr\/wp-content\/uploads\/2025\/06\/DSCF4886-1024x577.jpg 1024w, https:\/\/katolicka-gimnazija.hr\/wp-content\/uploads\/2025\/06\/DSCF4886-768x433.jpg 768w, https:\/\/katolicka-gimnazija.hr\/wp-content\/uploads\/2025\/06\/DSCF4886-1536x865.jpg 1536w, https:\/\/katolicka-gimnazija.hr\/wp-content\/uploads\/2025\/06\/DSCF4886-2048x1154.jpg 2048w, https:\/\/katolicka-gimnazija.hr\/wp-content\/uploads\/2025\/06\/DSCF4886-400x225.jpg 400w\" sizes=\"auto, (max-width: 300px) 100vw, 300px\" \/><\/a>\n\t\t\t<\/div><\/figure><figure class='gallery-item'>\n\t\t\t<div class='gallery-icon landscape'>\n\t\t\t\t<a href='https:\/\/katolicka-gimnazija.hr\/wp-content\/uploads\/2025\/06\/DSCF4889.jpg'><img loading=\"lazy\" decoding=\"async\" width=\"300\" height=\"169\" src=\"https:\/\/katolicka-gimnazija.hr\/wp-content\/uploads\/2025\/06\/DSCF4889-300x169.jpg\" class=\"attachment-medium size-medium\" alt=\"\" srcset=\"https:\/\/katolicka-gimnazija.hr\/wp-content\/uploads\/2025\/06\/DSCF4889-300x169.jpg 300w, https:\/\/katolicka-gimnazija.hr\/wp-content\/uploads\/2025\/06\/DSCF4889-1024x577.jpg 1024w, https:\/\/katolicka-gimnazija.hr\/wp-content\/uploads\/2025\/06\/DSCF4889-768x433.jpg 768w, https:\/\/katolicka-gimnazija.hr\/wp-content\/uploads\/2025\/06\/DSCF4889-1536x865.jpg 1536w, https:\/\/katolicka-gimnazija.hr\/wp-content\/uploads\/2025\/06\/DSCF4889-2048x1154.jpg 2048w, https:\/\/katolicka-gimnazija.hr\/wp-content\/uploads\/2025\/06\/DSCF4889-400x225.jpg 400w\" sizes=\"auto, (max-width: 300px) 100vw, 300px\" \/><\/a>\n\t\t\t<\/div><\/figure><figure class='gallery-item'>\n\t\t\t<div class='gallery-icon landscape'>\n\t\t\t\t<a href='https:\/\/katolicka-gimnazija.hr\/wp-content\/uploads\/2025\/06\/DSCF4907.jpg'><img loading=\"lazy\" decoding=\"async\" width=\"300\" height=\"169\" src=\"https:\/\/katolicka-gimnazija.hr\/wp-content\/uploads\/2025\/06\/DSCF4907-300x169.jpg\" class=\"attachment-medium size-medium\" alt=\"\" srcset=\"https:\/\/katolicka-gimnazija.hr\/wp-content\/uploads\/2025\/06\/DSCF4907-300x169.jpg 300w, https:\/\/katolicka-gimnazija.hr\/wp-content\/uploads\/2025\/06\/DSCF4907-1024x577.jpg 1024w, https:\/\/katolicka-gimnazija.hr\/wp-content\/uploads\/2025\/06\/DSCF4907-768x433.jpg 768w, https:\/\/katolicka-gimnazija.hr\/wp-content\/uploads\/2025\/06\/DSCF4907-1536x865.jpg 1536w, https:\/\/katolicka-gimnazija.hr\/wp-content\/uploads\/2025\/06\/DSCF4907-2048x1154.jpg 2048w, https:\/\/katolicka-gimnazija.hr\/wp-content\/uploads\/2025\/06\/DSCF4907-400x225.jpg 400w\" sizes=\"auto, (max-width: 300px) 100vw, 300px\" \/><\/a>\n\t\t\t<\/div><\/figure><figure class='gallery-item'>\n\t\t\t<div class='gallery-icon landscape'>\n\t\t\t\t<a href='https:\/\/katolicka-gimnazija.hr\/wp-content\/uploads\/2025\/06\/DSCF4829.jpg'><img loading=\"lazy\" decoding=\"async\" width=\"300\" height=\"169\" src=\"https:\/\/katolicka-gimnazija.hr\/wp-content\/uploads\/2025\/06\/DSCF4829-300x169.jpg\" class=\"attachment-medium size-medium\" alt=\"\" srcset=\"https:\/\/katolicka-gimnazija.hr\/wp-content\/uploads\/2025\/06\/DSCF4829-300x169.jpg 300w, https:\/\/katolicka-gimnazija.hr\/wp-content\/uploads\/2025\/06\/DSCF4829-1024x577.jpg 1024w, https:\/\/katolicka-gimnazija.hr\/wp-content\/uploads\/2025\/06\/DSCF4829-768x433.jpg 768w, https:\/\/katolicka-gimnazija.hr\/wp-content\/uploads\/2025\/06\/DSCF4829-1536x865.jpg 1536w, https:\/\/katolicka-gimnazija.hr\/wp-content\/uploads\/2025\/06\/DSCF4829-2048x1154.jpg 2048w, https:\/\/katolicka-gimnazija.hr\/wp-content\/uploads\/2025\/06\/DSCF4829-400x225.jpg 400w\" sizes=\"auto, (max-width: 300px) 100vw, 300px\" \/><\/a>\n\t\t\t<\/div><\/figure><figure class='gallery-item'>\n\t\t\t<div class='gallery-icon landscape'>\n\t\t\t\t<a href='https:\/\/katolicka-gimnazija.hr\/wp-content\/uploads\/2025\/06\/DSCF4877.jpg'><img loading=\"lazy\" decoding=\"async\" width=\"300\" height=\"169\" src=\"https:\/\/katolicka-gimnazija.hr\/wp-content\/uploads\/2025\/06\/DSCF4877-300x169.jpg\" class=\"attachment-medium size-medium\" alt=\"\" srcset=\"https:\/\/katolicka-gimnazija.hr\/wp-content\/uploads\/2025\/06\/DSCF4877-300x169.jpg 300w, https:\/\/katolicka-gimnazija.hr\/wp-content\/uploads\/2025\/06\/DSCF4877-1024x577.jpg 1024w, https:\/\/katolicka-gimnazija.hr\/wp-content\/uploads\/2025\/06\/DSCF4877-768x433.jpg 768w, https:\/\/katolicka-gimnazija.hr\/wp-content\/uploads\/2025\/06\/DSCF4877-1536x865.jpg 1536w, https:\/\/katolicka-gimnazija.hr\/wp-content\/uploads\/2025\/06\/DSCF4877-2048x1154.jpg 2048w, https:\/\/katolicka-gimnazija.hr\/wp-content\/uploads\/2025\/06\/DSCF4877-400x225.jpg 400w\" sizes=\"auto, (max-width: 300px) 100vw, 300px\" \/><\/a>\n\t\t\t<\/div><\/figure><figure class='gallery-item'>\n\t\t\t<div class='gallery-icon landscape'>\n\t\t\t\t<a href='https:\/\/katolicka-gimnazija.hr\/wp-content\/uploads\/2025\/06\/DSCF4823.jpg'><img loading=\"lazy\" decoding=\"async\" width=\"300\" height=\"169\" src=\"https:\/\/katolicka-gimnazija.hr\/wp-content\/uploads\/2025\/06\/DSCF4823-300x169.jpg\" class=\"attachment-medium size-medium\" alt=\"\" srcset=\"https:\/\/katolicka-gimnazija.hr\/wp-content\/uploads\/2025\/06\/DSCF4823-300x169.jpg 300w, https:\/\/katolicka-gimnazija.hr\/wp-content\/uploads\/2025\/06\/DSCF4823-1024x577.jpg 1024w, https:\/\/katolicka-gimnazija.hr\/wp-content\/uploads\/2025\/06\/DSCF4823-768x433.jpg 768w, https:\/\/katolicka-gimnazija.hr\/wp-content\/uploads\/2025\/06\/DSCF4823-1536x865.jpg 1536w, https:\/\/katolicka-gimnazija.hr\/wp-content\/uploads\/2025\/06\/DSCF4823-2048x1154.jpg 2048w, https:\/\/katolicka-gimnazija.hr\/wp-content\/uploads\/2025\/06\/DSCF4823-400x225.jpg 400w\" sizes=\"auto, (max-width: 300px) 100vw, 300px\" \/><\/a>\n\t\t\t<\/div><\/figure><figure class='gallery-item'>\n\t\t\t<div class='gallery-icon landscape'>\n\t\t\t\t<a href='https:\/\/katolicka-gimnazija.hr\/wp-content\/uploads\/2025\/06\/DSCF4900.jpg'><img loading=\"lazy\" decoding=\"async\" width=\"300\" height=\"169\" src=\"https:\/\/katolicka-gimnazija.hr\/wp-content\/uploads\/2025\/06\/DSCF4900-300x169.jpg\" class=\"attachment-medium size-medium\" alt=\"\" srcset=\"https:\/\/katolicka-gimnazija.hr\/wp-content\/uploads\/2025\/06\/DSCF4900-300x169.jpg 300w, https:\/\/katolicka-gimnazija.hr\/wp-content\/uploads\/2025\/06\/DSCF4900-1024x577.jpg 1024w, https:\/\/katolicka-gimnazija.hr\/wp-content\/uploads\/2025\/06\/DSCF4900-768x433.jpg 768w, https:\/\/katolicka-gimnazija.hr\/wp-content\/uploads\/2025\/06\/DSCF4900-1536x865.jpg 1536w, https:\/\/katolicka-gimnazija.hr\/wp-content\/uploads\/2025\/06\/DSCF4900-2048x1154.jpg 2048w, https:\/\/katolicka-gimnazija.hr\/wp-content\/uploads\/2025\/06\/DSCF4900-400x225.jpg 400w\" sizes=\"auto, (max-width: 300px) 100vw, 300px\" \/><\/a>\n\t\t\t<\/div><\/figure><figure class='gallery-item'>\n\t\t\t<div class='gallery-icon landscape'>\n\t\t\t\t<a href='https:\/\/katolicka-gimnazija.hr\/wp-content\/uploads\/2025\/06\/DSCF4880.jpg'><img loading=\"lazy\" decoding=\"async\" width=\"300\" height=\"169\" src=\"https:\/\/katolicka-gimnazija.hr\/wp-content\/uploads\/2025\/06\/DSCF4880-300x169.jpg\" class=\"attachment-medium size-medium\" alt=\"\" srcset=\"https:\/\/katolicka-gimnazija.hr\/wp-content\/uploads\/2025\/06\/DSCF4880-300x169.jpg 300w, https:\/\/katolicka-gimnazija.hr\/wp-content\/uploads\/2025\/06\/DSCF4880-1024x577.jpg 1024w, https:\/\/katolicka-gimnazija.hr\/wp-content\/uploads\/2025\/06\/DSCF4880-768x433.jpg 768w, https:\/\/katolicka-gimnazija.hr\/wp-content\/uploads\/2025\/06\/DSCF4880-1536x865.jpg 1536w, https:\/\/katolicka-gimnazija.hr\/wp-content\/uploads\/2025\/06\/DSCF4880-2048x1154.jpg 2048w, https:\/\/katolicka-gimnazija.hr\/wp-content\/uploads\/2025\/06\/DSCF4880-400x225.jpg 400w\" sizes=\"auto, (max-width: 300px) 100vw, 300px\" \/><\/a>\n\t\t\t<\/div><\/figure><figure class='gallery-item'>\n\t\t\t<div class='gallery-icon landscape'>\n\t\t\t\t<a href='https:\/\/katolicka-gimnazija.hr\/wp-content\/uploads\/2025\/06\/DSCF4831.jpg'><img loading=\"lazy\" decoding=\"async\" width=\"300\" height=\"169\" src=\"https:\/\/katolicka-gimnazija.hr\/wp-content\/uploads\/2025\/06\/DSCF4831-300x169.jpg\" class=\"attachment-medium size-medium\" alt=\"\" srcset=\"https:\/\/katolicka-gimnazija.hr\/wp-content\/uploads\/2025\/06\/DSCF4831-300x169.jpg 300w, https:\/\/katolicka-gimnazija.hr\/wp-content\/uploads\/2025\/06\/DSCF4831-1024x577.jpg 1024w, https:\/\/katolicka-gimnazija.hr\/wp-content\/uploads\/2025\/06\/DSCF4831-768x433.jpg 768w, https:\/\/katolicka-gimnazija.hr\/wp-content\/uploads\/2025\/06\/DSCF4831-1536x865.jpg 1536w, https:\/\/katolicka-gimnazija.hr\/wp-content\/uploads\/2025\/06\/DSCF4831-2048x1154.jpg 2048w, https:\/\/katolicka-gimnazija.hr\/wp-content\/uploads\/2025\/06\/DSCF4831-400x225.jpg 400w\" sizes=\"auto, (max-width: 300px) 100vw, 300px\" \/><\/a>\n\t\t\t<\/div><\/figure><figure class='gallery-item'>\n\t\t\t<div class='gallery-icon landscape'>\n\t\t\t\t<a href='https:\/\/katolicka-gimnazija.hr\/wp-content\/uploads\/2025\/06\/DSCF4873.jpg'><img loading=\"lazy\" decoding=\"async\" width=\"300\" height=\"169\" src=\"https:\/\/katolicka-gimnazija.hr\/wp-content\/uploads\/2025\/06\/DSCF4873-300x169.jpg\" class=\"attachment-medium size-medium\" alt=\"\" srcset=\"https:\/\/katolicka-gimnazija.hr\/wp-content\/uploads\/2025\/06\/DSCF4873-300x169.jpg 300w, https:\/\/katolicka-gimnazija.hr\/wp-content\/uploads\/2025\/06\/DSCF4873-1024x577.jpg 1024w, https:\/\/katolicka-gimnazija.hr\/wp-content\/uploads\/2025\/06\/DSCF4873-768x433.jpg 768w, https:\/\/katolicka-gimnazija.hr\/wp-content\/uploads\/2025\/06\/DSCF4873-1536x865.jpg 1536w, https:\/\/katolicka-gimnazija.hr\/wp-content\/uploads\/2025\/06\/DSCF4873-2048x1154.jpg 2048w, https:\/\/katolicka-gimnazija.hr\/wp-content\/uploads\/2025\/06\/DSCF4873-400x225.jpg 400w\" sizes=\"auto, (max-width: 300px) 100vw, 300px\" \/><\/a>\n\t\t\t<\/div><\/figure><figure class='gallery-item'>\n\t\t\t<div class='gallery-icon landscape'>\n\t\t\t\t<a href='https:\/\/katolicka-gimnazija.hr\/wp-content\/uploads\/2025\/06\/DSCF4916.jpg'><img loading=\"lazy\" decoding=\"async\" width=\"300\" height=\"169\" src=\"https:\/\/katolicka-gimnazija.hr\/wp-content\/uploads\/2025\/06\/DSCF4916-300x169.jpg\" class=\"attachment-medium size-medium\" alt=\"\" srcset=\"https:\/\/katolicka-gimnazija.hr\/wp-content\/uploads\/2025\/06\/DSCF4916-300x169.jpg 300w, https:\/\/katolicka-gimnazija.hr\/wp-content\/uploads\/2025\/06\/DSCF4916-1024x577.jpg 1024w, https:\/\/katolicka-gimnazija.hr\/wp-content\/uploads\/2025\/06\/DSCF4916-768x433.jpg 768w, https:\/\/katolicka-gimnazija.hr\/wp-content\/uploads\/2025\/06\/DSCF4916-1536x865.jpg 1536w, https:\/\/katolicka-gimnazija.hr\/wp-content\/uploads\/2025\/06\/DSCF4916-2048x1154.jpg 2048w, https:\/\/katolicka-gimnazija.hr\/wp-content\/uploads\/2025\/06\/DSCF4916-400x225.jpg 400w\" sizes=\"auto, (max-width: 300px) 100vw, 300px\" \/><\/a>\n\t\t\t<\/div><\/figure><figure class='gallery-item'>\n\t\t\t<div class='gallery-icon landscape'>\n\t\t\t\t<a href='https:\/\/katolicka-gimnazija.hr\/wp-content\/uploads\/2025\/06\/DSCF4892.jpg'><img loading=\"lazy\" decoding=\"async\" width=\"300\" height=\"169\" src=\"https:\/\/katolicka-gimnazija.hr\/wp-content\/uploads\/2025\/06\/DSCF4892-300x169.jpg\" class=\"attachment-medium size-medium\" alt=\"\" srcset=\"https:\/\/katolicka-gimnazija.hr\/wp-content\/uploads\/2025\/06\/DSCF4892-300x169.jpg 300w, https:\/\/katolicka-gimnazija.hr\/wp-content\/uploads\/2025\/06\/DSCF4892-1024x577.jpg 1024w, https:\/\/katolicka-gimnazija.hr\/wp-content\/uploads\/2025\/06\/DSCF4892-768x433.jpg 768w, https:\/\/katolicka-gimnazija.hr\/wp-content\/uploads\/2025\/06\/DSCF4892-1536x865.jpg 1536w, https:\/\/katolicka-gimnazija.hr\/wp-content\/uploads\/2025\/06\/DSCF4892-2048x1154.jpg 2048w, https:\/\/katolicka-gimnazija.hr\/wp-content\/uploads\/2025\/06\/DSCF4892-400x225.jpg 400w\" sizes=\"auto, (max-width: 300px) 100vw, 300px\" \/><\/a>\n\t\t\t<\/div><\/figure><figure class='gallery-item'>\n\t\t\t<div class='gallery-icon landscape'>\n\t\t\t\t<a href='https:\/\/katolicka-gimnazija.hr\/wp-content\/uploads\/2025\/06\/DSCF4828.jpg'><img loading=\"lazy\" decoding=\"async\" width=\"300\" height=\"169\" src=\"https:\/\/katolicka-gimnazija.hr\/wp-content\/uploads\/2025\/06\/DSCF4828-300x169.jpg\" class=\"attachment-medium size-medium\" alt=\"\" srcset=\"https:\/\/katolicka-gimnazija.hr\/wp-content\/uploads\/2025\/06\/DSCF4828-300x169.jpg 300w, https:\/\/katolicka-gimnazija.hr\/wp-content\/uploads\/2025\/06\/DSCF4828-1024x577.jpg 1024w, https:\/\/katolicka-gimnazija.hr\/wp-content\/uploads\/2025\/06\/DSCF4828-768x433.jpg 768w, https:\/\/katolicka-gimnazija.hr\/wp-content\/uploads\/2025\/06\/DSCF4828-1536x865.jpg 1536w, https:\/\/katolicka-gimnazija.hr\/wp-content\/uploads\/2025\/06\/DSCF4828-2048x1154.jpg 2048w, https:\/\/katolicka-gimnazija.hr\/wp-content\/uploads\/2025\/06\/DSCF4828-400x225.jpg 400w\" sizes=\"auto, (max-width: 300px) 100vw, 300px\" \/><\/a>\n\t\t\t<\/div><\/figure><figure class='gallery-item'>\n\t\t\t<div class='gallery-icon landscape'>\n\t\t\t\t<a href='https:\/\/katolicka-gimnazija.hr\/wp-content\/uploads\/2025\/06\/DSCF4817.jpg'><img loading=\"lazy\" decoding=\"async\" width=\"300\" height=\"169\" src=\"https:\/\/katolicka-gimnazija.hr\/wp-content\/uploads\/2025\/06\/DSCF4817-300x169.jpg\" class=\"attachment-medium size-medium\" alt=\"\" srcset=\"https:\/\/katolicka-gimnazija.hr\/wp-content\/uploads\/2025\/06\/DSCF4817-300x169.jpg 300w, https:\/\/katolicka-gimnazija.hr\/wp-content\/uploads\/2025\/06\/DSCF4817-1024x577.jpg 1024w, https:\/\/katolicka-gimnazija.hr\/wp-content\/uploads\/2025\/06\/DSCF4817-768x433.jpg 768w, https:\/\/katolicka-gimnazija.hr\/wp-content\/uploads\/2025\/06\/DSCF4817-1536x865.jpg 1536w, https:\/\/katolicka-gimnazija.hr\/wp-content\/uploads\/2025\/06\/DSCF4817-2048x1154.jpg 2048w, https:\/\/katolicka-gimnazija.hr\/wp-content\/uploads\/2025\/06\/DSCF4817-400x225.jpg 400w\" sizes=\"auto, (max-width: 300px) 100vw, 300px\" \/><\/a>\n\t\t\t<\/div><\/figure><figure class='gallery-item'>\n\t\t\t<div class='gallery-icon landscape'>\n\t\t\t\t<a href='https:\/\/katolicka-gimnazija.hr\/wp-content\/uploads\/2025\/06\/DSCF4909.jpg'><img loading=\"lazy\" decoding=\"async\" width=\"300\" height=\"169\" src=\"https:\/\/katolicka-gimnazija.hr\/wp-content\/uploads\/2025\/06\/DSCF4909-300x169.jpg\" class=\"attachment-medium size-medium\" alt=\"\" srcset=\"https:\/\/katolicka-gimnazija.hr\/wp-content\/uploads\/2025\/06\/DSCF4909-300x169.jpg 300w, https:\/\/katolicka-gimnazija.hr\/wp-content\/uploads\/2025\/06\/DSCF4909-1024x577.jpg 1024w, https:\/\/katolicka-gimnazija.hr\/wp-content\/uploads\/2025\/06\/DSCF4909-768x433.jpg 768w, https:\/\/katolicka-gimnazija.hr\/wp-content\/uploads\/2025\/06\/DSCF4909-1536x865.jpg 1536w, https:\/\/katolicka-gimnazija.hr\/wp-content\/uploads\/2025\/06\/DSCF4909-2048x1154.jpg 2048w, https:\/\/katolicka-gimnazija.hr\/wp-content\/uploads\/2025\/06\/DSCF4909-400x225.jpg 400w\" sizes=\"auto, (max-width: 300px) 100vw, 300px\" \/><\/a>\n\t\t\t<\/div><\/figure>\n\t\t<\/div>\n\n","protected":false},"excerpt":{"rendered":"<p>Prvi projekt \u0160kolskog planinarskog dru\u0161tva &#8220;Pegaz&#8221; Mentis cura in natura gotovo je realiziran, preostalo je jo\u0161 samo zahvalno hodo\u010da\u0161\u0107e Gospi od Suza koje se tradicionalno realizira u kolovozu. Budu\u0107i da je nastavna godina pri kraju, \u0160PD &#8220;Pegaz&#8221; uprili\u010dilo je 12. lipnja zavr\u0161nu konferenciju u Dvorani znanja Gradske knji\u017enice Po\u017eega. Pred svojim gostima &#8211; profesorima, roditeljima [&hellip;]<\/p>\n","protected":false},"author":1,"featured_media":32787,"comment_status":"closed","ping_status":"closed","sticky":false,"template":"","format":"standard","meta":{"footnotes":""},"categories":[211,213,2],"tags":[],"class_list":["post-32777","post","type-post","status-publish","format-standard","has-post-thumbnail","hentry","category-predavanja","category-putovanja","category-vijesti"],"_links":{"self":[{"href":"https:\/\/katolicka-gimnazija.hr\/index.php\/wp-json\/wp\/v2\/posts\/32777","targetHints":{"allow":["GET"]}}],"collection":[{"href":"https:\/\/katolicka-gimnazija.hr\/index.php\/wp-json\/wp\/v2\/posts"}],"about":[{"href":"https:\/\/katolicka-gimnazija.hr\/index.php\/wp-json\/wp\/v2\/types\/post"}],"author":[{"embeddable":true,"href":"https:\/\/katolicka-gimnazija.hr\/index.php\/wp-json\/wp\/v2\/users\/1"}],"replies":[{"embeddable":true,"href":"https:\/\/katolicka-gimnazija.hr\/index.php\/wp-json\/wp\/v2\/comments?post=32777"}],"version-history":[{"count":1,"href":"https:\/\/katolicka-gimnazija.hr\/index.php\/wp-json\/wp\/v2\/posts\/32777\/revisions"}],"predecessor-version":[{"id":32806,"href":"https:\/\/katolicka-gimnazija.hr\/index.php\/wp-json\/wp\/v2\/posts\/32777\/revisions\/32806"}],"wp:featuredmedia":[{"embeddable":true,"href":"https:\/\/katolicka-gimnazija.hr\/index.php\/wp-json\/wp\/v2\/media\/32787"}],"wp:attachment":[{"href":"https:\/\/katolicka-gimnazija.hr\/index.php\/wp-json\/wp\/v2\/media?parent=32777"}],"wp:term":[{"taxonomy":"category","embeddable":true,"href":"https:\/\/katolicka-gimnazija.hr\/index.php\/wp-json\/wp\/v2\/categories?post=32777"},{"taxonomy":"post_tag","embeddable":true,"href":"https:\/\/katolicka-gimnazija.hr\/index.php\/wp-json\/wp\/v2\/tags?post=32777"}],"curies":[{"name":"wp","href":"https:\/\/api.w.org\/{rel}","templated":true}]}}