{"id":32921,"date":"2025-09-01T09:41:03","date_gmt":"2025-09-01T07:41:03","guid":{"rendered":"https:\/\/katolicka-gimnazija.hr\/?p=32921"},"modified":"2025-09-01T09:42:31","modified_gmt":"2025-09-01T07:42:31","slug":"jesenski-rok-upisa","status":"publish","type":"post","link":"https:\/\/katolicka-gimnazija.hr\/index.php\/2025\/09\/01\/jesenski-rok-upisa\/","title":{"rendered":"Jesenski rok upisa"},"content":{"rendered":"<div>Po\u0161tovani!<\/div>\n<div>\n<p>Nakon objave kona\u010dnih ljestvica poretka, ako u\u010denik\u00a0ostvaruje pravo upisa u I. razred\u00a0Katoli\u010dke gimnazije s pravom javnosti\u00a0u \u0161kolskoj godini 2025.\/2026., molimo roditelja\/skrbnika da dopuni i po\u0161alje predupisni razgovor koji je na web-lokaciji (kliknite da biste otvorili vezu)\u00a0<a href=\"https:\/\/forms.gle\/Cu9XmYV9SSdYRvAp6\" target=\"_blank\" rel=\"nofollow noopener noreferrer\" data-saferedirecturl=\"https:\/\/www.google.com\/url?q=https:\/\/forms.gle\/Cu9XmYV9SSdYRvAp6&amp;source=gmail&amp;ust=1756798642373000&amp;usg=AOvVaw2_cme83lXjghqG0az1dNaI\">https:\/\/forms.gle\/<wbr \/>Cu9XmYV9SSdYRvAp6<\/a>\u00a0.<\/p>\n<p>Upisnica je obavezna za sve u\u010denike, a dostavlja se:<\/p>\n<p>1. elektroni\u010dki putem\u00a0<u><a href=\"http:\/\/srednje.e-upisi.hr\/\" target=\"_blank\" rel=\"noopener\" data-saferedirecturl=\"https:\/\/www.google.com\/url?q=http:\/\/srednje.e-upisi.hr&amp;source=gmail&amp;ust=1756798642373000&amp;usg=AOvVaw1IT1JXLQi7Om6U1GpSuk_F\">srednje.e-upisi.hr<\/a>\u00a0<\/u>ili<\/p>\n<p>2. dolaskom u \u0161kolu na propisani datum. U jesenskom upisnom roku 2. i 3. 9. 2025. od 9 do 12 sati.<\/p>\n<p>3. na adresu e-po\u0161te\u00a0<a href=\"mailto:ivanazovko23@gmail.com\" target=\"_blank\" rel=\"nofollow noopener noreferrer\">ivanazovko23@gmail.com<\/a><wbr \/>\u00a0ili\u00a0<a href=\"mailto:sanja.prsa@skole.hr\" target=\"_blank\" rel=\"nofollow noopener noreferrer\">sanja.prsa@skole.hr<\/a><\/p>\n<\/div>\n","protected":false},"excerpt":{"rendered":"<p>Po\u0161tovani! Nakon objave kona\u010dnih ljestvica poretka, ako u\u010denik\u00a0ostvaruje pravo upisa u I. razred\u00a0Katoli\u010dke gimnazije s pravom javnosti\u00a0u \u0161kolskoj godini 2025.\/2026., molimo roditelja\/skrbnika da dopuni i po\u0161alje predupisni razgovor koji je na web-lokaciji (kliknite da biste otvorili vezu)\u00a0https:\/\/forms.gle\/Cu9XmYV9SSdYRvAp6\u00a0. Upisnica je obavezna za sve u\u010denike, a dostavlja se: 1. elektroni\u010dki putem\u00a0srednje.e-upisi.hr\u00a0ili 2. dolaskom u \u0161kolu na propisani [&hellip;]<\/p>\n","protected":false},"author":2,"featured_media":32922,"comment_status":"closed","ping_status":"closed","sticky":false,"template":"","format":"standard","meta":{"footnotes":""},"categories":[212,215,2],"tags":[],"class_list":["post-32921","post","type-post","status-publish","format-standard","has-post-thumbnail","hentry","category-intervjui","category-kg-direkt","category-vijesti"],"_links":{"self":[{"href":"https:\/\/katolicka-gimnazija.hr\/index.php\/wp-json\/wp\/v2\/posts\/32921","targetHints":{"allow":["GET"]}}],"collection":[{"href":"https:\/\/katolicka-gimnazija.hr\/index.php\/wp-json\/wp\/v2\/posts"}],"about":[{"href":"https:\/\/katolicka-gimnazija.hr\/index.php\/wp-json\/wp\/v2\/types\/post"}],"author":[{"embeddable":true,"href":"https:\/\/katolicka-gimnazija.hr\/index.php\/wp-json\/wp\/v2\/users\/2"}],"replies":[{"embeddable":true,"href":"https:\/\/katolicka-gimnazija.hr\/index.php\/wp-json\/wp\/v2\/comments?post=32921"}],"version-history":[{"count":1,"href":"https:\/\/katolicka-gimnazija.hr\/index.php\/wp-json\/wp\/v2\/posts\/32921\/revisions"}],"predecessor-version":[{"id":32923,"href":"https:\/\/katolicka-gimnazija.hr\/index.php\/wp-json\/wp\/v2\/posts\/32921\/revisions\/32923"}],"wp:featuredmedia":[{"embeddable":true,"href":"https:\/\/katolicka-gimnazija.hr\/index.php\/wp-json\/wp\/v2\/media\/32922"}],"wp:attachment":[{"href":"https:\/\/katolicka-gimnazija.hr\/index.php\/wp-json\/wp\/v2\/media?parent=32921"}],"wp:term":[{"taxonomy":"category","embeddable":true,"href":"https:\/\/katolicka-gimnazija.hr\/index.php\/wp-json\/wp\/v2\/categories?post=32921"},{"taxonomy":"post_tag","embeddable":true,"href":"https:\/\/katolicka-gimnazija.hr\/index.php\/wp-json\/wp\/v2\/tags?post=32921"}],"curies":[{"name":"wp","href":"https:\/\/api.w.org\/{rel}","templated":true}]}}