{"id":33137,"date":"2025-10-13T09:03:49","date_gmt":"2025-10-13T07:03:49","guid":{"rendered":"https:\/\/katolicka-gimnazija.hr\/?p=33137"},"modified":"2025-10-14T09:21:18","modified_gmt":"2025-10-14T07:21:18","slug":"i-sto-ima-u-down-under","status":"publish","type":"post","link":"https:\/\/katolicka-gimnazija.hr\/index.php\/2025\/10\/13\/i-sto-ima-u-down-under\/","title":{"rendered":"I, \u0161to ima Down Under?"},"content":{"rendered":"<p>Iako je Europski dan jezika iza nas, u sklopu obilje\u017eavanja navedenog dana u\u010denici 3.b i 4.b razreda imali su priliku poslu\u0161ati zanimljivo predavanje gospo\u0111e Dijane Grahovac iz ambasade Australije, koje su organizirale profesorice engleskoga jezika Budi\u0107 i Zovko. Za vrijeme predavanja u trajanju 45 minuta, koje se odr\u017ealo putem Zooma, u\u010denici su saznali mnoge zanimljivosti o \u017eivotu, obrazovanju te flori i fauni u Australiji.<br \/>\n<a href=\"https:\/\/katolicka-gimnazija.hr\/wp-content\/uploads\/2025\/10\/1000087807-scaled.jpg\"><img loading=\"lazy\" decoding=\"async\" src=\"https:\/\/katolicka-gimnazija.hr\/wp-content\/uploads\/2025\/10\/1000087807-300x225.jpg\" alt=\"\" width=\"300\" height=\"225\" class=\"alignnone size-medium wp-image-33138\" srcset=\"https:\/\/katolicka-gimnazija.hr\/wp-content\/uploads\/2025\/10\/1000087807-300x225.jpg 300w, https:\/\/katolicka-gimnazija.hr\/wp-content\/uploads\/2025\/10\/1000087807-1024x768.jpg 1024w, https:\/\/katolicka-gimnazija.hr\/wp-content\/uploads\/2025\/10\/1000087807-768x576.jpg 768w, https:\/\/katolicka-gimnazija.hr\/wp-content\/uploads\/2025\/10\/1000087807-1536x1152.jpg 1536w, https:\/\/katolicka-gimnazija.hr\/wp-content\/uploads\/2025\/10\/1000087807-2048x1536.jpg 2048w, https:\/\/katolicka-gimnazija.hr\/wp-content\/uploads\/2025\/10\/1000087807-400x300.jpg 400w\" sizes=\"auto, (max-width: 300px) 100vw, 300px\" \/><\/a><br \/>\nBudu\u0107i da je ovo ve\u0107ini na\u0161ih u\u010denika prvi susret s australskim engleskim jezikom, svi su pa\u017eljivo slu\u0161ali, ali i postavljali zanimljiva pitanja. Tako smo saznali da \u0161aran postoji i u Australiji, dobili uvid u cijene pojedinih svakodnevnih proizvoda u Australiji, kada se postaje punoljetan te pla\u0107a li se zdravstvena skrb u Australiji i mnoge druge zanimljivosti.<br \/>\n<a href=\"https:\/\/katolicka-gimnazija.hr\/wp-content\/uploads\/2025\/10\/1000090054.jpg\"><img loading=\"lazy\" decoding=\"async\" src=\"https:\/\/katolicka-gimnazija.hr\/wp-content\/uploads\/2025\/10\/1000090054-300x225.jpg\" alt=\"\" width=\"300\" height=\"225\" class=\"alignnone size-medium wp-image-33139\" srcset=\"https:\/\/katolicka-gimnazija.hr\/wp-content\/uploads\/2025\/10\/1000090054-300x225.jpg 300w, https:\/\/katolicka-gimnazija.hr\/wp-content\/uploads\/2025\/10\/1000090054-1024x768.jpg 1024w, https:\/\/katolicka-gimnazija.hr\/wp-content\/uploads\/2025\/10\/1000090054-768x576.jpg 768w, https:\/\/katolicka-gimnazija.hr\/wp-content\/uploads\/2025\/10\/1000090054-1536x1152.jpg 1536w, https:\/\/katolicka-gimnazija.hr\/wp-content\/uploads\/2025\/10\/1000090054-400x300.jpg 400w, https:\/\/katolicka-gimnazija.hr\/wp-content\/uploads\/2025\/10\/1000090054.jpg 2000w\" sizes=\"auto, (max-width: 300px) 100vw, 300px\" \/><\/a><br \/>\nNakon odr\u017eanog predavanja, u\u010denici su, koriste\u0107i Australian Education Kit (australska mobilna u\u010dilica) koji nam je poslala gospo\u0111a Dijana Grahovac, pripremili prigodan kviz za svoje kolege iz razreda te se tako zabavili i nau\u010dili puno toga o Australiji. U\u010denici koji su postigli najbolje rezultate na kvizu su osvojili suvenire iz Australije koje smo velikodu\u0161no primili iz ambasade Australije.<br \/>\nOvim putem se jo\u0161 jednom zahvaljujemo ambasadi Australije i gospo\u0111i Dijani Grahovac na uvijek srda\u010dnoj i ugodnoj suradnji i uistinu zanimljivom predavanju!<\/p>\n","protected":false},"excerpt":{"rendered":"<p>Iako je Europski dan jezika iza nas, u sklopu obilje\u017eavanja navedenog dana u\u010denici 3.b i 4.b razreda imali su priliku poslu\u0161ati zanimljivo predavanje gospo\u0111e Dijane Grahovac iz ambasade Australije, koje su organizirale profesorice engleskoga jezika Budi\u0107 i Zovko. Za vrijeme predavanja u trajanju 45 minuta, koje se odr\u017ealo putem Zooma, u\u010denici su saznali mnoge zanimljivosti [&hellip;]<\/p>\n","protected":false},"author":28,"featured_media":33140,"comment_status":"closed","ping_status":"closed","sticky":false,"template":"","format":"standard","meta":{"footnotes":""},"categories":[212,211,213,2],"tags":[],"class_list":["post-33137","post","type-post","status-publish","format-standard","has-post-thumbnail","hentry","category-intervjui","category-predavanja","category-putovanja","category-vijesti"],"_links":{"self":[{"href":"https:\/\/katolicka-gimnazija.hr\/index.php\/wp-json\/wp\/v2\/posts\/33137","targetHints":{"allow":["GET"]}}],"collection":[{"href":"https:\/\/katolicka-gimnazija.hr\/index.php\/wp-json\/wp\/v2\/posts"}],"about":[{"href":"https:\/\/katolicka-gimnazija.hr\/index.php\/wp-json\/wp\/v2\/types\/post"}],"author":[{"embeddable":true,"href":"https:\/\/katolicka-gimnazija.hr\/index.php\/wp-json\/wp\/v2\/users\/28"}],"replies":[{"embeddable":true,"href":"https:\/\/katolicka-gimnazija.hr\/index.php\/wp-json\/wp\/v2\/comments?post=33137"}],"version-history":[{"count":2,"href":"https:\/\/katolicka-gimnazija.hr\/index.php\/wp-json\/wp\/v2\/posts\/33137\/revisions"}],"predecessor-version":[{"id":33142,"href":"https:\/\/katolicka-gimnazija.hr\/index.php\/wp-json\/wp\/v2\/posts\/33137\/revisions\/33142"}],"wp:featuredmedia":[{"embeddable":true,"href":"https:\/\/katolicka-gimnazija.hr\/index.php\/wp-json\/wp\/v2\/media\/33140"}],"wp:attachment":[{"href":"https:\/\/katolicka-gimnazija.hr\/index.php\/wp-json\/wp\/v2\/media?parent=33137"}],"wp:term":[{"taxonomy":"category","embeddable":true,"href":"https:\/\/katolicka-gimnazija.hr\/index.php\/wp-json\/wp\/v2\/categories?post=33137"},{"taxonomy":"post_tag","embeddable":true,"href":"https:\/\/katolicka-gimnazija.hr\/index.php\/wp-json\/wp\/v2\/tags?post=33137"}],"curies":[{"name":"wp","href":"https:\/\/api.w.org\/{rel}","templated":true}]}}