{"id":3338,"date":"2016-02-10T16:00:57","date_gmt":"2016-02-10T16:00:57","guid":{"rendered":"http:\/\/katolicka-gimnazija.hr\/?p=3338"},"modified":"2018-12-28T14:40:36","modified_gmt":"2018-12-28T14:40:36","slug":"pepelnicom-u-korizmom","status":"publish","type":"post","link":"https:\/\/katolicka-gimnazija.hr\/index.php\/2016\/02\/10\/pepelnicom-u-korizmom\/","title":{"rendered":"Pepelnicom u korizmu"},"content":{"rendered":"<p>Ju\u010der pustopa\u0161no, danas ozbiljno i ponizno kako i dolikuje. Fa\u0161nikom smo dali odu\u0161ka onom svojem ja kojeg smo danas posuli pepelom da se otrijezni, sabere, ponizi, zamisli i u puninu zagleda. U to nas je danas uvelo sveto misno slavlje u katedrali na Peplnicu ili \u010cistu srijedu koje je predvodio kancelar Po\u017ee\u0161ke biskupije vl\u010d. Josip Krpeljevi\u0107 u koncelebraciji s predstojnikom Ureda za katoli\u010dke \u0161kole, vl\u010d. Ivicom \u017duljevi\u0107em, ravnateljem KO\u0160-a vl\u010d. \u017delimirom \u017duljevi\u0107em te vjerou\u010diteljima vl\u010d. Marijanom Paveli\u0107em i vl\u010d. Krunoslavom Siroglavi\u0107em.<\/p>\n<p><a href=\"http:\/\/katolicka-gimnazija.hr\/wp-content\/uploads\/2016\/02\/CSC_0013.jpg\"><img loading=\"lazy\" decoding=\"async\" class=\"alignleft size-medium wp-image-3340\" src=\"http:\/\/katolicka-gimnazija.hr\/wp-content\/uploads\/2016\/02\/CSC_0013-300x200.jpg\" alt=\"CSC_0013\" width=\"300\" height=\"200\" srcset=\"https:\/\/katolicka-gimnazija.hr\/wp-content\/uploads\/2016\/02\/CSC_0013-300x200.jpg 300w, https:\/\/katolicka-gimnazija.hr\/wp-content\/uploads\/2016\/02\/CSC_0013-1024x683.jpg 1024w, https:\/\/katolicka-gimnazija.hr\/wp-content\/uploads\/2016\/02\/CSC_0013-360x240.jpg 360w, https:\/\/katolicka-gimnazija.hr\/wp-content\/uploads\/2016\/02\/CSC_0013-750x500.jpg 750w, https:\/\/katolicka-gimnazija.hr\/wp-content\/uploads\/2016\/02\/CSC_0013-400x267.jpg 400w, https:\/\/katolicka-gimnazija.hr\/wp-content\/uploads\/2016\/02\/CSC_0013-430x287.jpg 430w, https:\/\/katolicka-gimnazija.hr\/wp-content\/uploads\/2016\/02\/CSC_0013-150x100.jpg 150w, https:\/\/katolicka-gimnazija.hr\/wp-content\/uploads\/2016\/02\/CSC_0013-100x67.jpg 100w, https:\/\/katolicka-gimnazija.hr\/wp-content\/uploads\/2016\/02\/CSC_0013.jpg 1500w\" sizes=\"auto, (max-width: 300px) 100vw, 300px\" \/><\/a> <a href=\"http:\/\/katolicka-gimnazija.hr\/wp-content\/uploads\/2016\/02\/DSC_0022.jpg\"><img loading=\"lazy\" decoding=\"async\" class=\"alignleft size-medium wp-image-3345\" src=\"http:\/\/katolicka-gimnazija.hr\/wp-content\/uploads\/2016\/02\/DSC_0022-300x200.jpg\" alt=\"DSC_0022\" width=\"300\" height=\"200\" srcset=\"https:\/\/katolicka-gimnazija.hr\/wp-content\/uploads\/2016\/02\/DSC_0022-300x200.jpg 300w, https:\/\/katolicka-gimnazija.hr\/wp-content\/uploads\/2016\/02\/DSC_0022-1024x683.jpg 1024w, https:\/\/katolicka-gimnazija.hr\/wp-content\/uploads\/2016\/02\/DSC_0022-360x240.jpg 360w, https:\/\/katolicka-gimnazija.hr\/wp-content\/uploads\/2016\/02\/DSC_0022-750x500.jpg 750w, https:\/\/katolicka-gimnazija.hr\/wp-content\/uploads\/2016\/02\/DSC_0022-400x267.jpg 400w, https:\/\/katolicka-gimnazija.hr\/wp-content\/uploads\/2016\/02\/DSC_0022-430x287.jpg 430w, https:\/\/katolicka-gimnazija.hr\/wp-content\/uploads\/2016\/02\/DSC_0022-150x100.jpg 150w, https:\/\/katolicka-gimnazija.hr\/wp-content\/uploads\/2016\/02\/DSC_0022-100x67.jpg 100w, https:\/\/katolicka-gimnazija.hr\/wp-content\/uploads\/2016\/02\/DSC_0022.jpg 1500w\" sizes=\"auto, (max-width: 300px) 100vw, 300px\" \/><\/a> <a href=\"http:\/\/katolicka-gimnazija.hr\/wp-content\/uploads\/2016\/02\/DSC_0021.jpg\"><img loading=\"lazy\" decoding=\"async\" class=\"alignleft size-medium wp-image-3344\" src=\"http:\/\/katolicka-gimnazija.hr\/wp-content\/uploads\/2016\/02\/DSC_0021-300x200.jpg\" alt=\"DSC_0021\" width=\"300\" height=\"200\" srcset=\"https:\/\/katolicka-gimnazija.hr\/wp-content\/uploads\/2016\/02\/DSC_0021-300x200.jpg 300w, https:\/\/katolicka-gimnazija.hr\/wp-content\/uploads\/2016\/02\/DSC_0021-1024x683.jpg 1024w, https:\/\/katolicka-gimnazija.hr\/wp-content\/uploads\/2016\/02\/DSC_0021-360x240.jpg 360w, https:\/\/katolicka-gimnazija.hr\/wp-content\/uploads\/2016\/02\/DSC_0021-750x500.jpg 750w, https:\/\/katolicka-gimnazija.hr\/wp-content\/uploads\/2016\/02\/DSC_0021-400x267.jpg 400w, https:\/\/katolicka-gimnazija.hr\/wp-content\/uploads\/2016\/02\/DSC_0021-430x287.jpg 430w, https:\/\/katolicka-gimnazija.hr\/wp-content\/uploads\/2016\/02\/DSC_0021-150x100.jpg 150w, https:\/\/katolicka-gimnazija.hr\/wp-content\/uploads\/2016\/02\/DSC_0021-100x67.jpg 100w, https:\/\/katolicka-gimnazija.hr\/wp-content\/uploads\/2016\/02\/DSC_0021.jpg 1500w\" sizes=\"auto, (max-width: 300px) 100vw, 300px\" \/><\/a> <a href=\"http:\/\/katolicka-gimnazija.hr\/wp-content\/uploads\/2016\/02\/DSC_0018.jpg\"><img loading=\"lazy\" decoding=\"async\" class=\"alignleft size-medium wp-image-3343\" src=\"http:\/\/katolicka-gimnazija.hr\/wp-content\/uploads\/2016\/02\/DSC_0018-300x200.jpg\" alt=\"DSC_0018\" width=\"300\" height=\"200\" srcset=\"https:\/\/katolicka-gimnazija.hr\/wp-content\/uploads\/2016\/02\/DSC_0018-300x200.jpg 300w, https:\/\/katolicka-gimnazija.hr\/wp-content\/uploads\/2016\/02\/DSC_0018-1024x683.jpg 1024w, https:\/\/katolicka-gimnazija.hr\/wp-content\/uploads\/2016\/02\/DSC_0018-360x240.jpg 360w, https:\/\/katolicka-gimnazija.hr\/wp-content\/uploads\/2016\/02\/DSC_0018-750x500.jpg 750w, https:\/\/katolicka-gimnazija.hr\/wp-content\/uploads\/2016\/02\/DSC_0018-400x267.jpg 400w, https:\/\/katolicka-gimnazija.hr\/wp-content\/uploads\/2016\/02\/DSC_0018-430x287.jpg 430w, https:\/\/katolicka-gimnazija.hr\/wp-content\/uploads\/2016\/02\/DSC_0018-150x100.jpg 150w, https:\/\/katolicka-gimnazija.hr\/wp-content\/uploads\/2016\/02\/DSC_0018-100x67.jpg 100w, https:\/\/katolicka-gimnazija.hr\/wp-content\/uploads\/2016\/02\/DSC_0018.jpg 1500w\" sizes=\"auto, (max-width: 300px) 100vw, 300px\" \/><\/a> <a href=\"http:\/\/katolicka-gimnazija.hr\/wp-content\/uploads\/2016\/02\/DSC_00171.jpg\"><img loading=\"lazy\" decoding=\"async\" class=\"alignleft size-medium wp-image-3342\" src=\"http:\/\/katolicka-gimnazija.hr\/wp-content\/uploads\/2016\/02\/DSC_00171-300x200.jpg\" alt=\"DSC_0017\" width=\"300\" height=\"200\" srcset=\"https:\/\/katolicka-gimnazija.hr\/wp-content\/uploads\/2016\/02\/DSC_00171-300x200.jpg 300w, https:\/\/katolicka-gimnazija.hr\/wp-content\/uploads\/2016\/02\/DSC_00171-1024x683.jpg 1024w, https:\/\/katolicka-gimnazija.hr\/wp-content\/uploads\/2016\/02\/DSC_00171-360x240.jpg 360w, https:\/\/katolicka-gimnazija.hr\/wp-content\/uploads\/2016\/02\/DSC_00171-750x500.jpg 750w, https:\/\/katolicka-gimnazija.hr\/wp-content\/uploads\/2016\/02\/DSC_00171-400x267.jpg 400w, https:\/\/katolicka-gimnazija.hr\/wp-content\/uploads\/2016\/02\/DSC_00171-430x287.jpg 430w, https:\/\/katolicka-gimnazija.hr\/wp-content\/uploads\/2016\/02\/DSC_00171-150x100.jpg 150w, https:\/\/katolicka-gimnazija.hr\/wp-content\/uploads\/2016\/02\/DSC_00171-100x67.jpg 100w, https:\/\/katolicka-gimnazija.hr\/wp-content\/uploads\/2016\/02\/DSC_00171.jpg 1500w\" sizes=\"auto, (max-width: 300px) 100vw, 300px\" \/><\/a> <a href=\"http:\/\/katolicka-gimnazija.hr\/wp-content\/uploads\/2016\/02\/CSC_0027.jpg\"><img loading=\"lazy\" decoding=\"async\" class=\"alignleft size-medium wp-image-3341\" src=\"http:\/\/katolicka-gimnazija.hr\/wp-content\/uploads\/2016\/02\/CSC_0027-300x200.jpg\" alt=\"CSC_0027\" width=\"300\" height=\"200\" srcset=\"https:\/\/katolicka-gimnazija.hr\/wp-content\/uploads\/2016\/02\/CSC_0027-300x200.jpg 300w, https:\/\/katolicka-gimnazija.hr\/wp-content\/uploads\/2016\/02\/CSC_0027-1024x681.jpg 1024w, https:\/\/katolicka-gimnazija.hr\/wp-content\/uploads\/2016\/02\/CSC_0027-360x240.jpg 360w, https:\/\/katolicka-gimnazija.hr\/wp-content\/uploads\/2016\/02\/CSC_0027-750x499.jpg 750w, https:\/\/katolicka-gimnazija.hr\/wp-content\/uploads\/2016\/02\/CSC_0027-400x266.jpg 400w, https:\/\/katolicka-gimnazija.hr\/wp-content\/uploads\/2016\/02\/CSC_0027-430x286.jpg 430w, https:\/\/katolicka-gimnazija.hr\/wp-content\/uploads\/2016\/02\/CSC_0027-150x100.jpg 150w, https:\/\/katolicka-gimnazija.hr\/wp-content\/uploads\/2016\/02\/CSC_0027-100x67.jpg 100w, https:\/\/katolicka-gimnazija.hr\/wp-content\/uploads\/2016\/02\/CSC_0027.jpg 1500w\" sizes=\"auto, (max-width: 300px) 100vw, 300px\" \/><\/a> <\/p>\n","protected":false},"excerpt":{"rendered":"<p>Ju\u010der pustopa\u0161no, danas ozbiljno i ponizno kako i dolikuje. Fa\u0161nikom smo dali odu\u0161ka onom svojem ja kojeg smo danas posuli pepelom da se otrijezni, sabere, ponizi, zamisli i u puninu zagleda. U to nas je danas uvelo sveto misno slavlje u katedrali na Peplnicu ili \u010cistu srijedu koje je predvodio kancelar Po\u017ee\u0161ke biskupije vl\u010d. Josip [&hellip;]<\/p>\n","protected":false},"author":2,"featured_media":3341,"comment_status":"closed","ping_status":"closed","sticky":false,"template":"","format":"standard","meta":{"footnotes":""},"categories":[2],"tags":[],"class_list":["post-3338","post","type-post","status-publish","format-standard","has-post-thumbnail","hentry","category-vijesti"],"_links":{"self":[{"href":"https:\/\/katolicka-gimnazija.hr\/index.php\/wp-json\/wp\/v2\/posts\/3338","targetHints":{"allow":["GET"]}}],"collection":[{"href":"https:\/\/katolicka-gimnazija.hr\/index.php\/wp-json\/wp\/v2\/posts"}],"about":[{"href":"https:\/\/katolicka-gimnazija.hr\/index.php\/wp-json\/wp\/v2\/types\/post"}],"author":[{"embeddable":true,"href":"https:\/\/katolicka-gimnazija.hr\/index.php\/wp-json\/wp\/v2\/users\/2"}],"replies":[{"embeddable":true,"href":"https:\/\/katolicka-gimnazija.hr\/index.php\/wp-json\/wp\/v2\/comments?post=3338"}],"version-history":[{"count":3,"href":"https:\/\/katolicka-gimnazija.hr\/index.php\/wp-json\/wp\/v2\/posts\/3338\/revisions"}],"predecessor-version":[{"id":15122,"href":"https:\/\/katolicka-gimnazija.hr\/index.php\/wp-json\/wp\/v2\/posts\/3338\/revisions\/15122"}],"wp:featuredmedia":[{"embeddable":true,"href":"https:\/\/katolicka-gimnazija.hr\/index.php\/wp-json\/wp\/v2\/media\/3341"}],"wp:attachment":[{"href":"https:\/\/katolicka-gimnazija.hr\/index.php\/wp-json\/wp\/v2\/media?parent=3338"}],"wp:term":[{"taxonomy":"category","embeddable":true,"href":"https:\/\/katolicka-gimnazija.hr\/index.php\/wp-json\/wp\/v2\/categories?post=3338"},{"taxonomy":"post_tag","embeddable":true,"href":"https:\/\/katolicka-gimnazija.hr\/index.php\/wp-json\/wp\/v2\/tags?post=3338"}],"curies":[{"name":"wp","href":"https:\/\/api.w.org\/{rel}","templated":true}]}}