{"id":33414,"date":"2025-11-06T22:00:09","date_gmt":"2025-11-06T21:00:09","guid":{"rendered":"https:\/\/katolicka-gimnazija.hr\/?p=33414"},"modified":"2025-11-09T22:02:55","modified_gmt":"2025-11-09T21:02:55","slug":"bkgb-suvereno-do-drzavnog-iz-odbojke","status":"publish","type":"post","link":"https:\/\/katolicka-gimnazija.hr\/index.php\/2025\/11\/06\/bkgb-suvereno-do-drzavnog-iz-odbojke\/","title":{"rendered":"BKGB SUVERENO DO DR\u017dAVNOG IZ ODBOJKE"},"content":{"rendered":"<div class=\"xdj266r x14z9mp xat24cr x1lziwak x1vvkbs x126k92a\">\n<div dir=\"auto\">Bad KG boys &#8211; Lovro (Loc), Jan (Pajo), Filip (Fika), \u0160imun (Bu\u0107o), Niko (Nic), Josip (Jo\u017ea), Ivan (Ica), Bruno (Galla), Mihael (Mika), Luka (Luka) i Borna (Bobo) nakon mjesec i pol dana redovitog treniranja i do tri puta tjedno danas su na \u017dupanijskom natjecanju iz odbojke u \u0160D Tomislav Pirc odigrali tri skoro besprijekorne utakmice koje su ih po prvi puta odvele na dr\u017eavno natjecanje.<\/div>\n<\/div>\n<div class=\"x14z9mp xat24cr x1lziwak x1vvkbs xtlvy1s x126k92a\">\n<div dir=\"auto\">Prisutni su, nadamo se, mogli vidjeti prekrasnu odbojku u izvedbi na\u0161ih mladi\u0107a koji su se od prekaljenih nogometa\u0161a u mjesec i pol dana transformirali u ono \u0161to odbojka\u0161ka elegancija zahtjeva &#8211; zajedni\u0161tvo, suradnju, podr\u0161ku, a u odre\u0111enim situacijama i improvizaciju. <span class=\"html-span xexx8yu xyri2b x18d9i69 x1c1uobl x1hl2dhg x16tdsg8 x1vvkbs x3nfvp2 x1j61x8r x1fcty0u xdj266r xat24cr xm2jcoa x1mpyi22 xxymvpz xlup9mm x1kky2od\"><img loading=\"lazy\" decoding=\"async\" class=\"xz74otr x15mokao x1ga7v0g x16uus16 xbiv7yw\" src=\"https:\/\/static.xx.fbcdn.net\/images\/emoji.php\/v9\/te3\/1\/16\/1f91c.png\" alt=\"\" width=\"16\" height=\"16\" \/><\/span><span class=\"html-span xexx8yu xyri2b x18d9i69 x1c1uobl x1hl2dhg x16tdsg8 x1vvkbs x3nfvp2 x1j61x8r x1fcty0u xdj266r xat24cr xm2jcoa x1mpyi22 xxymvpz xlup9mm x1kky2od\"><img loading=\"lazy\" decoding=\"async\" class=\"xz74otr x15mokao x1ga7v0g x16uus16 xbiv7yw\" src=\"https:\/\/static.xx.fbcdn.net\/images\/emoji.php\/v9\/t62\/1\/16\/1f91b.png\" alt=\"\" width=\"16\" height=\"16\" \/><\/span><\/div>\n<\/div>\n<div class=\"x14z9mp xat24cr x1lziwak x1vvkbs xtlvy1s x126k92a\">\n<div dir=\"auto\">No\u0161eni gromoglasnom podr\u0161kom svojih kolega s tribina danas su na\u0161i momci bili bolji od svojih vr\u0161njaka iz Ekonomske \u0161kole (2:0), Obrtni\u010dke \u0161kole (2:1), a na koncu u finalu i Tehni\u010dke \u0161kole (2:0).<\/div>\n<\/div>\n<div class=\"x14z9mp xat24cr x1lziwak x1vvkbs xtlvy1s x126k92a\">\n<div dir=\"auto\">Ono na \u0161to je njihov trener prof. Miroslav Pauli\u0107 osobito ponosan jest njihova \u017eelja da kao jedan obrane boje Katoli\u010dke gimnazije \u0161to su danas i u\u010dinili. <span class=\"html-span xexx8yu xyri2b x18d9i69 x1c1uobl x1hl2dhg x16tdsg8 x1vvkbs x3nfvp2 x1j61x8r x1fcty0u xdj266r xat24cr xm2jcoa x1mpyi22 xxymvpz xlup9mm x1kky2od\"><img loading=\"lazy\" decoding=\"async\" class=\"xz74otr x15mokao x1ga7v0g x16uus16 xbiv7yw\" src=\"https:\/\/static.xx.fbcdn.net\/images\/emoji.php\/v9\/t6c\/1\/16\/2764.png\" alt=\"\u2764\ufe0f\" width=\"16\" height=\"16\" \/><\/span><\/div>\n<div dir=\"auto\">\n<div id='gallery-1' class='gallery galleryid-33414 gallery-columns-3 gallery-size-medium'><figure class='gallery-item'>\n\t\t\t<div class='gallery-icon landscape'>\n\t\t\t\t<a href='https:\/\/katolicka-gimnazija.hr\/wp-content\/uploads\/2025\/11\/DSCF8688-scaled.jpg'><img loading=\"lazy\" decoding=\"async\" width=\"300\" height=\"169\" src=\"https:\/\/katolicka-gimnazija.hr\/wp-content\/uploads\/2025\/11\/DSCF8688-300x169.jpg\" class=\"attachment-medium size-medium\" alt=\"\" srcset=\"https:\/\/katolicka-gimnazija.hr\/wp-content\/uploads\/2025\/11\/DSCF8688-300x169.jpg 300w, https:\/\/katolicka-gimnazija.hr\/wp-content\/uploads\/2025\/11\/DSCF8688-1024x577.jpg 1024w, https:\/\/katolicka-gimnazija.hr\/wp-content\/uploads\/2025\/11\/DSCF8688-768x433.jpg 768w, https:\/\/katolicka-gimnazija.hr\/wp-content\/uploads\/2025\/11\/DSCF8688-1536x865.jpg 1536w, https:\/\/katolicka-gimnazija.hr\/wp-content\/uploads\/2025\/11\/DSCF8688-2048x1154.jpg 2048w, https:\/\/katolicka-gimnazija.hr\/wp-content\/uploads\/2025\/11\/DSCF8688-400x225.jpg 400w\" sizes=\"auto, (max-width: 300px) 100vw, 300px\" \/><\/a>\n\t\t\t<\/div><\/figure><figure class='gallery-item'>\n\t\t\t<div class='gallery-icon landscape'>\n\t\t\t\t<a href='https:\/\/katolicka-gimnazija.hr\/wp-content\/uploads\/2025\/11\/DSCF8695-scaled.jpg'><img loading=\"lazy\" decoding=\"async\" width=\"300\" height=\"169\" src=\"https:\/\/katolicka-gimnazija.hr\/wp-content\/uploads\/2025\/11\/DSCF8695-300x169.jpg\" class=\"attachment-medium size-medium\" alt=\"\" srcset=\"https:\/\/katolicka-gimnazija.hr\/wp-content\/uploads\/2025\/11\/DSCF8695-300x169.jpg 300w, https:\/\/katolicka-gimnazija.hr\/wp-content\/uploads\/2025\/11\/DSCF8695-1024x577.jpg 1024w, https:\/\/katolicka-gimnazija.hr\/wp-content\/uploads\/2025\/11\/DSCF8695-768x433.jpg 768w, https:\/\/katolicka-gimnazija.hr\/wp-content\/uploads\/2025\/11\/DSCF8695-1536x865.jpg 1536w, https:\/\/katolicka-gimnazija.hr\/wp-content\/uploads\/2025\/11\/DSCF8695-2048x1154.jpg 2048w, https:\/\/katolicka-gimnazija.hr\/wp-content\/uploads\/2025\/11\/DSCF8695-400x225.jpg 400w\" sizes=\"auto, (max-width: 300px) 100vw, 300px\" \/><\/a>\n\t\t\t<\/div><\/figure><figure class='gallery-item'>\n\t\t\t<div class='gallery-icon landscape'>\n\t\t\t\t<a href='https:\/\/katolicka-gimnazija.hr\/wp-content\/uploads\/2025\/11\/DSCF8982-scaled.jpg'><img loading=\"lazy\" decoding=\"async\" width=\"300\" height=\"169\" src=\"https:\/\/katolicka-gimnazija.hr\/wp-content\/uploads\/2025\/11\/DSCF8982-300x169.jpg\" class=\"attachment-medium size-medium\" alt=\"\" srcset=\"https:\/\/katolicka-gimnazija.hr\/wp-content\/uploads\/2025\/11\/DSCF8982-300x169.jpg 300w, https:\/\/katolicka-gimnazija.hr\/wp-content\/uploads\/2025\/11\/DSCF8982-1024x577.jpg 1024w, https:\/\/katolicka-gimnazija.hr\/wp-content\/uploads\/2025\/11\/DSCF8982-768x433.jpg 768w, https:\/\/katolicka-gimnazija.hr\/wp-content\/uploads\/2025\/11\/DSCF8982-1536x865.jpg 1536w, https:\/\/katolicka-gimnazija.hr\/wp-content\/uploads\/2025\/11\/DSCF8982-2048x1154.jpg 2048w, https:\/\/katolicka-gimnazija.hr\/wp-content\/uploads\/2025\/11\/DSCF8982-400x225.jpg 400w\" sizes=\"auto, (max-width: 300px) 100vw, 300px\" \/><\/a>\n\t\t\t<\/div><\/figure><figure class='gallery-item'>\n\t\t\t<div class='gallery-icon landscape'>\n\t\t\t\t<a href='https:\/\/katolicka-gimnazija.hr\/wp-content\/uploads\/2025\/11\/DSCF8865-scaled.jpg'><img loading=\"lazy\" decoding=\"async\" width=\"300\" height=\"169\" src=\"https:\/\/katolicka-gimnazija.hr\/wp-content\/uploads\/2025\/11\/DSCF8865-300x169.jpg\" class=\"attachment-medium size-medium\" alt=\"\" srcset=\"https:\/\/katolicka-gimnazija.hr\/wp-content\/uploads\/2025\/11\/DSCF8865-300x169.jpg 300w, https:\/\/katolicka-gimnazija.hr\/wp-content\/uploads\/2025\/11\/DSCF8865-1024x577.jpg 1024w, https:\/\/katolicka-gimnazija.hr\/wp-content\/uploads\/2025\/11\/DSCF8865-768x433.jpg 768w, https:\/\/katolicka-gimnazija.hr\/wp-content\/uploads\/2025\/11\/DSCF8865-1536x865.jpg 1536w, https:\/\/katolicka-gimnazija.hr\/wp-content\/uploads\/2025\/11\/DSCF8865-2048x1154.jpg 2048w, https:\/\/katolicka-gimnazija.hr\/wp-content\/uploads\/2025\/11\/DSCF8865-400x225.jpg 400w\" sizes=\"auto, (max-width: 300px) 100vw, 300px\" \/><\/a>\n\t\t\t<\/div><\/figure><figure class='gallery-item'>\n\t\t\t<div class='gallery-icon landscape'>\n\t\t\t\t<a href='https:\/\/katolicka-gimnazija.hr\/wp-content\/uploads\/2025\/11\/DSCF8694-scaled.jpg'><img loading=\"lazy\" decoding=\"async\" width=\"300\" height=\"169\" src=\"https:\/\/katolicka-gimnazija.hr\/wp-content\/uploads\/2025\/11\/DSCF8694-300x169.jpg\" class=\"attachment-medium size-medium\" alt=\"\" srcset=\"https:\/\/katolicka-gimnazija.hr\/wp-content\/uploads\/2025\/11\/DSCF8694-300x169.jpg 300w, https:\/\/katolicka-gimnazija.hr\/wp-content\/uploads\/2025\/11\/DSCF8694-1024x577.jpg 1024w, https:\/\/katolicka-gimnazija.hr\/wp-content\/uploads\/2025\/11\/DSCF8694-768x433.jpg 768w, https:\/\/katolicka-gimnazija.hr\/wp-content\/uploads\/2025\/11\/DSCF8694-1536x865.jpg 1536w, https:\/\/katolicka-gimnazija.hr\/wp-content\/uploads\/2025\/11\/DSCF8694-2048x1154.jpg 2048w, https:\/\/katolicka-gimnazija.hr\/wp-content\/uploads\/2025\/11\/DSCF8694-400x225.jpg 400w\" sizes=\"auto, (max-width: 300px) 100vw, 300px\" \/><\/a>\n\t\t\t<\/div><\/figure><figure class='gallery-item'>\n\t\t\t<div class='gallery-icon landscape'>\n\t\t\t\t<a href='https:\/\/katolicka-gimnazija.hr\/wp-content\/uploads\/2025\/11\/DSCF8931-scaled.jpg'><img loading=\"lazy\" decoding=\"async\" width=\"300\" height=\"169\" src=\"https:\/\/katolicka-gimnazija.hr\/wp-content\/uploads\/2025\/11\/DSCF8931-300x169.jpg\" class=\"attachment-medium size-medium\" alt=\"\" srcset=\"https:\/\/katolicka-gimnazija.hr\/wp-content\/uploads\/2025\/11\/DSCF8931-300x169.jpg 300w, https:\/\/katolicka-gimnazija.hr\/wp-content\/uploads\/2025\/11\/DSCF8931-1024x577.jpg 1024w, https:\/\/katolicka-gimnazija.hr\/wp-content\/uploads\/2025\/11\/DSCF8931-768x433.jpg 768w, https:\/\/katolicka-gimnazija.hr\/wp-content\/uploads\/2025\/11\/DSCF8931-1536x865.jpg 1536w, https:\/\/katolicka-gimnazija.hr\/wp-content\/uploads\/2025\/11\/DSCF8931-2048x1154.jpg 2048w, https:\/\/katolicka-gimnazija.hr\/wp-content\/uploads\/2025\/11\/DSCF8931-400x225.jpg 400w\" sizes=\"auto, (max-width: 300px) 100vw, 300px\" \/><\/a>\n\t\t\t<\/div><\/figure><figure class='gallery-item'>\n\t\t\t<div class='gallery-icon landscape'>\n\t\t\t\t<a href='https:\/\/katolicka-gimnazija.hr\/wp-content\/uploads\/2025\/11\/DSCF8573-scaled.jpg'><img loading=\"lazy\" decoding=\"async\" width=\"300\" height=\"169\" src=\"https:\/\/katolicka-gimnazija.hr\/wp-content\/uploads\/2025\/11\/DSCF8573-300x169.jpg\" class=\"attachment-medium size-medium\" alt=\"\" srcset=\"https:\/\/katolicka-gimnazija.hr\/wp-content\/uploads\/2025\/11\/DSCF8573-300x169.jpg 300w, https:\/\/katolicka-gimnazija.hr\/wp-content\/uploads\/2025\/11\/DSCF8573-1024x577.jpg 1024w, https:\/\/katolicka-gimnazija.hr\/wp-content\/uploads\/2025\/11\/DSCF8573-768x433.jpg 768w, https:\/\/katolicka-gimnazija.hr\/wp-content\/uploads\/2025\/11\/DSCF8573-1536x865.jpg 1536w, https:\/\/katolicka-gimnazija.hr\/wp-content\/uploads\/2025\/11\/DSCF8573-2048x1154.jpg 2048w, https:\/\/katolicka-gimnazija.hr\/wp-content\/uploads\/2025\/11\/DSCF8573-400x225.jpg 400w\" sizes=\"auto, (max-width: 300px) 100vw, 300px\" \/><\/a>\n\t\t\t<\/div><\/figure><figure class='gallery-item'>\n\t\t\t<div class='gallery-icon landscape'>\n\t\t\t\t<a href='https:\/\/katolicka-gimnazija.hr\/wp-content\/uploads\/2025\/11\/DSCF8601-scaled.jpg'><img loading=\"lazy\" decoding=\"async\" width=\"300\" height=\"169\" src=\"https:\/\/katolicka-gimnazija.hr\/wp-content\/uploads\/2025\/11\/DSCF8601-300x169.jpg\" class=\"attachment-medium size-medium\" alt=\"\" srcset=\"https:\/\/katolicka-gimnazija.hr\/wp-content\/uploads\/2025\/11\/DSCF8601-300x169.jpg 300w, https:\/\/katolicka-gimnazija.hr\/wp-content\/uploads\/2025\/11\/DSCF8601-1024x577.jpg 1024w, https:\/\/katolicka-gimnazija.hr\/wp-content\/uploads\/2025\/11\/DSCF8601-768x433.jpg 768w, https:\/\/katolicka-gimnazija.hr\/wp-content\/uploads\/2025\/11\/DSCF8601-1536x865.jpg 1536w, https:\/\/katolicka-gimnazija.hr\/wp-content\/uploads\/2025\/11\/DSCF8601-2048x1154.jpg 2048w, https:\/\/katolicka-gimnazija.hr\/wp-content\/uploads\/2025\/11\/DSCF8601-400x225.jpg 400w\" sizes=\"auto, (max-width: 300px) 100vw, 300px\" \/><\/a>\n\t\t\t<\/div><\/figure><figure class='gallery-item'>\n\t\t\t<div class='gallery-icon landscape'>\n\t\t\t\t<a href='https:\/\/katolicka-gimnazija.hr\/wp-content\/uploads\/2025\/11\/DSCF9004-scaled.jpg'><img loading=\"lazy\" decoding=\"async\" width=\"300\" height=\"169\" src=\"https:\/\/katolicka-gimnazija.hr\/wp-content\/uploads\/2025\/11\/DSCF9004-300x169.jpg\" class=\"attachment-medium size-medium\" alt=\"\" srcset=\"https:\/\/katolicka-gimnazija.hr\/wp-content\/uploads\/2025\/11\/DSCF9004-300x169.jpg 300w, https:\/\/katolicka-gimnazija.hr\/wp-content\/uploads\/2025\/11\/DSCF9004-1024x577.jpg 1024w, https:\/\/katolicka-gimnazija.hr\/wp-content\/uploads\/2025\/11\/DSCF9004-768x433.jpg 768w, https:\/\/katolicka-gimnazija.hr\/wp-content\/uploads\/2025\/11\/DSCF9004-1536x865.jpg 1536w, https:\/\/katolicka-gimnazija.hr\/wp-content\/uploads\/2025\/11\/DSCF9004-2048x1154.jpg 2048w, https:\/\/katolicka-gimnazija.hr\/wp-content\/uploads\/2025\/11\/DSCF9004-400x225.jpg 400w\" sizes=\"auto, (max-width: 300px) 100vw, 300px\" \/><\/a>\n\t\t\t<\/div><\/figure><figure class='gallery-item'>\n\t\t\t<div class='gallery-icon landscape'>\n\t\t\t\t<a href='https:\/\/katolicka-gimnazija.hr\/wp-content\/uploads\/2025\/11\/DSCF8988-scaled.jpg'><img loading=\"lazy\" decoding=\"async\" width=\"300\" height=\"169\" src=\"https:\/\/katolicka-gimnazija.hr\/wp-content\/uploads\/2025\/11\/DSCF8988-300x169.jpg\" class=\"attachment-medium size-medium\" alt=\"\" srcset=\"https:\/\/katolicka-gimnazija.hr\/wp-content\/uploads\/2025\/11\/DSCF8988-300x169.jpg 300w, https:\/\/katolicka-gimnazija.hr\/wp-content\/uploads\/2025\/11\/DSCF8988-1024x577.jpg 1024w, https:\/\/katolicka-gimnazija.hr\/wp-content\/uploads\/2025\/11\/DSCF8988-768x433.jpg 768w, https:\/\/katolicka-gimnazija.hr\/wp-content\/uploads\/2025\/11\/DSCF8988-1536x865.jpg 1536w, https:\/\/katolicka-gimnazija.hr\/wp-content\/uploads\/2025\/11\/DSCF8988-2048x1154.jpg 2048w, https:\/\/katolicka-gimnazija.hr\/wp-content\/uploads\/2025\/11\/DSCF8988-400x225.jpg 400w\" sizes=\"auto, (max-width: 300px) 100vw, 300px\" \/><\/a>\n\t\t\t<\/div><\/figure><figure class='gallery-item'>\n\t\t\t<div class='gallery-icon landscape'>\n\t\t\t\t<a href='https:\/\/katolicka-gimnazija.hr\/wp-content\/uploads\/2025\/11\/DSCF8888-scaled.jpg'><img loading=\"lazy\" decoding=\"async\" width=\"300\" height=\"169\" src=\"https:\/\/katolicka-gimnazija.hr\/wp-content\/uploads\/2025\/11\/DSCF8888-300x169.jpg\" class=\"attachment-medium size-medium\" alt=\"\" srcset=\"https:\/\/katolicka-gimnazija.hr\/wp-content\/uploads\/2025\/11\/DSCF8888-300x169.jpg 300w, https:\/\/katolicka-gimnazija.hr\/wp-content\/uploads\/2025\/11\/DSCF8888-1024x577.jpg 1024w, https:\/\/katolicka-gimnazija.hr\/wp-content\/uploads\/2025\/11\/DSCF8888-768x433.jpg 768w, https:\/\/katolicka-gimnazija.hr\/wp-content\/uploads\/2025\/11\/DSCF8888-1536x865.jpg 1536w, https:\/\/katolicka-gimnazija.hr\/wp-content\/uploads\/2025\/11\/DSCF8888-2048x1154.jpg 2048w, https:\/\/katolicka-gimnazija.hr\/wp-content\/uploads\/2025\/11\/DSCF8888-400x225.jpg 400w\" sizes=\"auto, (max-width: 300px) 100vw, 300px\" \/><\/a>\n\t\t\t<\/div><\/figure>\n\t\t<\/div>\n\n<\/div>\n<\/div>\n","protected":false},"excerpt":{"rendered":"<p>Bad KG boys &#8211; Lovro (Loc), Jan (Pajo), Filip (Fika), \u0160imun (Bu\u0107o), Niko (Nic), Josip (Jo\u017ea), Ivan (Ica), Bruno (Galla), Mihael (Mika), Luka (Luka) i Borna (Bobo) nakon mjesec i pol dana redovitog treniranja i do tri puta tjedno danas su na \u017dupanijskom natjecanju iz odbojke u \u0160D Tomislav Pirc odigrali tri skoro besprijekorne utakmice [&hellip;]<\/p>\n","protected":false},"author":2,"featured_media":33425,"comment_status":"closed","ping_status":"closed","sticky":false,"template":"","format":"standard","meta":{"footnotes":""},"categories":[4,209,210,2],"tags":[],"class_list":["post-33414","post","type-post","status-publish","format-standard","has-post-thumbnail","hentry","category-fotogalerije","category-natjecanja","category-sport","category-vijesti"],"_links":{"self":[{"href":"https:\/\/katolicka-gimnazija.hr\/index.php\/wp-json\/wp\/v2\/posts\/33414","targetHints":{"allow":["GET"]}}],"collection":[{"href":"https:\/\/katolicka-gimnazija.hr\/index.php\/wp-json\/wp\/v2\/posts"}],"about":[{"href":"https:\/\/katolicka-gimnazija.hr\/index.php\/wp-json\/wp\/v2\/types\/post"}],"author":[{"embeddable":true,"href":"https:\/\/katolicka-gimnazija.hr\/index.php\/wp-json\/wp\/v2\/users\/2"}],"replies":[{"embeddable":true,"href":"https:\/\/katolicka-gimnazija.hr\/index.php\/wp-json\/wp\/v2\/comments?post=33414"}],"version-history":[{"count":2,"href":"https:\/\/katolicka-gimnazija.hr\/index.php\/wp-json\/wp\/v2\/posts\/33414\/revisions"}],"predecessor-version":[{"id":33427,"href":"https:\/\/katolicka-gimnazija.hr\/index.php\/wp-json\/wp\/v2\/posts\/33414\/revisions\/33427"}],"wp:featuredmedia":[{"embeddable":true,"href":"https:\/\/katolicka-gimnazija.hr\/index.php\/wp-json\/wp\/v2\/media\/33425"}],"wp:attachment":[{"href":"https:\/\/katolicka-gimnazija.hr\/index.php\/wp-json\/wp\/v2\/media?parent=33414"}],"wp:term":[{"taxonomy":"category","embeddable":true,"href":"https:\/\/katolicka-gimnazija.hr\/index.php\/wp-json\/wp\/v2\/categories?post=33414"},{"taxonomy":"post_tag","embeddable":true,"href":"https:\/\/katolicka-gimnazija.hr\/index.php\/wp-json\/wp\/v2\/tags?post=33414"}],"curies":[{"name":"wp","href":"https:\/\/api.w.org\/{rel}","templated":true}]}}