{"id":33519,"date":"2025-11-18T12:21:23","date_gmt":"2025-11-18T11:21:23","guid":{"rendered":"https:\/\/katolicka-gimnazija.hr\/?p=33519"},"modified":"2025-11-18T12:21:39","modified_gmt":"2025-11-18T11:21:39","slug":"heroji-se-ne-zaboravljaju-by-viktoria-i-ema","status":"publish","type":"post","link":"https:\/\/katolicka-gimnazija.hr\/index.php\/2025\/11\/18\/heroji-se-ne-zaboravljaju-by-viktoria-i-ema\/","title":{"rendered":"HEROJI SE NE ZABORAVLJAJU by Viktoria i Ema"},"content":{"rendered":"<div class=\"xdj266r x14z9mp xat24cr x1lziwak x1vvkbs x126k92a\">\n<div dir=\"auto\">Jo\u0161 je jedan dan kad se sje\u0107amo \u017ertve svih hrvatskih Vukovara i \u0160kabrnja. <span class=\"html-span xexx8yu xyri2b x18d9i69 x1c1uobl x1hl2dhg x16tdsg8 x1vvkbs x3nfvp2 x1j61x8r x1fcty0u xdj266r xat24cr xm2jcoa x1mpyi22 xxymvpz xlup9mm x1kky2od\"><img loading=\"lazy\" decoding=\"async\" class=\"xz74otr x15mokao x1ga7v0g x16uus16 xbiv7yw\" src=\"https:\/\/static.xx.fbcdn.net\/images\/emoji.php\/v9\/tf6\/1\/16\/1f1ed_1f1f7.png\" alt=\"\" width=\"16\" height=\"16\" \/><\/span><\/div>\n<\/div>\n<div class=\"x14z9mp xat24cr x1lziwak x1vvkbs xtlvy1s x126k92a\">\n<div dir=\"auto\">Da nisu zaboravljeni i da na\u0161i mladi imaju srce za ono \u0161to se dogodilo i prije njihova ro\u0111enja, dokazale su nam na\u0161e Viktoria i Ema!<\/div>\n<div dir=\"auto\">Hvala im za to! <span class=\"html-span xexx8yu xyri2b x18d9i69 x1c1uobl x1hl2dhg x16tdsg8 x1vvkbs x3nfvp2 x1j61x8r x1fcty0u xdj266r xat24cr xm2jcoa x1mpyi22 xxymvpz xlup9mm x1kky2od\"><img loading=\"lazy\" decoding=\"async\" class=\"xz74otr x15mokao x1ga7v0g x16uus16 xbiv7yw\" src=\"https:\/\/static.xx.fbcdn.net\/images\/emoji.php\/v9\/t68\/1\/16\/1f495.png\" alt=\"\" width=\"16\" height=\"16\" \/><\/span><\/div>\n<div dir=\"auto\">\n<div style=\"width: 640px;\" class=\"wp-video\"><video class=\"wp-video-shortcode\" id=\"video-33519-1\" width=\"640\" height=\"362\" preload=\"metadata\" controls=\"controls\"><source type=\"video\/mp4\" src=\"https:\/\/katolicka-gimnazija.hr\/wp-content\/uploads\/2025\/11\/WhatsApp-Videozapis-2025-11-18-u-07.52.32_2bf17c7b.mp4?_=1\" \/><a href=\"https:\/\/katolicka-gimnazija.hr\/wp-content\/uploads\/2025\/11\/WhatsApp-Videozapis-2025-11-18-u-07.52.32_2bf17c7b.mp4\">https:\/\/katolicka-gimnazija.hr\/wp-content\/uploads\/2025\/11\/WhatsApp-Videozapis-2025-11-18-u-07.52.32_2bf17c7b.mp4<\/a><\/video><\/div>\n<\/div>\n<\/div>\n","protected":false},"excerpt":{"rendered":"<p>Jo\u0161 je jedan dan kad se sje\u0107amo \u017ertve svih hrvatskih Vukovara i \u0160kabrnja. Da nisu zaboravljeni i da na\u0161i mladi imaju srce za ono \u0161to se dogodilo i prije njihova ro\u0111enja, dokazale su nam na\u0161e Viktoria i Ema! Hvala im za to!<\/p>\n","protected":false},"author":2,"featured_media":33521,"comment_status":"closed","ping_status":"closed","sticky":false,"template":"","format":"standard","meta":{"footnotes":""},"categories":[207,2],"tags":[],"class_list":["post-33519","post","type-post","status-publish","format-standard","has-post-thumbnail","hentry","category-duhovno","category-vijesti"],"_links":{"self":[{"href":"https:\/\/katolicka-gimnazija.hr\/index.php\/wp-json\/wp\/v2\/posts\/33519","targetHints":{"allow":["GET"]}}],"collection":[{"href":"https:\/\/katolicka-gimnazija.hr\/index.php\/wp-json\/wp\/v2\/posts"}],"about":[{"href":"https:\/\/katolicka-gimnazija.hr\/index.php\/wp-json\/wp\/v2\/types\/post"}],"author":[{"embeddable":true,"href":"https:\/\/katolicka-gimnazija.hr\/index.php\/wp-json\/wp\/v2\/users\/2"}],"replies":[{"embeddable":true,"href":"https:\/\/katolicka-gimnazija.hr\/index.php\/wp-json\/wp\/v2\/comments?post=33519"}],"version-history":[{"count":1,"href":"https:\/\/katolicka-gimnazija.hr\/index.php\/wp-json\/wp\/v2\/posts\/33519\/revisions"}],"predecessor-version":[{"id":33522,"href":"https:\/\/katolicka-gimnazija.hr\/index.php\/wp-json\/wp\/v2\/posts\/33519\/revisions\/33522"}],"wp:featuredmedia":[{"embeddable":true,"href":"https:\/\/katolicka-gimnazija.hr\/index.php\/wp-json\/wp\/v2\/media\/33521"}],"wp:attachment":[{"href":"https:\/\/katolicka-gimnazija.hr\/index.php\/wp-json\/wp\/v2\/media?parent=33519"}],"wp:term":[{"taxonomy":"category","embeddable":true,"href":"https:\/\/katolicka-gimnazija.hr\/index.php\/wp-json\/wp\/v2\/categories?post=33519"},{"taxonomy":"post_tag","embeddable":true,"href":"https:\/\/katolicka-gimnazija.hr\/index.php\/wp-json\/wp\/v2\/tags?post=33519"}],"curies":[{"name":"wp","href":"https:\/\/api.w.org\/{rel}","templated":true}]}}