{"id":3379,"date":"2025-10-13T11:00:15","date_gmt":"2025-10-13T09:00:15","guid":{"rendered":"http:\/\/katolicka-gimnazija.hr\/?p=3379"},"modified":"2025-10-14T09:27:31","modified_gmt":"2025-10-14T07:27:31","slug":"planovi-i-programi","status":"publish","type":"post","link":"https:\/\/katolicka-gimnazija.hr\/index.php\/2025\/10\/13\/planovi-i-programi\/","title":{"rendered":"Planovi i programi"},"content":{"rendered":"<p>Pod ovim izbornikom objavljene su informacije o godi\u0161njim planovima, programima, uputama, izvje\u0161\u0107ima o radu, financijskim izvje\u0161\u0107ima i drugim odgovaraju\u0107im dokumentima koji se odnose na podru\u010dje rada Katoli\u010dke gimnazije s pravom javnosti.<\/p>\n<p><a href=\"https:\/\/katolicka-gimnazija.hr\/wp-content\/uploads\/2025\/10\/Godisnji-plan-i-program-rada-2025.-2026.pdf\">Godi\u0161nji plan i program rada 2025.-2026.<\/a><\/p>\n<p><a href=\"https:\/\/katolicka-gimnazija.hr\/wp-content\/uploads\/2025\/10\/Skolski-kurikul-2025.-2026.pdf\">\u0160kolski kurikul 2025.-2026.<\/a><\/p>\n","protected":false},"excerpt":{"rendered":"<p>Pod ovim izbornikom objavljene su informacije o godi\u0161njim planovima, programima, uputama, izvje\u0161\u0107ima o radu, financijskim izvje\u0161\u0107ima i drugim odgovaraju\u0107im dokumentima koji se odnose na podru\u010dje rada Katoli\u010dke gimnazije s pravom javnosti. Godi\u0161nji plan i program rada 2025.-2026. \u0160kolski kurikul 2025.-2026.<\/p>\n","protected":false},"author":39,"featured_media":0,"comment_status":"closed","ping_status":"closed","sticky":false,"template":"","format":"standard","meta":{"footnotes":""},"categories":[194],"tags":[],"class_list":["post-3379","post","type-post","status-publish","format-standard","hentry","category-akti"],"_links":{"self":[{"href":"https:\/\/katolicka-gimnazija.hr\/index.php\/wp-json\/wp\/v2\/posts\/3379","targetHints":{"allow":["GET"]}}],"collection":[{"href":"https:\/\/katolicka-gimnazija.hr\/index.php\/wp-json\/wp\/v2\/posts"}],"about":[{"href":"https:\/\/katolicka-gimnazija.hr\/index.php\/wp-json\/wp\/v2\/types\/post"}],"author":[{"embeddable":true,"href":"https:\/\/katolicka-gimnazija.hr\/index.php\/wp-json\/wp\/v2\/users\/39"}],"replies":[{"embeddable":true,"href":"https:\/\/katolicka-gimnazija.hr\/index.php\/wp-json\/wp\/v2\/comments?post=3379"}],"version-history":[{"count":20,"href":"https:\/\/katolicka-gimnazija.hr\/index.php\/wp-json\/wp\/v2\/posts\/3379\/revisions"}],"predecessor-version":[{"id":33148,"href":"https:\/\/katolicka-gimnazija.hr\/index.php\/wp-json\/wp\/v2\/posts\/3379\/revisions\/33148"}],"wp:attachment":[{"href":"https:\/\/katolicka-gimnazija.hr\/index.php\/wp-json\/wp\/v2\/media?parent=3379"}],"wp:term":[{"taxonomy":"category","embeddable":true,"href":"https:\/\/katolicka-gimnazija.hr\/index.php\/wp-json\/wp\/v2\/categories?post=3379"},{"taxonomy":"post_tag","embeddable":true,"href":"https:\/\/katolicka-gimnazija.hr\/index.php\/wp-json\/wp\/v2\/tags?post=3379"}],"curies":[{"name":"wp","href":"https:\/\/api.w.org\/{rel}","templated":true}]}}