{"id":3388,"date":"2016-02-11T16:44:09","date_gmt":"2016-02-11T16:44:09","guid":{"rendered":"http:\/\/katolicka-gimnazija.hr\/?p=3388"},"modified":"2018-12-28T14:39:47","modified_gmt":"2018-12-28T14:39:47","slug":"e-matica","status":"publish","type":"post","link":"https:\/\/katolicka-gimnazija.hr\/index.php\/2016\/02\/11\/e-matica\/","title":{"rendered":"e-Matica"},"content":{"rendered":"<p>\u0160kolske ustanove du\u017ene su voditi evidenciju odgojno-obrazovnog rada, upisnik u\u010denika te upisnik radnika u pisanom i elektronskom obliku.<br \/>\nU Ministarstvu znanosti, obrazovanja i sporta vodi se zajedni\u010dki upisnik \u0161kolskih ustanova u elektronskom obliku (e-Matica) i sadr\u017ei sljede\u0107e evidencije:<\/p>\n<ol>\n<li>Upisnik ustanova,<\/li>\n<li>Evidenciju odgojno-obrazovnog rada u ustanovama za svaku \u0161kolsku godinu,<\/li>\n<li>Upisnik u\u010denika u ustanovama i<\/li>\n<li>Upisnik radnika ustanova.<\/li>\n<\/ol>\n<p>Podatke u Upisnik ustanova upisuje Ministarstvo znanosti, obrazovanja i sporta, a podatke u ostale evidencije upisuju \u0161kolske ustanove najkasnije do 30. rujna teku\u0107e godine.<\/p>\n<p>Podaci iz e-Matice za\u0161ti\u0107eni su od zlouporabe, uni\u0161tenja, gubitka, neovla\u0161tenih promjena ili pristupa, u skladu s odredbama propisa kojima se ure\u0111uje za\u0161tita osobnih podataka.<br \/>\nVoditelj zbirke podataka i korisnik osobnih podataka sadr\u017eanih u evidencijama iz e-Matice je Ministarstvo znanosti, obrazovanja i sporta.<br \/>\nVoditelj zbirke podataka za pojedina\u010dnu ustanovu je pojedina\u010dna \u0161kolska ustanova.<br \/>\nOvla\u0161tenja za pristup i razine pristupa podacima iz e-Matice odobrava Ministarstvo znanosti, obrazovanja i sporta.<br \/>\nObveze, na\u010dine i rokove uno\u0161enja podataka u e-Maticu, ovla\u0161tenja za pristup i kori\u0161tenje podataka te sigurnost i na\u010din razmjene podataka propisuje ministar pravilnikom.<\/p>\n<p>Podatke u evidenciju odgojno-obrazovnog rada, upisnik u\u010denika i upisnik radnika Katoli\u010dke gimnazije s pravom javnosti upisuju razrednici i administrator imenika, sukladno ovla\u0161tenjima za pristup.<br \/>\nPitanja u vezi kori\u0161tenja e-Matice nastavnici upu\u0107uju isklju\u010divo administratoru imenika.<\/p>\n<p>Nastavnici i administrator imenika prijavljuju se u e-Maticu na adresi <a href=\"https:\/\/matice.mzos.hr\/\">https:\/\/matice.mzos.hr\/<\/a> elektroni\u010dkim identitetom koji dobiju od administratora imenika.<\/p>\n<p><a href=\"http:\/\/katolicka-gimnazija.hr\/wp-content\/uploads\/2016\/02\/Pravilnik-o-zajedni--kome-upisniku---kolskih-ustanova-u-elektroni--kome-obliku-e-Matici-Narodne-novine-broj-86_15..pdf\">Pravilnik o zajedni\u010dkome upisniku \u0161kolskih ustanova u elektroni\u010dkome obliku &#8211; e-Matici (Narodne novine broj 86_15.)<\/a> <\/p>\n","protected":false},"excerpt":{"rendered":"<p>\u0160kolske ustanove du\u017ene su voditi evidenciju odgojno-obrazovnog rada, upisnik u\u010denika te upisnik radnika u pisanom i elektronskom obliku. U Ministarstvu znanosti, obrazovanja i sporta vodi se zajedni\u010dki upisnik \u0161kolskih ustanova u elektronskom obliku (e-Matica) i sadr\u017ei sljede\u0107e evidencije: Upisnik ustanova, Evidenciju odgojno-obrazovnog rada u ustanovama za svaku \u0161kolsku godinu, Upisnik u\u010denika u ustanovama i Upisnik [&hellip;]<\/p>\n","protected":false},"author":39,"featured_media":0,"comment_status":"closed","ping_status":"closed","sticky":false,"template":"","format":"standard","meta":{"footnotes":""},"categories":[195],"tags":[],"class_list":["post-3388","post","type-post","status-publish","format-standard","hentry","category-baze-podataka"],"_links":{"self":[{"href":"https:\/\/katolicka-gimnazija.hr\/index.php\/wp-json\/wp\/v2\/posts\/3388","targetHints":{"allow":["GET"]}}],"collection":[{"href":"https:\/\/katolicka-gimnazija.hr\/index.php\/wp-json\/wp\/v2\/posts"}],"about":[{"href":"https:\/\/katolicka-gimnazija.hr\/index.php\/wp-json\/wp\/v2\/types\/post"}],"author":[{"embeddable":true,"href":"https:\/\/katolicka-gimnazija.hr\/index.php\/wp-json\/wp\/v2\/users\/39"}],"replies":[{"embeddable":true,"href":"https:\/\/katolicka-gimnazija.hr\/index.php\/wp-json\/wp\/v2\/comments?post=3388"}],"version-history":[{"count":2,"href":"https:\/\/katolicka-gimnazija.hr\/index.php\/wp-json\/wp\/v2\/posts\/3388\/revisions"}],"predecessor-version":[{"id":15119,"href":"https:\/\/katolicka-gimnazija.hr\/index.php\/wp-json\/wp\/v2\/posts\/3388\/revisions\/15119"}],"wp:attachment":[{"href":"https:\/\/katolicka-gimnazija.hr\/index.php\/wp-json\/wp\/v2\/media?parent=3388"}],"wp:term":[{"taxonomy":"category","embeddable":true,"href":"https:\/\/katolicka-gimnazija.hr\/index.php\/wp-json\/wp\/v2\/categories?post=3388"},{"taxonomy":"post_tag","embeddable":true,"href":"https:\/\/katolicka-gimnazija.hr\/index.php\/wp-json\/wp\/v2\/tags?post=3388"}],"curies":[{"name":"wp","href":"https:\/\/api.w.org\/{rel}","templated":true}]}}