{"id":33922,"date":"2025-12-22T09:57:06","date_gmt":"2025-12-22T08:57:06","guid":{"rendered":"https:\/\/katolicka-gimnazija.hr\/?p=33922"},"modified":"2025-12-22T09:57:06","modified_gmt":"2025-12-22T08:57:06","slug":"veseli-pastiri-i-volonteri-za-radost-dosasca","status":"publish","type":"post","link":"https:\/\/katolicka-gimnazija.hr\/index.php\/2025\/12\/22\/veseli-pastiri-i-volonteri-za-radost-dosasca\/","title":{"rendered":"Veseli pastiri i volonteri za radost do\u0161a\u0161\u0107a"},"content":{"rendered":"<p>U subotu 21. prosinca uklju\u010dili smo se u humanitarni sajam ispred po\u017ee\u0161ke katedrale u okviru adventskog programa Turisti\u010dke zajednice grada Po\u017eege. Hvalevrijedna inicijativa namijenila je prikupljena financijska sredstva Caritasovoj kuhinji koja skrbi o najpotrebitijima u na\u0161oj okolici. Pokraj na\u0161eg sjaja i blagostanja treba neprestano njegovati sluh za tu\u0111u nevolju i patnju. Volonterski klub na\u0161e \u0161kole sudjelovao je na humanitarnom \u0161tandu s biskupijskim Caritasom te ponudio posjetiteljima prigodne, svjetlucave, bo\u017ei\u0107ne dekoracije dok su se najljep\u0161im po\u017ee\u0161kim trgom \u0161irili mirisi cimeta, klin\u010di\u0107a, vanilije. Uklju\u010dilo se ukupno sedam u\u010denika volontera koji prepoznaju va\u017enost volontiranja, uklju\u010duju se i tako doprinose zajednici u kojoj \u017eive. Koordinirala ih je psihologinja Nikolina Bodolovi\u0107.<br \/>\nProfesori Katoli\u010dke gimnazije \u017eeljeli su dati svoj doprinos ovom plemenitom cilju kroz vlastiti humanitarni \u0161tand &#8220;Kod veselih pastira&#8221;. Profesori &#8211; veseli pastiri ponudili su posjetiteljima toplu okrjepu prigodnu situaciji, bo\u017ei\u0107ne jaslice i slike duhovnih motiva za dobrovoljni dar Caritasovoj kuhinji. \u0160to je dobro, ne treba mijenjati &#8211; dogodine \u0107e tako veseli pastiri jedino poraditi na pastirskoj odje\u0107i! Sude\u0107i po gu\u017evi ispred KG \u0161tanda zaklju\u010dujemo da su pastiri izvrsno prepoznali \u017eelje i potrebe dragih sugra\u0111ana okupljenih najprije oko adventskog vijenca na kojem se upalila 4. svje\u0107ica, a potom raspjevanih tijekom duhovnog koncerta sestara Husar. U ovo hladno i maglovito subotnje ve\u010de \u017eeljeli smo pokloniti svoj plami\u010dak i stvarati radost do\u0161a\u0161\u0107a sa svim ljudima dobre volje!<\/p>\n<p><a href=\"https:\/\/katolicka-gimnazija.hr\/wp-content\/uploads\/2025\/12\/1000015801-scaled.jpg\"><img loading=\"lazy\" decoding=\"async\" class=\"alignnone size-medium wp-image-33924\" src=\"https:\/\/katolicka-gimnazija.hr\/wp-content\/uploads\/2025\/12\/1000015801-300x225.jpg\" alt=\"\" width=\"300\" height=\"225\" srcset=\"https:\/\/katolicka-gimnazija.hr\/wp-content\/uploads\/2025\/12\/1000015801-300x225.jpg 300w, https:\/\/katolicka-gimnazija.hr\/wp-content\/uploads\/2025\/12\/1000015801-1024x768.jpg 1024w, https:\/\/katolicka-gimnazija.hr\/wp-content\/uploads\/2025\/12\/1000015801-768x576.jpg 768w, https:\/\/katolicka-gimnazija.hr\/wp-content\/uploads\/2025\/12\/1000015801-1536x1152.jpg 1536w, https:\/\/katolicka-gimnazija.hr\/wp-content\/uploads\/2025\/12\/1000015801-2048x1536.jpg 2048w, https:\/\/katolicka-gimnazija.hr\/wp-content\/uploads\/2025\/12\/1000015801-400x300.jpg 400w\" sizes=\"auto, (max-width: 300px) 100vw, 300px\" \/><\/a> <a href=\"https:\/\/katolicka-gimnazija.hr\/wp-content\/uploads\/2025\/12\/1000015803-scaled.jpg\"><img loading=\"lazy\" decoding=\"async\" class=\"alignnone size-medium wp-image-33925\" src=\"https:\/\/katolicka-gimnazija.hr\/wp-content\/uploads\/2025\/12\/1000015803-300x225.jpg\" alt=\"\" width=\"300\" height=\"225\" srcset=\"https:\/\/katolicka-gimnazija.hr\/wp-content\/uploads\/2025\/12\/1000015803-300x225.jpg 300w, https:\/\/katolicka-gimnazija.hr\/wp-content\/uploads\/2025\/12\/1000015803-1024x768.jpg 1024w, https:\/\/katolicka-gimnazija.hr\/wp-content\/uploads\/2025\/12\/1000015803-768x576.jpg 768w, https:\/\/katolicka-gimnazija.hr\/wp-content\/uploads\/2025\/12\/1000015803-1536x1152.jpg 1536w, https:\/\/katolicka-gimnazija.hr\/wp-content\/uploads\/2025\/12\/1000015803-2048x1536.jpg 2048w, https:\/\/katolicka-gimnazija.hr\/wp-content\/uploads\/2025\/12\/1000015803-400x300.jpg 400w\" sizes=\"auto, (max-width: 300px) 100vw, 300px\" \/><\/a> <a href=\"https:\/\/katolicka-gimnazija.hr\/wp-content\/uploads\/2025\/12\/1000015805-scaled.jpg\"><img loading=\"lazy\" decoding=\"async\" class=\"alignnone size-medium wp-image-33926\" src=\"https:\/\/katolicka-gimnazija.hr\/wp-content\/uploads\/2025\/12\/1000015805-300x225.jpg\" alt=\"\" width=\"300\" height=\"225\" srcset=\"https:\/\/katolicka-gimnazija.hr\/wp-content\/uploads\/2025\/12\/1000015805-300x225.jpg 300w, https:\/\/katolicka-gimnazija.hr\/wp-content\/uploads\/2025\/12\/1000015805-1024x768.jpg 1024w, https:\/\/katolicka-gimnazija.hr\/wp-content\/uploads\/2025\/12\/1000015805-768x576.jpg 768w, https:\/\/katolicka-gimnazija.hr\/wp-content\/uploads\/2025\/12\/1000015805-1536x1152.jpg 1536w, https:\/\/katolicka-gimnazija.hr\/wp-content\/uploads\/2025\/12\/1000015805-2048x1536.jpg 2048w, https:\/\/katolicka-gimnazija.hr\/wp-content\/uploads\/2025\/12\/1000015805-400x300.jpg 400w\" sizes=\"auto, (max-width: 300px) 100vw, 300px\" \/><\/a> <a href=\"https:\/\/katolicka-gimnazija.hr\/wp-content\/uploads\/2025\/12\/1000015807-scaled.jpg\"><img loading=\"lazy\" decoding=\"async\" class=\"alignnone size-medium wp-image-33927\" src=\"https:\/\/katolicka-gimnazija.hr\/wp-content\/uploads\/2025\/12\/1000015807-300x225.jpg\" alt=\"\" width=\"300\" height=\"225\" srcset=\"https:\/\/katolicka-gimnazija.hr\/wp-content\/uploads\/2025\/12\/1000015807-300x225.jpg 300w, https:\/\/katolicka-gimnazija.hr\/wp-content\/uploads\/2025\/12\/1000015807-1024x768.jpg 1024w, https:\/\/katolicka-gimnazija.hr\/wp-content\/uploads\/2025\/12\/1000015807-768x576.jpg 768w, https:\/\/katolicka-gimnazija.hr\/wp-content\/uploads\/2025\/12\/1000015807-1536x1152.jpg 1536w, https:\/\/katolicka-gimnazija.hr\/wp-content\/uploads\/2025\/12\/1000015807-2048x1536.jpg 2048w, https:\/\/katolicka-gimnazija.hr\/wp-content\/uploads\/2025\/12\/1000015807-400x300.jpg 400w\" sizes=\"auto, (max-width: 300px) 100vw, 300px\" \/><\/a> <a href=\"https:\/\/katolicka-gimnazija.hr\/wp-content\/uploads\/2025\/12\/1000015808-scaled.jpg\"><img loading=\"lazy\" decoding=\"async\" class=\"alignnone size-medium wp-image-33928\" src=\"https:\/\/katolicka-gimnazija.hr\/wp-content\/uploads\/2025\/12\/1000015808-300x225.jpg\" alt=\"\" width=\"300\" height=\"225\" srcset=\"https:\/\/katolicka-gimnazija.hr\/wp-content\/uploads\/2025\/12\/1000015808-300x225.jpg 300w, https:\/\/katolicka-gimnazija.hr\/wp-content\/uploads\/2025\/12\/1000015808-1024x768.jpg 1024w, https:\/\/katolicka-gimnazija.hr\/wp-content\/uploads\/2025\/12\/1000015808-768x576.jpg 768w, https:\/\/katolicka-gimnazija.hr\/wp-content\/uploads\/2025\/12\/1000015808-1536x1152.jpg 1536w, https:\/\/katolicka-gimnazija.hr\/wp-content\/uploads\/2025\/12\/1000015808-2048x1536.jpg 2048w, https:\/\/katolicka-gimnazija.hr\/wp-content\/uploads\/2025\/12\/1000015808-400x300.jpg 400w\" sizes=\"auto, (max-width: 300px) 100vw, 300px\" \/><\/a> <a href=\"https:\/\/katolicka-gimnazija.hr\/wp-content\/uploads\/2025\/12\/1000015811-scaled.jpg\"><img loading=\"lazy\" decoding=\"async\" class=\"alignnone size-medium wp-image-33929\" src=\"https:\/\/katolicka-gimnazija.hr\/wp-content\/uploads\/2025\/12\/1000015811-225x300.jpg\" alt=\"\" width=\"225\" height=\"300\" srcset=\"https:\/\/katolicka-gimnazija.hr\/wp-content\/uploads\/2025\/12\/1000015811-225x300.jpg 225w, https:\/\/katolicka-gimnazija.hr\/wp-content\/uploads\/2025\/12\/1000015811-768x1024.jpg 768w, https:\/\/katolicka-gimnazija.hr\/wp-content\/uploads\/2025\/12\/1000015811-1152x1536.jpg 1152w, https:\/\/katolicka-gimnazija.hr\/wp-content\/uploads\/2025\/12\/1000015811-1536x2048.jpg 1536w, https:\/\/katolicka-gimnazija.hr\/wp-content\/uploads\/2025\/12\/1000015811-scaled.jpg 1920w\" sizes=\"auto, (max-width: 225px) 100vw, 225px\" \/><\/a> <a href=\"https:\/\/katolicka-gimnazija.hr\/wp-content\/uploads\/2025\/12\/1000015823.jpg\"><img loading=\"lazy\" decoding=\"async\" class=\"alignnone size-medium wp-image-33930\" src=\"https:\/\/katolicka-gimnazija.hr\/wp-content\/uploads\/2025\/12\/1000015823-225x300.jpg\" alt=\"\" width=\"225\" height=\"300\" srcset=\"https:\/\/katolicka-gimnazija.hr\/wp-content\/uploads\/2025\/12\/1000015823-225x300.jpg 225w, https:\/\/katolicka-gimnazija.hr\/wp-content\/uploads\/2025\/12\/1000015823-768x1024.jpg 768w, https:\/\/katolicka-gimnazija.hr\/wp-content\/uploads\/2025\/12\/1000015823-1152x1536.jpg 1152w, https:\/\/katolicka-gimnazija.hr\/wp-content\/uploads\/2025\/12\/1000015823.jpg 1200w\" sizes=\"auto, (max-width: 225px) 100vw, 225px\" \/><\/a> <a href=\"https:\/\/katolicka-gimnazija.hr\/wp-content\/uploads\/2025\/12\/adv_stand-3.jpg\"><img loading=\"lazy\" decoding=\"async\" class=\"alignnone size-medium wp-image-33931\" src=\"https:\/\/katolicka-gimnazija.hr\/wp-content\/uploads\/2025\/12\/adv_stand-3-300x200.jpg\" alt=\"\" width=\"300\" height=\"200\" srcset=\"https:\/\/katolicka-gimnazija.hr\/wp-content\/uploads\/2025\/12\/adv_stand-3-300x200.jpg 300w, https:\/\/katolicka-gimnazija.hr\/wp-content\/uploads\/2025\/12\/adv_stand-3-1024x683.jpg 1024w, https:\/\/katolicka-gimnazija.hr\/wp-content\/uploads\/2025\/12\/adv_stand-3-768x512.jpg 768w, https:\/\/katolicka-gimnazija.hr\/wp-content\/uploads\/2025\/12\/adv_stand-3-1536x1025.jpg 1536w, https:\/\/katolicka-gimnazija.hr\/wp-content\/uploads\/2025\/12\/adv_stand-3-400x267.jpg 400w, https:\/\/katolicka-gimnazija.hr\/wp-content\/uploads\/2025\/12\/adv_stand-3.jpg 2048w\" sizes=\"auto, (max-width: 300px) 100vw, 300px\" \/><\/a> <a href=\"https:\/\/katolicka-gimnazija.hr\/wp-content\/uploads\/2025\/12\/adv_stand2.jpg\"><img loading=\"lazy\" decoding=\"async\" class=\"alignnone size-medium wp-image-33932\" src=\"https:\/\/katolicka-gimnazija.hr\/wp-content\/uploads\/2025\/12\/adv_stand2-300x200.jpg\" alt=\"\" width=\"300\" height=\"200\" srcset=\"https:\/\/katolicka-gimnazija.hr\/wp-content\/uploads\/2025\/12\/adv_stand2-300x200.jpg 300w, https:\/\/katolicka-gimnazija.hr\/wp-content\/uploads\/2025\/12\/adv_stand2-1024x683.jpg 1024w, https:\/\/katolicka-gimnazija.hr\/wp-content\/uploads\/2025\/12\/adv_stand2-768x512.jpg 768w, https:\/\/katolicka-gimnazija.hr\/wp-content\/uploads\/2025\/12\/adv_stand2-1536x1025.jpg 1536w, https:\/\/katolicka-gimnazija.hr\/wp-content\/uploads\/2025\/12\/adv_stand2-400x267.jpg 400w, https:\/\/katolicka-gimnazija.hr\/wp-content\/uploads\/2025\/12\/adv_stand2.jpg 2048w\" sizes=\"auto, (max-width: 300px) 100vw, 300px\" \/><\/a><\/p>\n","protected":false},"excerpt":{"rendered":"<p>U subotu 21. prosinca uklju\u010dili smo se u humanitarni sajam ispred po\u017ee\u0161ke katedrale u okviru adventskog programa Turisti\u010dke zajednice grada Po\u017eege. Hvalevrijedna inicijativa namijenila je prikupljena financijska sredstva Caritasovoj kuhinji koja skrbi o najpotrebitijima u na\u0161oj okolici. Pokraj na\u0161eg sjaja i blagostanja treba neprestano njegovati sluh za tu\u0111u nevolju i patnju. Volonterski klub na\u0161e \u0161kole [&hellip;]<\/p>\n","protected":false},"author":75,"featured_media":33923,"comment_status":"closed","ping_status":"closed","sticky":false,"template":"","format":"standard","meta":{"footnotes":""},"categories":[4,208,23,2],"tags":[],"class_list":["post-33922","post","type-post","status-publish","format-standard","has-post-thumbnail","hentry","category-fotogalerije","category-humanitarno","category-ostalo","category-vijesti"],"_links":{"self":[{"href":"https:\/\/katolicka-gimnazija.hr\/index.php\/wp-json\/wp\/v2\/posts\/33922","targetHints":{"allow":["GET"]}}],"collection":[{"href":"https:\/\/katolicka-gimnazija.hr\/index.php\/wp-json\/wp\/v2\/posts"}],"about":[{"href":"https:\/\/katolicka-gimnazija.hr\/index.php\/wp-json\/wp\/v2\/types\/post"}],"author":[{"embeddable":true,"href":"https:\/\/katolicka-gimnazija.hr\/index.php\/wp-json\/wp\/v2\/users\/75"}],"replies":[{"embeddable":true,"href":"https:\/\/katolicka-gimnazija.hr\/index.php\/wp-json\/wp\/v2\/comments?post=33922"}],"version-history":[{"count":1,"href":"https:\/\/katolicka-gimnazija.hr\/index.php\/wp-json\/wp\/v2\/posts\/33922\/revisions"}],"predecessor-version":[{"id":33933,"href":"https:\/\/katolicka-gimnazija.hr\/index.php\/wp-json\/wp\/v2\/posts\/33922\/revisions\/33933"}],"wp:featuredmedia":[{"embeddable":true,"href":"https:\/\/katolicka-gimnazija.hr\/index.php\/wp-json\/wp\/v2\/media\/33923"}],"wp:attachment":[{"href":"https:\/\/katolicka-gimnazija.hr\/index.php\/wp-json\/wp\/v2\/media?parent=33922"}],"wp:term":[{"taxonomy":"category","embeddable":true,"href":"https:\/\/katolicka-gimnazija.hr\/index.php\/wp-json\/wp\/v2\/categories?post=33922"},{"taxonomy":"post_tag","embeddable":true,"href":"https:\/\/katolicka-gimnazija.hr\/index.php\/wp-json\/wp\/v2\/tags?post=33922"}],"curies":[{"name":"wp","href":"https:\/\/api.w.org\/{rel}","templated":true}]}}