{"id":33934,"date":"2025-12-20T13:04:25","date_gmt":"2025-12-20T12:04:25","guid":{"rendered":"https:\/\/katolicka-gimnazija.hr\/?p=33934"},"modified":"2025-12-22T13:18:06","modified_gmt":"2025-12-22T12:18:06","slug":"predbozicna-priredba-ucenika-kg-a","status":"publish","type":"post","link":"https:\/\/katolicka-gimnazija.hr\/index.php\/2025\/12\/20\/predbozicna-priredba-ucenika-kg-a\/","title":{"rendered":"Predbo\u017ei\u0107na priredba u\u010denika KG-a"},"content":{"rendered":"<p data-start=\"112\" data-end=\"280\">U petak, <strong data-start=\"121\" data-end=\"163\">19. prosinca 2025. godine u 11:00 sati<\/strong>\u00a0u <strong data-start=\"167\" data-end=\"199\">Dvorani sv. Terezije Avilske<\/strong> odr\u017eao se tradicionalni \u0161kolski predbo\u017ei\u0107ni program pod nazivom <strong data-start=\"250\" data-end=\"279\">\u201eDuh Sveti si\u0107i \u0107e na te\u201c<\/strong>.<\/p>\n<p data-start=\"282\" data-end=\"491\">U ozra\u010dju adventa i priprave za Bo\u017ei\u0107, u\u010denici i djelatnici \u0161kole pripremili su bogat i raznolik program koji objedinjuje glazbu, recitacije, dramske i plesne to\u010dke te biblijsko promi\u0161ljanje o zna\u010denju Bo\u017ei\u0107a, a sve pod palicom moderatorice programa prof. \u0106orluka.<\/p>\n<p data-start=\"493\" data-end=\"933\">Program je zapo\u010deo pjesmom <strong data-start=\"519\" data-end=\"537\">\u201eOj, Djete\u0161ce\u201c<\/strong> u izvedbi \u0161kolskog benda, nakon \u010dega je uslijedila zajedni\u010dka molitva <strong data-start=\"591\" data-end=\"602\">O\u010dena\u0161a <\/strong><span data-start=\"591\" data-end=\"602\">te vjerou\u010diteljevo <\/span><strong data-start=\"620\" data-end=\"654\">biblijsko razmatranje o Bo\u017ei\u0107u. <\/strong>Na sebi svojstven na\u010din o Bo\u017ei\u0107u je promi\u0161ljala dramska dru\u017eina scenskom igrom\u00a0<strong>Bo\u017ei\u0107ne perpetije <\/strong>i recitalom <strong>Duh Sveti si\u0107i \u0107e na te <\/strong>dok je poseban doprinos programu dao \u0161kolski zbor izvedbama pjesama <strong data-start=\"783\" data-end=\"800\">\u201eLet it snow\u201c<\/strong>, <strong data-start=\"802\" data-end=\"825\">\u201eTri kralja jahahu\u201c<\/strong> i <strong data-start=\"828\" data-end=\"854\">\u201eSretan Bo\u017ei\u0107 svakome\u201c.<\/strong><\/p>\n<p data-start=\"935\" data-end=\"1129\">U programu su se predstavili i u\u010denici Nautesa i TV sekcije <strong data-start=\"987\" data-end=\"1022\">adventskom jezi\u010dnom poslasticom<\/strong> i <strong data-start=\"1025\" data-end=\"1047\">bo\u017ei\u0107nom \u010destitkom<\/strong>, a na kraju programa nazo\u010dnima su se prigodnim rije\u010dima obratili ravnatelj \u0161kole Ivan Bedeni\u010di\u0107 i predstojnik Ureda za katoli\u010dke \u0161kole vl\u010d. Krunoslav Jurakovi\u0107.<\/p>\n<div id='gallery-1' class='gallery galleryid-33934 gallery-columns-3 gallery-size-medium'><figure class='gallery-item'>\n\t\t\t<div class='gallery-icon landscape'>\n\t\t\t\t<a href='https:\/\/katolicka-gimnazija.hr\/wp-content\/uploads\/2025\/12\/DSCF2729.jpg'><img loading=\"lazy\" decoding=\"async\" width=\"300\" height=\"169\" src=\"https:\/\/katolicka-gimnazija.hr\/wp-content\/uploads\/2025\/12\/DSCF2729-300x169.jpg\" class=\"attachment-medium size-medium\" alt=\"\" srcset=\"https:\/\/katolicka-gimnazija.hr\/wp-content\/uploads\/2025\/12\/DSCF2729-300x169.jpg 300w, https:\/\/katolicka-gimnazija.hr\/wp-content\/uploads\/2025\/12\/DSCF2729-1024x577.jpg 1024w, https:\/\/katolicka-gimnazija.hr\/wp-content\/uploads\/2025\/12\/DSCF2729-768x433.jpg 768w, https:\/\/katolicka-gimnazija.hr\/wp-content\/uploads\/2025\/12\/DSCF2729-1536x865.jpg 1536w, https:\/\/katolicka-gimnazija.hr\/wp-content\/uploads\/2025\/12\/DSCF2729-2048x1154.jpg 2048w, https:\/\/katolicka-gimnazija.hr\/wp-content\/uploads\/2025\/12\/DSCF2729-400x225.jpg 400w\" sizes=\"auto, (max-width: 300px) 100vw, 300px\" \/><\/a>\n\t\t\t<\/div><\/figure><figure class='gallery-item'>\n\t\t\t<div class='gallery-icon landscape'>\n\t\t\t\t<a href='https:\/\/katolicka-gimnazija.hr\/wp-content\/uploads\/2025\/12\/DSCF2685.jpg'><img loading=\"lazy\" decoding=\"async\" width=\"300\" height=\"169\" src=\"https:\/\/katolicka-gimnazija.hr\/wp-content\/uploads\/2025\/12\/DSCF2685-300x169.jpg\" class=\"attachment-medium size-medium\" alt=\"\" srcset=\"https:\/\/katolicka-gimnazija.hr\/wp-content\/uploads\/2025\/12\/DSCF2685-300x169.jpg 300w, https:\/\/katolicka-gimnazija.hr\/wp-content\/uploads\/2025\/12\/DSCF2685-1024x577.jpg 1024w, https:\/\/katolicka-gimnazija.hr\/wp-content\/uploads\/2025\/12\/DSCF2685-768x433.jpg 768w, https:\/\/katolicka-gimnazija.hr\/wp-content\/uploads\/2025\/12\/DSCF2685-1536x865.jpg 1536w, https:\/\/katolicka-gimnazija.hr\/wp-content\/uploads\/2025\/12\/DSCF2685-2048x1154.jpg 2048w, https:\/\/katolicka-gimnazija.hr\/wp-content\/uploads\/2025\/12\/DSCF2685-400x225.jpg 400w\" sizes=\"auto, (max-width: 300px) 100vw, 300px\" \/><\/a>\n\t\t\t<\/div><\/figure><figure class='gallery-item'>\n\t\t\t<div class='gallery-icon landscape'>\n\t\t\t\t<a href='https:\/\/katolicka-gimnazija.hr\/wp-content\/uploads\/2025\/12\/DSCF2822.jpg'><img loading=\"lazy\" decoding=\"async\" width=\"300\" height=\"169\" src=\"https:\/\/katolicka-gimnazija.hr\/wp-content\/uploads\/2025\/12\/DSCF2822-300x169.jpg\" class=\"attachment-medium size-medium\" alt=\"\" srcset=\"https:\/\/katolicka-gimnazija.hr\/wp-content\/uploads\/2025\/12\/DSCF2822-300x169.jpg 300w, https:\/\/katolicka-gimnazija.hr\/wp-content\/uploads\/2025\/12\/DSCF2822-1024x577.jpg 1024w, https:\/\/katolicka-gimnazija.hr\/wp-content\/uploads\/2025\/12\/DSCF2822-768x433.jpg 768w, https:\/\/katolicka-gimnazija.hr\/wp-content\/uploads\/2025\/12\/DSCF2822-1536x865.jpg 1536w, https:\/\/katolicka-gimnazija.hr\/wp-content\/uploads\/2025\/12\/DSCF2822-2048x1154.jpg 2048w, https:\/\/katolicka-gimnazija.hr\/wp-content\/uploads\/2025\/12\/DSCF2822-400x225.jpg 400w\" sizes=\"auto, (max-width: 300px) 100vw, 300px\" \/><\/a>\n\t\t\t<\/div><\/figure><figure class='gallery-item'>\n\t\t\t<div class='gallery-icon landscape'>\n\t\t\t\t<a href='https:\/\/katolicka-gimnazija.hr\/wp-content\/uploads\/2025\/12\/DSCF2714.jpg'><img loading=\"lazy\" decoding=\"async\" width=\"300\" height=\"169\" src=\"https:\/\/katolicka-gimnazija.hr\/wp-content\/uploads\/2025\/12\/DSCF2714-300x169.jpg\" class=\"attachment-medium size-medium\" alt=\"\" srcset=\"https:\/\/katolicka-gimnazija.hr\/wp-content\/uploads\/2025\/12\/DSCF2714-300x169.jpg 300w, https:\/\/katolicka-gimnazija.hr\/wp-content\/uploads\/2025\/12\/DSCF2714-1024x577.jpg 1024w, https:\/\/katolicka-gimnazija.hr\/wp-content\/uploads\/2025\/12\/DSCF2714-768x433.jpg 768w, https:\/\/katolicka-gimnazija.hr\/wp-content\/uploads\/2025\/12\/DSCF2714-1536x865.jpg 1536w, https:\/\/katolicka-gimnazija.hr\/wp-content\/uploads\/2025\/12\/DSCF2714-2048x1154.jpg 2048w, https:\/\/katolicka-gimnazija.hr\/wp-content\/uploads\/2025\/12\/DSCF2714-400x225.jpg 400w\" sizes=\"auto, (max-width: 300px) 100vw, 300px\" \/><\/a>\n\t\t\t<\/div><\/figure><figure class='gallery-item'>\n\t\t\t<div class='gallery-icon landscape'>\n\t\t\t\t<a href='https:\/\/katolicka-gimnazija.hr\/wp-content\/uploads\/2025\/12\/DSCF2733.jpg'><img loading=\"lazy\" decoding=\"async\" width=\"300\" height=\"169\" src=\"https:\/\/katolicka-gimnazija.hr\/wp-content\/uploads\/2025\/12\/DSCF2733-300x169.jpg\" class=\"attachment-medium size-medium\" alt=\"\" srcset=\"https:\/\/katolicka-gimnazija.hr\/wp-content\/uploads\/2025\/12\/DSCF2733-300x169.jpg 300w, https:\/\/katolicka-gimnazija.hr\/wp-content\/uploads\/2025\/12\/DSCF2733-1024x577.jpg 1024w, https:\/\/katolicka-gimnazija.hr\/wp-content\/uploads\/2025\/12\/DSCF2733-768x433.jpg 768w, https:\/\/katolicka-gimnazija.hr\/wp-content\/uploads\/2025\/12\/DSCF2733-1536x865.jpg 1536w, https:\/\/katolicka-gimnazija.hr\/wp-content\/uploads\/2025\/12\/DSCF2733-2048x1154.jpg 2048w, https:\/\/katolicka-gimnazija.hr\/wp-content\/uploads\/2025\/12\/DSCF2733-400x225.jpg 400w\" sizes=\"auto, (max-width: 300px) 100vw, 300px\" \/><\/a>\n\t\t\t<\/div><\/figure><figure class='gallery-item'>\n\t\t\t<div class='gallery-icon landscape'>\n\t\t\t\t<a href='https:\/\/katolicka-gimnazija.hr\/wp-content\/uploads\/2025\/12\/DSCF2819.jpg'><img loading=\"lazy\" decoding=\"async\" width=\"300\" height=\"169\" src=\"https:\/\/katolicka-gimnazija.hr\/wp-content\/uploads\/2025\/12\/DSCF2819-300x169.jpg\" class=\"attachment-medium size-medium\" alt=\"\" srcset=\"https:\/\/katolicka-gimnazija.hr\/wp-content\/uploads\/2025\/12\/DSCF2819-300x169.jpg 300w, https:\/\/katolicka-gimnazija.hr\/wp-content\/uploads\/2025\/12\/DSCF2819-1024x577.jpg 1024w, https:\/\/katolicka-gimnazija.hr\/wp-content\/uploads\/2025\/12\/DSCF2819-768x433.jpg 768w, https:\/\/katolicka-gimnazija.hr\/wp-content\/uploads\/2025\/12\/DSCF2819-1536x865.jpg 1536w, https:\/\/katolicka-gimnazija.hr\/wp-content\/uploads\/2025\/12\/DSCF2819-2048x1154.jpg 2048w, https:\/\/katolicka-gimnazija.hr\/wp-content\/uploads\/2025\/12\/DSCF2819-400x225.jpg 400w\" sizes=\"auto, (max-width: 300px) 100vw, 300px\" \/><\/a>\n\t\t\t<\/div><\/figure><figure class='gallery-item'>\n\t\t\t<div class='gallery-icon landscape'>\n\t\t\t\t<a href='https:\/\/katolicka-gimnazija.hr\/wp-content\/uploads\/2025\/12\/DSCF2827.jpg'><img loading=\"lazy\" decoding=\"async\" width=\"300\" height=\"169\" src=\"https:\/\/katolicka-gimnazija.hr\/wp-content\/uploads\/2025\/12\/DSCF2827-300x169.jpg\" class=\"attachment-medium size-medium\" alt=\"\" srcset=\"https:\/\/katolicka-gimnazija.hr\/wp-content\/uploads\/2025\/12\/DSCF2827-300x169.jpg 300w, https:\/\/katolicka-gimnazija.hr\/wp-content\/uploads\/2025\/12\/DSCF2827-1024x577.jpg 1024w, https:\/\/katolicka-gimnazija.hr\/wp-content\/uploads\/2025\/12\/DSCF2827-768x433.jpg 768w, https:\/\/katolicka-gimnazija.hr\/wp-content\/uploads\/2025\/12\/DSCF2827-1536x865.jpg 1536w, https:\/\/katolicka-gimnazija.hr\/wp-content\/uploads\/2025\/12\/DSCF2827-2048x1154.jpg 2048w, https:\/\/katolicka-gimnazija.hr\/wp-content\/uploads\/2025\/12\/DSCF2827-400x225.jpg 400w\" sizes=\"auto, (max-width: 300px) 100vw, 300px\" \/><\/a>\n\t\t\t<\/div><\/figure><figure class='gallery-item'>\n\t\t\t<div class='gallery-icon landscape'>\n\t\t\t\t<a href='https:\/\/katolicka-gimnazija.hr\/wp-content\/uploads\/2025\/12\/DSCF2690.jpg'><img loading=\"lazy\" decoding=\"async\" width=\"300\" height=\"169\" src=\"https:\/\/katolicka-gimnazija.hr\/wp-content\/uploads\/2025\/12\/DSCF2690-300x169.jpg\" class=\"attachment-medium size-medium\" alt=\"\" srcset=\"https:\/\/katolicka-gimnazija.hr\/wp-content\/uploads\/2025\/12\/DSCF2690-300x169.jpg 300w, https:\/\/katolicka-gimnazija.hr\/wp-content\/uploads\/2025\/12\/DSCF2690-1024x577.jpg 1024w, https:\/\/katolicka-gimnazija.hr\/wp-content\/uploads\/2025\/12\/DSCF2690-768x433.jpg 768w, https:\/\/katolicka-gimnazija.hr\/wp-content\/uploads\/2025\/12\/DSCF2690-1536x865.jpg 1536w, https:\/\/katolicka-gimnazija.hr\/wp-content\/uploads\/2025\/12\/DSCF2690-2048x1154.jpg 2048w, https:\/\/katolicka-gimnazija.hr\/wp-content\/uploads\/2025\/12\/DSCF2690-400x225.jpg 400w\" sizes=\"auto, (max-width: 300px) 100vw, 300px\" \/><\/a>\n\t\t\t<\/div><\/figure><figure class='gallery-item'>\n\t\t\t<div class='gallery-icon landscape'>\n\t\t\t\t<a href='https:\/\/katolicka-gimnazija.hr\/wp-content\/uploads\/2025\/12\/DSCF2762.jpg'><img loading=\"lazy\" decoding=\"async\" width=\"300\" height=\"169\" src=\"https:\/\/katolicka-gimnazija.hr\/wp-content\/uploads\/2025\/12\/DSCF2762-300x169.jpg\" class=\"attachment-medium size-medium\" alt=\"\" srcset=\"https:\/\/katolicka-gimnazija.hr\/wp-content\/uploads\/2025\/12\/DSCF2762-300x169.jpg 300w, https:\/\/katolicka-gimnazija.hr\/wp-content\/uploads\/2025\/12\/DSCF2762-1024x577.jpg 1024w, https:\/\/katolicka-gimnazija.hr\/wp-content\/uploads\/2025\/12\/DSCF2762-768x433.jpg 768w, https:\/\/katolicka-gimnazija.hr\/wp-content\/uploads\/2025\/12\/DSCF2762-1536x865.jpg 1536w, https:\/\/katolicka-gimnazija.hr\/wp-content\/uploads\/2025\/12\/DSCF2762-2048x1154.jpg 2048w, https:\/\/katolicka-gimnazija.hr\/wp-content\/uploads\/2025\/12\/DSCF2762-400x225.jpg 400w\" sizes=\"auto, (max-width: 300px) 100vw, 300px\" \/><\/a>\n\t\t\t<\/div><\/figure><figure class='gallery-item'>\n\t\t\t<div class='gallery-icon landscape'>\n\t\t\t\t<a href='https:\/\/katolicka-gimnazija.hr\/wp-content\/uploads\/2025\/12\/DSCF2765.jpg'><img loading=\"lazy\" decoding=\"async\" width=\"300\" height=\"169\" src=\"https:\/\/katolicka-gimnazija.hr\/wp-content\/uploads\/2025\/12\/DSCF2765-300x169.jpg\" class=\"attachment-medium size-medium\" alt=\"\" srcset=\"https:\/\/katolicka-gimnazija.hr\/wp-content\/uploads\/2025\/12\/DSCF2765-300x169.jpg 300w, https:\/\/katolicka-gimnazija.hr\/wp-content\/uploads\/2025\/12\/DSCF2765-1024x577.jpg 1024w, https:\/\/katolicka-gimnazija.hr\/wp-content\/uploads\/2025\/12\/DSCF2765-768x433.jpg 768w, https:\/\/katolicka-gimnazija.hr\/wp-content\/uploads\/2025\/12\/DSCF2765-1536x865.jpg 1536w, https:\/\/katolicka-gimnazija.hr\/wp-content\/uploads\/2025\/12\/DSCF2765-2048x1154.jpg 2048w, https:\/\/katolicka-gimnazija.hr\/wp-content\/uploads\/2025\/12\/DSCF2765-400x225.jpg 400w\" sizes=\"auto, (max-width: 300px) 100vw, 300px\" \/><\/a>\n\t\t\t<\/div><\/figure><figure class='gallery-item'>\n\t\t\t<div class='gallery-icon landscape'>\n\t\t\t\t<a href='https:\/\/katolicka-gimnazija.hr\/wp-content\/uploads\/2025\/12\/DSCF2741.jpg'><img loading=\"lazy\" decoding=\"async\" width=\"300\" height=\"169\" src=\"https:\/\/katolicka-gimnazija.hr\/wp-content\/uploads\/2025\/12\/DSCF2741-300x169.jpg\" class=\"attachment-medium size-medium\" alt=\"\" srcset=\"https:\/\/katolicka-gimnazija.hr\/wp-content\/uploads\/2025\/12\/DSCF2741-300x169.jpg 300w, https:\/\/katolicka-gimnazija.hr\/wp-content\/uploads\/2025\/12\/DSCF2741-1024x577.jpg 1024w, https:\/\/katolicka-gimnazija.hr\/wp-content\/uploads\/2025\/12\/DSCF2741-768x433.jpg 768w, https:\/\/katolicka-gimnazija.hr\/wp-content\/uploads\/2025\/12\/DSCF2741-1536x865.jpg 1536w, https:\/\/katolicka-gimnazija.hr\/wp-content\/uploads\/2025\/12\/DSCF2741-2048x1154.jpg 2048w, https:\/\/katolicka-gimnazija.hr\/wp-content\/uploads\/2025\/12\/DSCF2741-400x225.jpg 400w\" sizes=\"auto, (max-width: 300px) 100vw, 300px\" \/><\/a>\n\t\t\t<\/div><\/figure><figure class='gallery-item'>\n\t\t\t<div class='gallery-icon landscape'>\n\t\t\t\t<a href='https:\/\/katolicka-gimnazija.hr\/wp-content\/uploads\/2025\/12\/DSCF2824.jpg'><img loading=\"lazy\" decoding=\"async\" width=\"300\" height=\"169\" src=\"https:\/\/katolicka-gimnazija.hr\/wp-content\/uploads\/2025\/12\/DSCF2824-300x169.jpg\" class=\"attachment-medium size-medium\" alt=\"\" srcset=\"https:\/\/katolicka-gimnazija.hr\/wp-content\/uploads\/2025\/12\/DSCF2824-300x169.jpg 300w, https:\/\/katolicka-gimnazija.hr\/wp-content\/uploads\/2025\/12\/DSCF2824-1024x577.jpg 1024w, https:\/\/katolicka-gimnazija.hr\/wp-content\/uploads\/2025\/12\/DSCF2824-768x433.jpg 768w, https:\/\/katolicka-gimnazija.hr\/wp-content\/uploads\/2025\/12\/DSCF2824-1536x865.jpg 1536w, https:\/\/katolicka-gimnazija.hr\/wp-content\/uploads\/2025\/12\/DSCF2824-2048x1154.jpg 2048w, https:\/\/katolicka-gimnazija.hr\/wp-content\/uploads\/2025\/12\/DSCF2824-400x225.jpg 400w\" sizes=\"auto, (max-width: 300px) 100vw, 300px\" \/><\/a>\n\t\t\t<\/div><\/figure><figure class='gallery-item'>\n\t\t\t<div class='gallery-icon landscape'>\n\t\t\t\t<a href='https:\/\/katolicka-gimnazija.hr\/wp-content\/uploads\/2025\/12\/DSCF2761.jpg'><img loading=\"lazy\" decoding=\"async\" width=\"300\" height=\"169\" src=\"https:\/\/katolicka-gimnazija.hr\/wp-content\/uploads\/2025\/12\/DSCF2761-300x169.jpg\" class=\"attachment-medium size-medium\" alt=\"\" srcset=\"https:\/\/katolicka-gimnazija.hr\/wp-content\/uploads\/2025\/12\/DSCF2761-300x169.jpg 300w, https:\/\/katolicka-gimnazija.hr\/wp-content\/uploads\/2025\/12\/DSCF2761-1024x577.jpg 1024w, https:\/\/katolicka-gimnazija.hr\/wp-content\/uploads\/2025\/12\/DSCF2761-768x433.jpg 768w, https:\/\/katolicka-gimnazija.hr\/wp-content\/uploads\/2025\/12\/DSCF2761-1536x865.jpg 1536w, https:\/\/katolicka-gimnazija.hr\/wp-content\/uploads\/2025\/12\/DSCF2761-2048x1154.jpg 2048w, https:\/\/katolicka-gimnazija.hr\/wp-content\/uploads\/2025\/12\/DSCF2761-400x225.jpg 400w\" sizes=\"auto, (max-width: 300px) 100vw, 300px\" \/><\/a>\n\t\t\t<\/div><\/figure><figure class='gallery-item'>\n\t\t\t<div class='gallery-icon landscape'>\n\t\t\t\t<a href='https:\/\/katolicka-gimnazija.hr\/wp-content\/uploads\/2025\/12\/DSCF2818.jpg'><img loading=\"lazy\" decoding=\"async\" width=\"300\" height=\"169\" src=\"https:\/\/katolicka-gimnazija.hr\/wp-content\/uploads\/2025\/12\/DSCF2818-300x169.jpg\" class=\"attachment-medium size-medium\" alt=\"\" srcset=\"https:\/\/katolicka-gimnazija.hr\/wp-content\/uploads\/2025\/12\/DSCF2818-300x169.jpg 300w, https:\/\/katolicka-gimnazija.hr\/wp-content\/uploads\/2025\/12\/DSCF2818-1024x577.jpg 1024w, https:\/\/katolicka-gimnazija.hr\/wp-content\/uploads\/2025\/12\/DSCF2818-768x433.jpg 768w, https:\/\/katolicka-gimnazija.hr\/wp-content\/uploads\/2025\/12\/DSCF2818-1536x865.jpg 1536w, https:\/\/katolicka-gimnazija.hr\/wp-content\/uploads\/2025\/12\/DSCF2818-2048x1154.jpg 2048w, https:\/\/katolicka-gimnazija.hr\/wp-content\/uploads\/2025\/12\/DSCF2818-400x225.jpg 400w\" sizes=\"auto, (max-width: 300px) 100vw, 300px\" \/><\/a>\n\t\t\t<\/div><\/figure><figure class='gallery-item'>\n\t\t\t<div class='gallery-icon landscape'>\n\t\t\t\t<a href='https:\/\/katolicka-gimnazija.hr\/wp-content\/uploads\/2025\/12\/DSCF2728.jpg'><img loading=\"lazy\" decoding=\"async\" width=\"300\" height=\"169\" src=\"https:\/\/katolicka-gimnazija.hr\/wp-content\/uploads\/2025\/12\/DSCF2728-300x169.jpg\" class=\"attachment-medium size-medium\" alt=\"\" srcset=\"https:\/\/katolicka-gimnazija.hr\/wp-content\/uploads\/2025\/12\/DSCF2728-300x169.jpg 300w, https:\/\/katolicka-gimnazija.hr\/wp-content\/uploads\/2025\/12\/DSCF2728-1024x577.jpg 1024w, https:\/\/katolicka-gimnazija.hr\/wp-content\/uploads\/2025\/12\/DSCF2728-768x433.jpg 768w, https:\/\/katolicka-gimnazija.hr\/wp-content\/uploads\/2025\/12\/DSCF2728-1536x865.jpg 1536w, https:\/\/katolicka-gimnazija.hr\/wp-content\/uploads\/2025\/12\/DSCF2728-2048x1154.jpg 2048w, https:\/\/katolicka-gimnazija.hr\/wp-content\/uploads\/2025\/12\/DSCF2728-400x225.jpg 400w\" sizes=\"auto, (max-width: 300px) 100vw, 300px\" \/><\/a>\n\t\t\t<\/div><\/figure><figure class='gallery-item'>\n\t\t\t<div class='gallery-icon landscape'>\n\t\t\t\t<a href='https:\/\/katolicka-gimnazija.hr\/wp-content\/uploads\/2025\/12\/DSCF2816.jpg'><img loading=\"lazy\" decoding=\"async\" width=\"300\" height=\"169\" src=\"https:\/\/katolicka-gimnazija.hr\/wp-content\/uploads\/2025\/12\/DSCF2816-300x169.jpg\" class=\"attachment-medium size-medium\" alt=\"\" srcset=\"https:\/\/katolicka-gimnazija.hr\/wp-content\/uploads\/2025\/12\/DSCF2816-300x169.jpg 300w, https:\/\/katolicka-gimnazija.hr\/wp-content\/uploads\/2025\/12\/DSCF2816-1024x577.jpg 1024w, https:\/\/katolicka-gimnazija.hr\/wp-content\/uploads\/2025\/12\/DSCF2816-768x433.jpg 768w, https:\/\/katolicka-gimnazija.hr\/wp-content\/uploads\/2025\/12\/DSCF2816-1536x865.jpg 1536w, https:\/\/katolicka-gimnazija.hr\/wp-content\/uploads\/2025\/12\/DSCF2816-2048x1154.jpg 2048w, https:\/\/katolicka-gimnazija.hr\/wp-content\/uploads\/2025\/12\/DSCF2816-400x225.jpg 400w\" sizes=\"auto, (max-width: 300px) 100vw, 300px\" \/><\/a>\n\t\t\t<\/div><\/figure><figure class='gallery-item'>\n\t\t\t<div class='gallery-icon landscape'>\n\t\t\t\t<a href='https:\/\/katolicka-gimnazija.hr\/wp-content\/uploads\/2025\/12\/DSCF2772.jpg'><img loading=\"lazy\" decoding=\"async\" width=\"300\" height=\"169\" src=\"https:\/\/katolicka-gimnazija.hr\/wp-content\/uploads\/2025\/12\/DSCF2772-300x169.jpg\" class=\"attachment-medium size-medium\" alt=\"\" srcset=\"https:\/\/katolicka-gimnazija.hr\/wp-content\/uploads\/2025\/12\/DSCF2772-300x169.jpg 300w, https:\/\/katolicka-gimnazija.hr\/wp-content\/uploads\/2025\/12\/DSCF2772-1024x577.jpg 1024w, https:\/\/katolicka-gimnazija.hr\/wp-content\/uploads\/2025\/12\/DSCF2772-768x433.jpg 768w, https:\/\/katolicka-gimnazija.hr\/wp-content\/uploads\/2025\/12\/DSCF2772-1536x865.jpg 1536w, https:\/\/katolicka-gimnazija.hr\/wp-content\/uploads\/2025\/12\/DSCF2772-2048x1154.jpg 2048w, https:\/\/katolicka-gimnazija.hr\/wp-content\/uploads\/2025\/12\/DSCF2772-400x225.jpg 400w\" sizes=\"auto, (max-width: 300px) 100vw, 300px\" \/><\/a>\n\t\t\t<\/div><\/figure><figure class='gallery-item'>\n\t\t\t<div class='gallery-icon landscape'>\n\t\t\t\t<a href='https:\/\/katolicka-gimnazija.hr\/wp-content\/uploads\/2025\/12\/DSCF2694.jpg'><img loading=\"lazy\" decoding=\"async\" width=\"300\" height=\"169\" src=\"https:\/\/katolicka-gimnazija.hr\/wp-content\/uploads\/2025\/12\/DSCF2694-300x169.jpg\" class=\"attachment-medium size-medium\" alt=\"\" srcset=\"https:\/\/katolicka-gimnazija.hr\/wp-content\/uploads\/2025\/12\/DSCF2694-300x169.jpg 300w, https:\/\/katolicka-gimnazija.hr\/wp-content\/uploads\/2025\/12\/DSCF2694-1024x577.jpg 1024w, https:\/\/katolicka-gimnazija.hr\/wp-content\/uploads\/2025\/12\/DSCF2694-768x433.jpg 768w, https:\/\/katolicka-gimnazija.hr\/wp-content\/uploads\/2025\/12\/DSCF2694-1536x865.jpg 1536w, https:\/\/katolicka-gimnazija.hr\/wp-content\/uploads\/2025\/12\/DSCF2694-2048x1154.jpg 2048w, https:\/\/katolicka-gimnazija.hr\/wp-content\/uploads\/2025\/12\/DSCF2694-400x225.jpg 400w\" sizes=\"auto, (max-width: 300px) 100vw, 300px\" \/><\/a>\n\t\t\t<\/div><\/figure><figure class='gallery-item'>\n\t\t\t<div class='gallery-icon landscape'>\n\t\t\t\t<a href='https:\/\/katolicka-gimnazija.hr\/wp-content\/uploads\/2025\/12\/DSCF2807.jpg'><img loading=\"lazy\" decoding=\"async\" width=\"300\" height=\"169\" src=\"https:\/\/katolicka-gimnazija.hr\/wp-content\/uploads\/2025\/12\/DSCF2807-300x169.jpg\" class=\"attachment-medium size-medium\" alt=\"\" srcset=\"https:\/\/katolicka-gimnazija.hr\/wp-content\/uploads\/2025\/12\/DSCF2807-300x169.jpg 300w, https:\/\/katolicka-gimnazija.hr\/wp-content\/uploads\/2025\/12\/DSCF2807-1024x577.jpg 1024w, https:\/\/katolicka-gimnazija.hr\/wp-content\/uploads\/2025\/12\/DSCF2807-768x433.jpg 768w, https:\/\/katolicka-gimnazija.hr\/wp-content\/uploads\/2025\/12\/DSCF2807-1536x865.jpg 1536w, https:\/\/katolicka-gimnazija.hr\/wp-content\/uploads\/2025\/12\/DSCF2807-2048x1154.jpg 2048w, https:\/\/katolicka-gimnazija.hr\/wp-content\/uploads\/2025\/12\/DSCF2807-400x225.jpg 400w\" sizes=\"auto, (max-width: 300px) 100vw, 300px\" \/><\/a>\n\t\t\t<\/div><\/figure><figure class='gallery-item'>\n\t\t\t<div class='gallery-icon landscape'>\n\t\t\t\t<a href='https:\/\/katolicka-gimnazija.hr\/wp-content\/uploads\/2025\/12\/DSCF2786.jpg'><img loading=\"lazy\" decoding=\"async\" width=\"300\" height=\"169\" src=\"https:\/\/katolicka-gimnazija.hr\/wp-content\/uploads\/2025\/12\/DSCF2786-300x169.jpg\" class=\"attachment-medium size-medium\" alt=\"\" srcset=\"https:\/\/katolicka-gimnazija.hr\/wp-content\/uploads\/2025\/12\/DSCF2786-300x169.jpg 300w, https:\/\/katolicka-gimnazija.hr\/wp-content\/uploads\/2025\/12\/DSCF2786-1024x577.jpg 1024w, https:\/\/katolicka-gimnazija.hr\/wp-content\/uploads\/2025\/12\/DSCF2786-768x433.jpg 768w, https:\/\/katolicka-gimnazija.hr\/wp-content\/uploads\/2025\/12\/DSCF2786-1536x865.jpg 1536w, https:\/\/katolicka-gimnazija.hr\/wp-content\/uploads\/2025\/12\/DSCF2786-2048x1154.jpg 2048w, https:\/\/katolicka-gimnazija.hr\/wp-content\/uploads\/2025\/12\/DSCF2786-400x225.jpg 400w\" sizes=\"auto, (max-width: 300px) 100vw, 300px\" \/><\/a>\n\t\t\t<\/div><\/figure><figure class='gallery-item'>\n\t\t\t<div class='gallery-icon landscape'>\n\t\t\t\t<a href='https:\/\/katolicka-gimnazija.hr\/wp-content\/uploads\/2025\/12\/DSCF2686.jpg'><img loading=\"lazy\" decoding=\"async\" width=\"300\" height=\"169\" src=\"https:\/\/katolicka-gimnazija.hr\/wp-content\/uploads\/2025\/12\/DSCF2686-300x169.jpg\" class=\"attachment-medium size-medium\" alt=\"\" srcset=\"https:\/\/katolicka-gimnazija.hr\/wp-content\/uploads\/2025\/12\/DSCF2686-300x169.jpg 300w, https:\/\/katolicka-gimnazija.hr\/wp-content\/uploads\/2025\/12\/DSCF2686-1024x577.jpg 1024w, https:\/\/katolicka-gimnazija.hr\/wp-content\/uploads\/2025\/12\/DSCF2686-768x433.jpg 768w, https:\/\/katolicka-gimnazija.hr\/wp-content\/uploads\/2025\/12\/DSCF2686-1536x865.jpg 1536w, https:\/\/katolicka-gimnazija.hr\/wp-content\/uploads\/2025\/12\/DSCF2686-2048x1154.jpg 2048w, https:\/\/katolicka-gimnazija.hr\/wp-content\/uploads\/2025\/12\/DSCF2686-400x225.jpg 400w\" sizes=\"auto, (max-width: 300px) 100vw, 300px\" \/><\/a>\n\t\t\t<\/div><\/figure><figure class='gallery-item'>\n\t\t\t<div class='gallery-icon landscape'>\n\t\t\t\t<a href='https:\/\/katolicka-gimnazija.hr\/wp-content\/uploads\/2025\/12\/DSCF2750.jpg'><img loading=\"lazy\" decoding=\"async\" width=\"300\" height=\"169\" src=\"https:\/\/katolicka-gimnazija.hr\/wp-content\/uploads\/2025\/12\/DSCF2750-300x169.jpg\" class=\"attachment-medium size-medium\" alt=\"\" srcset=\"https:\/\/katolicka-gimnazija.hr\/wp-content\/uploads\/2025\/12\/DSCF2750-300x169.jpg 300w, https:\/\/katolicka-gimnazija.hr\/wp-content\/uploads\/2025\/12\/DSCF2750-1024x577.jpg 1024w, https:\/\/katolicka-gimnazija.hr\/wp-content\/uploads\/2025\/12\/DSCF2750-768x433.jpg 768w, https:\/\/katolicka-gimnazija.hr\/wp-content\/uploads\/2025\/12\/DSCF2750-1536x865.jpg 1536w, https:\/\/katolicka-gimnazija.hr\/wp-content\/uploads\/2025\/12\/DSCF2750-2048x1154.jpg 2048w, https:\/\/katolicka-gimnazija.hr\/wp-content\/uploads\/2025\/12\/DSCF2750-400x225.jpg 400w\" sizes=\"auto, (max-width: 300px) 100vw, 300px\" \/><\/a>\n\t\t\t<\/div><\/figure><figure class='gallery-item'>\n\t\t\t<div class='gallery-icon landscape'>\n\t\t\t\t<a href='https:\/\/katolicka-gimnazija.hr\/wp-content\/uploads\/2025\/12\/DSCF2705.jpg'><img loading=\"lazy\" decoding=\"async\" width=\"300\" height=\"169\" src=\"https:\/\/katolicka-gimnazija.hr\/wp-content\/uploads\/2025\/12\/DSCF2705-300x169.jpg\" class=\"attachment-medium size-medium\" alt=\"\" srcset=\"https:\/\/katolicka-gimnazija.hr\/wp-content\/uploads\/2025\/12\/DSCF2705-300x169.jpg 300w, https:\/\/katolicka-gimnazija.hr\/wp-content\/uploads\/2025\/12\/DSCF2705-1024x577.jpg 1024w, https:\/\/katolicka-gimnazija.hr\/wp-content\/uploads\/2025\/12\/DSCF2705-768x433.jpg 768w, https:\/\/katolicka-gimnazija.hr\/wp-content\/uploads\/2025\/12\/DSCF2705-1536x865.jpg 1536w, https:\/\/katolicka-gimnazija.hr\/wp-content\/uploads\/2025\/12\/DSCF2705-2048x1154.jpg 2048w, https:\/\/katolicka-gimnazija.hr\/wp-content\/uploads\/2025\/12\/DSCF2705-400x225.jpg 400w\" sizes=\"auto, (max-width: 300px) 100vw, 300px\" \/><\/a>\n\t\t\t<\/div><\/figure><figure class='gallery-item'>\n\t\t\t<div class='gallery-icon landscape'>\n\t\t\t\t<a href='https:\/\/katolicka-gimnazija.hr\/wp-content\/uploads\/2025\/12\/DSCF2710.jpg'><img loading=\"lazy\" decoding=\"async\" width=\"300\" height=\"169\" src=\"https:\/\/katolicka-gimnazija.hr\/wp-content\/uploads\/2025\/12\/DSCF2710-300x169.jpg\" class=\"attachment-medium size-medium\" alt=\"\" srcset=\"https:\/\/katolicka-gimnazija.hr\/wp-content\/uploads\/2025\/12\/DSCF2710-300x169.jpg 300w, https:\/\/katolicka-gimnazija.hr\/wp-content\/uploads\/2025\/12\/DSCF2710-1024x577.jpg 1024w, https:\/\/katolicka-gimnazija.hr\/wp-content\/uploads\/2025\/12\/DSCF2710-768x433.jpg 768w, https:\/\/katolicka-gimnazija.hr\/wp-content\/uploads\/2025\/12\/DSCF2710-1536x865.jpg 1536w, https:\/\/katolicka-gimnazija.hr\/wp-content\/uploads\/2025\/12\/DSCF2710-2048x1154.jpg 2048w, https:\/\/katolicka-gimnazija.hr\/wp-content\/uploads\/2025\/12\/DSCF2710-400x225.jpg 400w\" sizes=\"auto, (max-width: 300px) 100vw, 300px\" \/><\/a>\n\t\t\t<\/div><\/figure>\n\t\t<\/div>\n\n","protected":false},"excerpt":{"rendered":"<p>U petak, 19. prosinca 2025. godine u 11:00 sati\u00a0u Dvorani sv. Terezije Avilske odr\u017eao se tradicionalni \u0161kolski predbo\u017ei\u0107ni program pod nazivom \u201eDuh Sveti si\u0107i \u0107e na te\u201c. U ozra\u010dju adventa i priprave za Bo\u017ei\u0107, u\u010denici i djelatnici \u0161kole pripremili su bogat i raznolik program koji objedinjuje glazbu, recitacije, dramske i plesne to\u010dke te biblijsko promi\u0161ljanje [&hellip;]<\/p>\n","protected":false},"author":2,"featured_media":33949,"comment_status":"closed","ping_status":"closed","sticky":false,"template":"","format":"standard","meta":{"footnotes":""},"categories":[207,4,2],"tags":[],"class_list":["post-33934","post","type-post","status-publish","format-standard","has-post-thumbnail","hentry","category-duhovno","category-fotogalerije","category-vijesti"],"_links":{"self":[{"href":"https:\/\/katolicka-gimnazija.hr\/index.php\/wp-json\/wp\/v2\/posts\/33934","targetHints":{"allow":["GET"]}}],"collection":[{"href":"https:\/\/katolicka-gimnazija.hr\/index.php\/wp-json\/wp\/v2\/posts"}],"about":[{"href":"https:\/\/katolicka-gimnazija.hr\/index.php\/wp-json\/wp\/v2\/types\/post"}],"author":[{"embeddable":true,"href":"https:\/\/katolicka-gimnazija.hr\/index.php\/wp-json\/wp\/v2\/users\/2"}],"replies":[{"embeddable":true,"href":"https:\/\/katolicka-gimnazija.hr\/index.php\/wp-json\/wp\/v2\/comments?post=33934"}],"version-history":[{"count":1,"href":"https:\/\/katolicka-gimnazija.hr\/index.php\/wp-json\/wp\/v2\/posts\/33934\/revisions"}],"predecessor-version":[{"id":33959,"href":"https:\/\/katolicka-gimnazija.hr\/index.php\/wp-json\/wp\/v2\/posts\/33934\/revisions\/33959"}],"wp:featuredmedia":[{"embeddable":true,"href":"https:\/\/katolicka-gimnazija.hr\/index.php\/wp-json\/wp\/v2\/media\/33949"}],"wp:attachment":[{"href":"https:\/\/katolicka-gimnazija.hr\/index.php\/wp-json\/wp\/v2\/media?parent=33934"}],"wp:term":[{"taxonomy":"category","embeddable":true,"href":"https:\/\/katolicka-gimnazija.hr\/index.php\/wp-json\/wp\/v2\/categories?post=33934"},{"taxonomy":"post_tag","embeddable":true,"href":"https:\/\/katolicka-gimnazija.hr\/index.php\/wp-json\/wp\/v2\/tags?post=33934"}],"curies":[{"name":"wp","href":"https:\/\/api.w.org\/{rel}","templated":true}]}}