{"id":33988,"date":"2026-01-11T11:00:51","date_gmt":"2026-01-11T10:00:51","guid":{"rendered":"https:\/\/katolicka-gimnazija.hr\/?p=33988"},"modified":"2026-01-11T11:01:44","modified_gmt":"2026-01-11T10:01:44","slug":"novi-raspored-za-drugo-polugodiste","status":"publish","type":"post","link":"https:\/\/katolicka-gimnazija.hr\/index.php\/2026\/01\/11\/novi-raspored-za-drugo-polugodiste\/","title":{"rendered":"Novi raspored za drugo polugodi\u0161te"},"content":{"rendered":"<p>Po\u0161tovani u\u010denici i dragi kolege,<\/p>\n<p>budu\u0107i da je do\u0161lo do izmjena u nastavni\u010dkom kadru, do\u0161lo je i do promjena u rasporedu.<\/p>\n<div id='gallery-1' class='gallery galleryid-33988 gallery-columns-3 gallery-size-large'><figure class='gallery-item'>\n\t\t\t<div class='gallery-icon landscape'>\n\t\t\t\t<a href='https:\/\/katolicka-gimnazija.hr\/wp-content\/uploads\/2026\/01\/4.B_2026.png'><img loading=\"lazy\" decoding=\"async\" width=\"640\" height=\"449\" src=\"https:\/\/katolicka-gimnazija.hr\/wp-content\/uploads\/2026\/01\/4.B_2026-1024x719.png\" class=\"attachment-large size-large\" alt=\"\" srcset=\"https:\/\/katolicka-gimnazija.hr\/wp-content\/uploads\/2026\/01\/4.B_2026-1024x719.png 1024w, https:\/\/katolicka-gimnazija.hr\/wp-content\/uploads\/2026\/01\/4.B_2026-300x211.png 300w, https:\/\/katolicka-gimnazija.hr\/wp-content\/uploads\/2026\/01\/4.B_2026-768x539.png 768w, https:\/\/katolicka-gimnazija.hr\/wp-content\/uploads\/2026\/01\/4.B_2026-400x281.png 400w, https:\/\/katolicka-gimnazija.hr\/wp-content\/uploads\/2026\/01\/4.B_2026.png 1149w\" sizes=\"auto, (max-width: 640px) 100vw, 640px\" \/><\/a>\n\t\t\t<\/div><\/figure><figure class='gallery-item'>\n\t\t\t<div class='gallery-icon landscape'>\n\t\t\t\t<a href='https:\/\/katolicka-gimnazija.hr\/wp-content\/uploads\/2026\/01\/4.A_2026.png'><img loading=\"lazy\" decoding=\"async\" width=\"640\" height=\"449\" src=\"https:\/\/katolicka-gimnazija.hr\/wp-content\/uploads\/2026\/01\/4.A_2026-1024x719.png\" class=\"attachment-large size-large\" alt=\"\" srcset=\"https:\/\/katolicka-gimnazija.hr\/wp-content\/uploads\/2026\/01\/4.A_2026-1024x719.png 1024w, https:\/\/katolicka-gimnazija.hr\/wp-content\/uploads\/2026\/01\/4.A_2026-300x211.png 300w, https:\/\/katolicka-gimnazija.hr\/wp-content\/uploads\/2026\/01\/4.A_2026-768x539.png 768w, https:\/\/katolicka-gimnazija.hr\/wp-content\/uploads\/2026\/01\/4.A_2026-400x281.png 400w, https:\/\/katolicka-gimnazija.hr\/wp-content\/uploads\/2026\/01\/4.A_2026.png 1154w\" sizes=\"auto, (max-width: 640px) 100vw, 640px\" \/><\/a>\n\t\t\t<\/div><\/figure><figure class='gallery-item'>\n\t\t\t<div class='gallery-icon landscape'>\n\t\t\t\t<a href='https:\/\/katolicka-gimnazija.hr\/wp-content\/uploads\/2026\/01\/3.B_2026.png'><img loading=\"lazy\" decoding=\"async\" width=\"640\" height=\"451\" src=\"https:\/\/katolicka-gimnazija.hr\/wp-content\/uploads\/2026\/01\/3.B_2026-1024x722.png\" class=\"attachment-large size-large\" alt=\"\" srcset=\"https:\/\/katolicka-gimnazija.hr\/wp-content\/uploads\/2026\/01\/3.B_2026-1024x722.png 1024w, https:\/\/katolicka-gimnazija.hr\/wp-content\/uploads\/2026\/01\/3.B_2026-300x212.png 300w, https:\/\/katolicka-gimnazija.hr\/wp-content\/uploads\/2026\/01\/3.B_2026-768x542.png 768w, https:\/\/katolicka-gimnazija.hr\/wp-content\/uploads\/2026\/01\/3.B_2026-400x282.png 400w, https:\/\/katolicka-gimnazija.hr\/wp-content\/uploads\/2026\/01\/3.B_2026.png 1147w\" sizes=\"auto, (max-width: 640px) 100vw, 640px\" \/><\/a>\n\t\t\t<\/div><\/figure><figure class='gallery-item'>\n\t\t\t<div class='gallery-icon landscape'>\n\t\t\t\t<a href='https:\/\/katolicka-gimnazija.hr\/wp-content\/uploads\/2026\/01\/3.A_2026.png'><img loading=\"lazy\" decoding=\"async\" width=\"640\" height=\"455\" src=\"https:\/\/katolicka-gimnazija.hr\/wp-content\/uploads\/2026\/01\/3.A_2026-1024x728.png\" class=\"attachment-large size-large\" alt=\"\" srcset=\"https:\/\/katolicka-gimnazija.hr\/wp-content\/uploads\/2026\/01\/3.A_2026-1024x728.png 1024w, https:\/\/katolicka-gimnazija.hr\/wp-content\/uploads\/2026\/01\/3.A_2026-300x213.png 300w, https:\/\/katolicka-gimnazija.hr\/wp-content\/uploads\/2026\/01\/3.A_2026-768x546.png 768w, https:\/\/katolicka-gimnazija.hr\/wp-content\/uploads\/2026\/01\/3.A_2026-400x284.png 400w, https:\/\/katolicka-gimnazija.hr\/wp-content\/uploads\/2026\/01\/3.A_2026.png 1139w\" sizes=\"auto, (max-width: 640px) 100vw, 640px\" \/><\/a>\n\t\t\t<\/div><\/figure><figure class='gallery-item'>\n\t\t\t<div class='gallery-icon landscape'>\n\t\t\t\t<a href='https:\/\/katolicka-gimnazija.hr\/wp-content\/uploads\/2026\/01\/2.B_2026.png'><img loading=\"lazy\" decoding=\"async\" width=\"640\" height=\"448\" src=\"https:\/\/katolicka-gimnazija.hr\/wp-content\/uploads\/2026\/01\/2.B_2026-1024x716.png\" class=\"attachment-large size-large\" alt=\"\" srcset=\"https:\/\/katolicka-gimnazija.hr\/wp-content\/uploads\/2026\/01\/2.B_2026-1024x716.png 1024w, https:\/\/katolicka-gimnazija.hr\/wp-content\/uploads\/2026\/01\/2.B_2026-300x210.png 300w, https:\/\/katolicka-gimnazija.hr\/wp-content\/uploads\/2026\/01\/2.B_2026-768x537.png 768w, https:\/\/katolicka-gimnazija.hr\/wp-content\/uploads\/2026\/01\/2.B_2026-400x280.png 400w, https:\/\/katolicka-gimnazija.hr\/wp-content\/uploads\/2026\/01\/2.B_2026.png 1152w\" sizes=\"auto, (max-width: 640px) 100vw, 640px\" \/><\/a>\n\t\t\t<\/div><\/figure><figure class='gallery-item'>\n\t\t\t<div class='gallery-icon landscape'>\n\t\t\t\t<a href='https:\/\/katolicka-gimnazija.hr\/wp-content\/uploads\/2026\/01\/2.A_2026.png'><img loading=\"lazy\" decoding=\"async\" width=\"640\" height=\"454\" src=\"https:\/\/katolicka-gimnazija.hr\/wp-content\/uploads\/2026\/01\/2.A_2026-1024x726.png\" class=\"attachment-large size-large\" alt=\"\" srcset=\"https:\/\/katolicka-gimnazija.hr\/wp-content\/uploads\/2026\/01\/2.A_2026-1024x726.png 1024w, https:\/\/katolicka-gimnazija.hr\/wp-content\/uploads\/2026\/01\/2.A_2026-300x213.png 300w, https:\/\/katolicka-gimnazija.hr\/wp-content\/uploads\/2026\/01\/2.A_2026-768x545.png 768w, https:\/\/katolicka-gimnazija.hr\/wp-content\/uploads\/2026\/01\/2.A_2026-400x284.png 400w, https:\/\/katolicka-gimnazija.hr\/wp-content\/uploads\/2026\/01\/2.A_2026.png 1141w\" sizes=\"auto, (max-width: 640px) 100vw, 640px\" \/><\/a>\n\t\t\t<\/div><\/figure><figure class='gallery-item'>\n\t\t\t<div class='gallery-icon landscape'>\n\t\t\t\t<a href='https:\/\/katolicka-gimnazija.hr\/wp-content\/uploads\/2026\/01\/1.B_2026.png'><img loading=\"lazy\" decoding=\"async\" width=\"640\" height=\"452\" src=\"https:\/\/katolicka-gimnazija.hr\/wp-content\/uploads\/2026\/01\/1.B_2026-1024x723.png\" class=\"attachment-large size-large\" alt=\"\" srcset=\"https:\/\/katolicka-gimnazija.hr\/wp-content\/uploads\/2026\/01\/1.B_2026-1024x723.png 1024w, https:\/\/katolicka-gimnazija.hr\/wp-content\/uploads\/2026\/01\/1.B_2026-300x212.png 300w, https:\/\/katolicka-gimnazija.hr\/wp-content\/uploads\/2026\/01\/1.B_2026-768x542.png 768w, https:\/\/katolicka-gimnazija.hr\/wp-content\/uploads\/2026\/01\/1.B_2026-400x282.png 400w, https:\/\/katolicka-gimnazija.hr\/wp-content\/uploads\/2026\/01\/1.B_2026.png 1152w\" sizes=\"auto, (max-width: 640px) 100vw, 640px\" \/><\/a>\n\t\t\t<\/div><\/figure><figure class='gallery-item'>\n\t\t\t<div class='gallery-icon landscape'>\n\t\t\t\t<a href='https:\/\/katolicka-gimnazija.hr\/wp-content\/uploads\/2026\/01\/1.A_2026.png'><img loading=\"lazy\" decoding=\"async\" width=\"640\" height=\"448\" src=\"https:\/\/katolicka-gimnazija.hr\/wp-content\/uploads\/2026\/01\/1.A_2026-1024x716.png\" class=\"attachment-large size-large\" alt=\"\" srcset=\"https:\/\/katolicka-gimnazija.hr\/wp-content\/uploads\/2026\/01\/1.A_2026-1024x716.png 1024w, https:\/\/katolicka-gimnazija.hr\/wp-content\/uploads\/2026\/01\/1.A_2026-300x210.png 300w, https:\/\/katolicka-gimnazija.hr\/wp-content\/uploads\/2026\/01\/1.A_2026-768x537.png 768w, https:\/\/katolicka-gimnazija.hr\/wp-content\/uploads\/2026\/01\/1.A_2026-400x280.png 400w, https:\/\/katolicka-gimnazija.hr\/wp-content\/uploads\/2026\/01\/1.A_2026.png 1146w\" sizes=\"auto, (max-width: 640px) 100vw, 640px\" \/><\/a>\n\t\t\t<\/div><\/figure>\n\t\t<\/div>\n\n","protected":false},"excerpt":{"rendered":"<p>Po\u0161tovani u\u010denici i dragi kolege, budu\u0107i da je do\u0161lo do izmjena u nastavni\u010dkom kadru, do\u0161lo je i do promjena u rasporedu.<\/p>\n","protected":false},"author":2,"featured_media":33997,"comment_status":"closed","ping_status":"closed","sticky":false,"template":"","format":"standard","meta":{"footnotes":""},"categories":[215,211,2],"tags":[],"class_list":["post-33988","post","type-post","status-publish","format-standard","has-post-thumbnail","hentry","category-kg-direkt","category-predavanja","category-vijesti"],"_links":{"self":[{"href":"https:\/\/katolicka-gimnazija.hr\/index.php\/wp-json\/wp\/v2\/posts\/33988","targetHints":{"allow":["GET"]}}],"collection":[{"href":"https:\/\/katolicka-gimnazija.hr\/index.php\/wp-json\/wp\/v2\/posts"}],"about":[{"href":"https:\/\/katolicka-gimnazija.hr\/index.php\/wp-json\/wp\/v2\/types\/post"}],"author":[{"embeddable":true,"href":"https:\/\/katolicka-gimnazija.hr\/index.php\/wp-json\/wp\/v2\/users\/2"}],"replies":[{"embeddable":true,"href":"https:\/\/katolicka-gimnazija.hr\/index.php\/wp-json\/wp\/v2\/comments?post=33988"}],"version-history":[{"count":1,"href":"https:\/\/katolicka-gimnazija.hr\/index.php\/wp-json\/wp\/v2\/posts\/33988\/revisions"}],"predecessor-version":[{"id":33998,"href":"https:\/\/katolicka-gimnazija.hr\/index.php\/wp-json\/wp\/v2\/posts\/33988\/revisions\/33998"}],"wp:featuredmedia":[{"embeddable":true,"href":"https:\/\/katolicka-gimnazija.hr\/index.php\/wp-json\/wp\/v2\/media\/33997"}],"wp:attachment":[{"href":"https:\/\/katolicka-gimnazija.hr\/index.php\/wp-json\/wp\/v2\/media?parent=33988"}],"wp:term":[{"taxonomy":"category","embeddable":true,"href":"https:\/\/katolicka-gimnazija.hr\/index.php\/wp-json\/wp\/v2\/categories?post=33988"},{"taxonomy":"post_tag","embeddable":true,"href":"https:\/\/katolicka-gimnazija.hr\/index.php\/wp-json\/wp\/v2\/tags?post=33988"}],"curies":[{"name":"wp","href":"https:\/\/api.w.org\/{rel}","templated":true}]}}