{"id":34125,"date":"2026-02-18T08:02:32","date_gmt":"2026-02-18T07:02:32","guid":{"rendered":"https:\/\/katolicka-gimnazija.hr\/?p=34125"},"modified":"2026-02-18T10:27:54","modified_gmt":"2026-02-18T09:27:54","slug":"kg-maskare","status":"publish","type":"post","link":"https:\/\/katolicka-gimnazija.hr\/index.php\/2026\/02\/18\/kg-maskare\/","title":{"rendered":"KG ma\u0161kare"},"content":{"rendered":"<p dir=\"auto\">Ove godine u na\u0161oj \u0161koli ma\u0161kare su bile malo druga\u010dije u odnosu na prethodne godine. Ove smo se godine odlu\u010dili ocjenjivati pojedina\u010dne maske tako da se svaki u\u010denik mogao maskirati u ono \u0161to on \u017eeli. Tra\u017eili smo masku koja \u0107e odgovarati sljede\u0107im parametrima ocjenjivanja: originalna ideja (nije klasi\u010dna i ve\u0107 vi\u0111ena), jasno\u0107a izri\u010daja (prepoznatljivost onoga \u0161to se \u017eeli prikazati), zanimljivi detalji (ru\u010dno ra\u0111eni ukras, posebna \u0161minka, simbolika) pametna ili duhovita poruka (poti\u010de na razmi\u0161ljanje, nasmijava ljude, govori o nekom problemu).<\/p>\n<p dir=\"auto\">Povjerenstvo je \u010dinila profesorica likovne umjetnosti Vera \u010cu\u017ee-Abramovi\u0107, prof. Milena \u0160koda, vjerou\u010ditelj Marko Gerendaj i knji\u017eni\u010darka Manuela Matijevi\u0107. Ocjenjivalo se od 1-10, a zbrajanjem bodova svih \u010dlanova povjerenstva dobili smo pobjednike:<\/p>\n<p>Prvo mjesto &#8211; Veronika, Nika, Ljubica i Petra (poklon bon u dm-u u iznosu od 50 eura) &#8211; naslovna fotografija;<\/p>\n<p>Drugo mjesto &#8211; Dina i Angela (poklon bon u dm-u u iznosu od 30 eura);<\/p>\n<p><a href=\"https:\/\/katolicka-gimnazija.hr\/wp-content\/uploads\/2026\/02\/635125653_1502291058564294_4533872411449954573_n.jpg\"><img loading=\"lazy\" decoding=\"async\" class=\"size-medium wp-image-34141 aligncenter\" src=\"https:\/\/katolicka-gimnazija.hr\/wp-content\/uploads\/2026\/02\/635125653_1502291058564294_4533872411449954573_n-300x200.jpg\" alt=\"\" width=\"300\" height=\"200\" srcset=\"https:\/\/katolicka-gimnazija.hr\/wp-content\/uploads\/2026\/02\/635125653_1502291058564294_4533872411449954573_n-300x200.jpg 300w, https:\/\/katolicka-gimnazija.hr\/wp-content\/uploads\/2026\/02\/635125653_1502291058564294_4533872411449954573_n-1024x683.jpg 1024w, https:\/\/katolicka-gimnazija.hr\/wp-content\/uploads\/2026\/02\/635125653_1502291058564294_4533872411449954573_n-768x512.jpg 768w, https:\/\/katolicka-gimnazija.hr\/wp-content\/uploads\/2026\/02\/635125653_1502291058564294_4533872411449954573_n-1536x1024.jpg 1536w, https:\/\/katolicka-gimnazija.hr\/wp-content\/uploads\/2026\/02\/635125653_1502291058564294_4533872411449954573_n-400x267.jpg 400w, https:\/\/katolicka-gimnazija.hr\/wp-content\/uploads\/2026\/02\/635125653_1502291058564294_4533872411449954573_n.jpg 2048w\" sizes=\"auto, (max-width: 300px) 100vw, 300px\" \/><\/a><\/p>\n<p>Tre\u0107e mjesto &#8211; David i Filip (poklon bon u dm-u u iznosu od 20 eura).<\/p>\n<p style=\"text-align: center;\"><a href=\"https:\/\/katolicka-gimnazija.hr\/wp-content\/uploads\/2026\/02\/635118967_1502290851897648_1481264356054705390_n.jpg\"><img loading=\"lazy\" decoding=\"async\" class=\"alignnone size-medium wp-image-34130\" src=\"https:\/\/katolicka-gimnazija.hr\/wp-content\/uploads\/2026\/02\/635118967_1502290851897648_1481264356054705390_n-300x200.jpg\" alt=\"\" width=\"300\" height=\"200\" srcset=\"https:\/\/katolicka-gimnazija.hr\/wp-content\/uploads\/2026\/02\/635118967_1502290851897648_1481264356054705390_n-300x200.jpg 300w, https:\/\/katolicka-gimnazija.hr\/wp-content\/uploads\/2026\/02\/635118967_1502290851897648_1481264356054705390_n-1024x683.jpg 1024w, https:\/\/katolicka-gimnazija.hr\/wp-content\/uploads\/2026\/02\/635118967_1502290851897648_1481264356054705390_n-768x512.jpg 768w, https:\/\/katolicka-gimnazija.hr\/wp-content\/uploads\/2026\/02\/635118967_1502290851897648_1481264356054705390_n-1536x1024.jpg 1536w, https:\/\/katolicka-gimnazija.hr\/wp-content\/uploads\/2026\/02\/635118967_1502290851897648_1481264356054705390_n-400x267.jpg 400w, https:\/\/katolicka-gimnazija.hr\/wp-content\/uploads\/2026\/02\/635118967_1502290851897648_1481264356054705390_n.jpg 2048w\" sizes=\"auto, (max-width: 300px) 100vw, 300px\" \/><\/a><\/p>\n<div id='gallery-1' class='gallery galleryid-34125 gallery-columns-3 gallery-size-medium'><figure class='gallery-item'>\n\t\t\t<div class='gallery-icon landscape'>\n\t\t\t\t<a href='https:\/\/katolicka-gimnazija.hr\/wp-content\/uploads\/2026\/02\/628535751_1502290448564355_1480952305400847298_n.jpg'><img loading=\"lazy\" decoding=\"async\" width=\"300\" height=\"200\" src=\"https:\/\/katolicka-gimnazija.hr\/wp-content\/uploads\/2026\/02\/628535751_1502290448564355_1480952305400847298_n-300x200.jpg\" class=\"attachment-medium size-medium\" alt=\"\" srcset=\"https:\/\/katolicka-gimnazija.hr\/wp-content\/uploads\/2026\/02\/628535751_1502290448564355_1480952305400847298_n-300x200.jpg 300w, https:\/\/katolicka-gimnazija.hr\/wp-content\/uploads\/2026\/02\/628535751_1502290448564355_1480952305400847298_n-1024x683.jpg 1024w, https:\/\/katolicka-gimnazija.hr\/wp-content\/uploads\/2026\/02\/628535751_1502290448564355_1480952305400847298_n-768x512.jpg 768w, https:\/\/katolicka-gimnazija.hr\/wp-content\/uploads\/2026\/02\/628535751_1502290448564355_1480952305400847298_n-1536x1024.jpg 1536w, https:\/\/katolicka-gimnazija.hr\/wp-content\/uploads\/2026\/02\/628535751_1502290448564355_1480952305400847298_n-400x267.jpg 400w, https:\/\/katolicka-gimnazija.hr\/wp-content\/uploads\/2026\/02\/628535751_1502290448564355_1480952305400847298_n.jpg 2048w\" sizes=\"auto, (max-width: 300px) 100vw, 300px\" \/><\/a>\n\t\t\t<\/div><\/figure><figure class='gallery-item'>\n\t\t\t<div class='gallery-icon landscape'>\n\t\t\t\t<a href='https:\/\/katolicka-gimnazija.hr\/wp-content\/uploads\/2026\/02\/635064621_1502291411897592_6045886411461947173_n.jpg'><img loading=\"lazy\" decoding=\"async\" width=\"300\" height=\"200\" src=\"https:\/\/katolicka-gimnazija.hr\/wp-content\/uploads\/2026\/02\/635064621_1502291411897592_6045886411461947173_n-300x200.jpg\" class=\"attachment-medium size-medium\" alt=\"\" srcset=\"https:\/\/katolicka-gimnazija.hr\/wp-content\/uploads\/2026\/02\/635064621_1502291411897592_6045886411461947173_n-300x200.jpg 300w, https:\/\/katolicka-gimnazija.hr\/wp-content\/uploads\/2026\/02\/635064621_1502291411897592_6045886411461947173_n-1024x683.jpg 1024w, https:\/\/katolicka-gimnazija.hr\/wp-content\/uploads\/2026\/02\/635064621_1502291411897592_6045886411461947173_n-768x512.jpg 768w, https:\/\/katolicka-gimnazija.hr\/wp-content\/uploads\/2026\/02\/635064621_1502291411897592_6045886411461947173_n-1536x1024.jpg 1536w, https:\/\/katolicka-gimnazija.hr\/wp-content\/uploads\/2026\/02\/635064621_1502291411897592_6045886411461947173_n-400x267.jpg 400w, https:\/\/katolicka-gimnazija.hr\/wp-content\/uploads\/2026\/02\/635064621_1502291411897592_6045886411461947173_n.jpg 2048w\" sizes=\"auto, (max-width: 300px) 100vw, 300px\" \/><\/a>\n\t\t\t<\/div><\/figure><figure class='gallery-item'>\n\t\t\t<div class='gallery-icon landscape'>\n\t\t\t\t<a href='https:\/\/katolicka-gimnazija.hr\/wp-content\/uploads\/2026\/02\/635002842_1502290935230973_3945999538723835640_n.jpg'><img loading=\"lazy\" decoding=\"async\" width=\"300\" height=\"200\" src=\"https:\/\/katolicka-gimnazija.hr\/wp-content\/uploads\/2026\/02\/635002842_1502290935230973_3945999538723835640_n-300x200.jpg\" class=\"attachment-medium size-medium\" alt=\"\" srcset=\"https:\/\/katolicka-gimnazija.hr\/wp-content\/uploads\/2026\/02\/635002842_1502290935230973_3945999538723835640_n-300x200.jpg 300w, https:\/\/katolicka-gimnazija.hr\/wp-content\/uploads\/2026\/02\/635002842_1502290935230973_3945999538723835640_n-1024x683.jpg 1024w, https:\/\/katolicka-gimnazija.hr\/wp-content\/uploads\/2026\/02\/635002842_1502290935230973_3945999538723835640_n-768x512.jpg 768w, https:\/\/katolicka-gimnazija.hr\/wp-content\/uploads\/2026\/02\/635002842_1502290935230973_3945999538723835640_n-1536x1024.jpg 1536w, https:\/\/katolicka-gimnazija.hr\/wp-content\/uploads\/2026\/02\/635002842_1502290935230973_3945999538723835640_n-400x267.jpg 400w, https:\/\/katolicka-gimnazija.hr\/wp-content\/uploads\/2026\/02\/635002842_1502290935230973_3945999538723835640_n.jpg 2048w\" sizes=\"auto, (max-width: 300px) 100vw, 300px\" \/><\/a>\n\t\t\t<\/div><\/figure><figure class='gallery-item'>\n\t\t\t<div class='gallery-icon landscape'>\n\t\t\t\t<a href='https:\/\/katolicka-gimnazija.hr\/wp-content\/uploads\/2026\/02\/635125058_1502291181897615_6584243226124785349_n.jpg'><img loading=\"lazy\" decoding=\"async\" width=\"300\" height=\"200\" src=\"https:\/\/katolicka-gimnazija.hr\/wp-content\/uploads\/2026\/02\/635125058_1502291181897615_6584243226124785349_n-300x200.jpg\" class=\"attachment-medium size-medium\" alt=\"\" srcset=\"https:\/\/katolicka-gimnazija.hr\/wp-content\/uploads\/2026\/02\/635125058_1502291181897615_6584243226124785349_n-300x200.jpg 300w, https:\/\/katolicka-gimnazija.hr\/wp-content\/uploads\/2026\/02\/635125058_1502291181897615_6584243226124785349_n-1024x683.jpg 1024w, https:\/\/katolicka-gimnazija.hr\/wp-content\/uploads\/2026\/02\/635125058_1502291181897615_6584243226124785349_n-768x512.jpg 768w, https:\/\/katolicka-gimnazija.hr\/wp-content\/uploads\/2026\/02\/635125058_1502291181897615_6584243226124785349_n-1536x1024.jpg 1536w, https:\/\/katolicka-gimnazija.hr\/wp-content\/uploads\/2026\/02\/635125058_1502291181897615_6584243226124785349_n-400x267.jpg 400w, https:\/\/katolicka-gimnazija.hr\/wp-content\/uploads\/2026\/02\/635125058_1502291181897615_6584243226124785349_n.jpg 2048w\" sizes=\"auto, (max-width: 300px) 100vw, 300px\" \/><\/a>\n\t\t\t<\/div><\/figure><figure class='gallery-item'>\n\t\t\t<div class='gallery-icon landscape'>\n\t\t\t\t<a href='https:\/\/katolicka-gimnazija.hr\/wp-content\/uploads\/2026\/02\/636856473_1502290271897706_4787388790808456206_n.jpg'><img loading=\"lazy\" decoding=\"async\" width=\"300\" height=\"200\" src=\"https:\/\/katolicka-gimnazija.hr\/wp-content\/uploads\/2026\/02\/636856473_1502290271897706_4787388790808456206_n-300x200.jpg\" class=\"attachment-medium size-medium\" alt=\"\" srcset=\"https:\/\/katolicka-gimnazija.hr\/wp-content\/uploads\/2026\/02\/636856473_1502290271897706_4787388790808456206_n-300x200.jpg 300w, https:\/\/katolicka-gimnazija.hr\/wp-content\/uploads\/2026\/02\/636856473_1502290271897706_4787388790808456206_n-1024x683.jpg 1024w, https:\/\/katolicka-gimnazija.hr\/wp-content\/uploads\/2026\/02\/636856473_1502290271897706_4787388790808456206_n-768x512.jpg 768w, https:\/\/katolicka-gimnazija.hr\/wp-content\/uploads\/2026\/02\/636856473_1502290271897706_4787388790808456206_n-1536x1024.jpg 1536w, https:\/\/katolicka-gimnazija.hr\/wp-content\/uploads\/2026\/02\/636856473_1502290271897706_4787388790808456206_n-400x267.jpg 400w, https:\/\/katolicka-gimnazija.hr\/wp-content\/uploads\/2026\/02\/636856473_1502290271897706_4787388790808456206_n.jpg 2048w\" sizes=\"auto, (max-width: 300px) 100vw, 300px\" \/><\/a>\n\t\t\t<\/div><\/figure><figure class='gallery-item'>\n\t\t\t<div class='gallery-icon landscape'>\n\t\t\t\t<a href='https:\/\/katolicka-gimnazija.hr\/wp-content\/uploads\/2026\/02\/634976554_1502290811897652_6240153920359147836_n.jpg'><img loading=\"lazy\" decoding=\"async\" width=\"300\" height=\"200\" src=\"https:\/\/katolicka-gimnazija.hr\/wp-content\/uploads\/2026\/02\/634976554_1502290811897652_6240153920359147836_n-300x200.jpg\" class=\"attachment-medium size-medium\" alt=\"\" srcset=\"https:\/\/katolicka-gimnazija.hr\/wp-content\/uploads\/2026\/02\/634976554_1502290811897652_6240153920359147836_n-300x200.jpg 300w, https:\/\/katolicka-gimnazija.hr\/wp-content\/uploads\/2026\/02\/634976554_1502290811897652_6240153920359147836_n-1024x683.jpg 1024w, https:\/\/katolicka-gimnazija.hr\/wp-content\/uploads\/2026\/02\/634976554_1502290811897652_6240153920359147836_n-768x512.jpg 768w, https:\/\/katolicka-gimnazija.hr\/wp-content\/uploads\/2026\/02\/634976554_1502290811897652_6240153920359147836_n-1536x1024.jpg 1536w, https:\/\/katolicka-gimnazija.hr\/wp-content\/uploads\/2026\/02\/634976554_1502290811897652_6240153920359147836_n-400x267.jpg 400w, https:\/\/katolicka-gimnazija.hr\/wp-content\/uploads\/2026\/02\/634976554_1502290811897652_6240153920359147836_n.jpg 2048w\" sizes=\"auto, (max-width: 300px) 100vw, 300px\" \/><\/a>\n\t\t\t<\/div><\/figure><figure class='gallery-item'>\n\t\t\t<div class='gallery-icon landscape'>\n\t\t\t\t<a href='https:\/\/katolicka-gimnazija.hr\/wp-content\/uploads\/2026\/02\/637570810_1502290401897693_8988359436411180061_n.jpg'><img loading=\"lazy\" decoding=\"async\" width=\"300\" height=\"200\" src=\"https:\/\/katolicka-gimnazija.hr\/wp-content\/uploads\/2026\/02\/637570810_1502290401897693_8988359436411180061_n-300x200.jpg\" class=\"attachment-medium size-medium\" alt=\"\" srcset=\"https:\/\/katolicka-gimnazija.hr\/wp-content\/uploads\/2026\/02\/637570810_1502290401897693_8988359436411180061_n-300x200.jpg 300w, https:\/\/katolicka-gimnazija.hr\/wp-content\/uploads\/2026\/02\/637570810_1502290401897693_8988359436411180061_n-1024x683.jpg 1024w, https:\/\/katolicka-gimnazija.hr\/wp-content\/uploads\/2026\/02\/637570810_1502290401897693_8988359436411180061_n-768x512.jpg 768w, https:\/\/katolicka-gimnazija.hr\/wp-content\/uploads\/2026\/02\/637570810_1502290401897693_8988359436411180061_n-1536x1024.jpg 1536w, https:\/\/katolicka-gimnazija.hr\/wp-content\/uploads\/2026\/02\/637570810_1502290401897693_8988359436411180061_n-400x267.jpg 400w, https:\/\/katolicka-gimnazija.hr\/wp-content\/uploads\/2026\/02\/637570810_1502290401897693_8988359436411180061_n.jpg 2048w\" sizes=\"auto, (max-width: 300px) 100vw, 300px\" \/><\/a>\n\t\t\t<\/div><\/figure><figure class='gallery-item'>\n\t\t\t<div class='gallery-icon landscape'>\n\t\t\t\t<a href='https:\/\/katolicka-gimnazija.hr\/wp-content\/uploads\/2026\/02\/634886684_1502291078564292_6976136682686199560_n.jpg'><img loading=\"lazy\" decoding=\"async\" width=\"300\" height=\"200\" src=\"https:\/\/katolicka-gimnazija.hr\/wp-content\/uploads\/2026\/02\/634886684_1502291078564292_6976136682686199560_n-300x200.jpg\" class=\"attachment-medium size-medium\" alt=\"\" srcset=\"https:\/\/katolicka-gimnazija.hr\/wp-content\/uploads\/2026\/02\/634886684_1502291078564292_6976136682686199560_n-300x200.jpg 300w, https:\/\/katolicka-gimnazija.hr\/wp-content\/uploads\/2026\/02\/634886684_1502291078564292_6976136682686199560_n-1024x683.jpg 1024w, https:\/\/katolicka-gimnazija.hr\/wp-content\/uploads\/2026\/02\/634886684_1502291078564292_6976136682686199560_n-768x512.jpg 768w, https:\/\/katolicka-gimnazija.hr\/wp-content\/uploads\/2026\/02\/634886684_1502291078564292_6976136682686199560_n-1536x1024.jpg 1536w, https:\/\/katolicka-gimnazija.hr\/wp-content\/uploads\/2026\/02\/634886684_1502291078564292_6976136682686199560_n-400x267.jpg 400w, https:\/\/katolicka-gimnazija.hr\/wp-content\/uploads\/2026\/02\/634886684_1502291078564292_6976136682686199560_n.jpg 2048w\" sizes=\"auto, (max-width: 300px) 100vw, 300px\" \/><\/a>\n\t\t\t<\/div><\/figure><figure class='gallery-item'>\n\t\t\t<div class='gallery-icon landscape'>\n\t\t\t\t<a href='https:\/\/katolicka-gimnazija.hr\/wp-content\/uploads\/2026\/02\/635118967_1502290851897648_1481264356054705390_n.jpg'><img loading=\"lazy\" decoding=\"async\" width=\"300\" height=\"200\" src=\"https:\/\/katolicka-gimnazija.hr\/wp-content\/uploads\/2026\/02\/635118967_1502290851897648_1481264356054705390_n-300x200.jpg\" class=\"attachment-medium size-medium\" alt=\"\" srcset=\"https:\/\/katolicka-gimnazija.hr\/wp-content\/uploads\/2026\/02\/635118967_1502290851897648_1481264356054705390_n-300x200.jpg 300w, https:\/\/katolicka-gimnazija.hr\/wp-content\/uploads\/2026\/02\/635118967_1502290851897648_1481264356054705390_n-1024x683.jpg 1024w, https:\/\/katolicka-gimnazija.hr\/wp-content\/uploads\/2026\/02\/635118967_1502290851897648_1481264356054705390_n-768x512.jpg 768w, https:\/\/katolicka-gimnazija.hr\/wp-content\/uploads\/2026\/02\/635118967_1502290851897648_1481264356054705390_n-1536x1024.jpg 1536w, https:\/\/katolicka-gimnazija.hr\/wp-content\/uploads\/2026\/02\/635118967_1502290851897648_1481264356054705390_n-400x267.jpg 400w, https:\/\/katolicka-gimnazija.hr\/wp-content\/uploads\/2026\/02\/635118967_1502290851897648_1481264356054705390_n.jpg 2048w\" sizes=\"auto, (max-width: 300px) 100vw, 300px\" \/><\/a>\n\t\t\t<\/div><\/figure><figure class='gallery-item'>\n\t\t\t<div class='gallery-icon landscape'>\n\t\t\t\t<a href='https:\/\/katolicka-gimnazija.hr\/wp-content\/uploads\/2026\/02\/635117489_1502290675230999_3667321011424693013_n.jpg'><img loading=\"lazy\" decoding=\"async\" width=\"300\" height=\"200\" src=\"https:\/\/katolicka-gimnazija.hr\/wp-content\/uploads\/2026\/02\/635117489_1502290675230999_3667321011424693013_n-300x200.jpg\" class=\"attachment-medium size-medium\" alt=\"\" srcset=\"https:\/\/katolicka-gimnazija.hr\/wp-content\/uploads\/2026\/02\/635117489_1502290675230999_3667321011424693013_n-300x200.jpg 300w, https:\/\/katolicka-gimnazija.hr\/wp-content\/uploads\/2026\/02\/635117489_1502290675230999_3667321011424693013_n-1024x683.jpg 1024w, https:\/\/katolicka-gimnazija.hr\/wp-content\/uploads\/2026\/02\/635117489_1502290675230999_3667321011424693013_n-768x512.jpg 768w, https:\/\/katolicka-gimnazija.hr\/wp-content\/uploads\/2026\/02\/635117489_1502290675230999_3667321011424693013_n-1536x1024.jpg 1536w, https:\/\/katolicka-gimnazija.hr\/wp-content\/uploads\/2026\/02\/635117489_1502290675230999_3667321011424693013_n-400x267.jpg 400w, https:\/\/katolicka-gimnazija.hr\/wp-content\/uploads\/2026\/02\/635117489_1502290675230999_3667321011424693013_n.jpg 2048w\" sizes=\"auto, (max-width: 300px) 100vw, 300px\" \/><\/a>\n\t\t\t<\/div><\/figure><figure class='gallery-item'>\n\t\t\t<div class='gallery-icon landscape'>\n\t\t\t\t<a href='https:\/\/katolicka-gimnazija.hr\/wp-content\/uploads\/2026\/02\/635246786_1502290488564351_6513645343392364056_n.jpg'><img loading=\"lazy\" decoding=\"async\" width=\"300\" height=\"200\" src=\"https:\/\/katolicka-gimnazija.hr\/wp-content\/uploads\/2026\/02\/635246786_1502290488564351_6513645343392364056_n-300x200.jpg\" class=\"attachment-medium size-medium\" alt=\"\" srcset=\"https:\/\/katolicka-gimnazija.hr\/wp-content\/uploads\/2026\/02\/635246786_1502290488564351_6513645343392364056_n-300x200.jpg 300w, https:\/\/katolicka-gimnazija.hr\/wp-content\/uploads\/2026\/02\/635246786_1502290488564351_6513645343392364056_n-1024x683.jpg 1024w, https:\/\/katolicka-gimnazija.hr\/wp-content\/uploads\/2026\/02\/635246786_1502290488564351_6513645343392364056_n-768x512.jpg 768w, https:\/\/katolicka-gimnazija.hr\/wp-content\/uploads\/2026\/02\/635246786_1502290488564351_6513645343392364056_n-1536x1024.jpg 1536w, https:\/\/katolicka-gimnazija.hr\/wp-content\/uploads\/2026\/02\/635246786_1502290488564351_6513645343392364056_n-400x267.jpg 400w, https:\/\/katolicka-gimnazija.hr\/wp-content\/uploads\/2026\/02\/635246786_1502290488564351_6513645343392364056_n.jpg 2048w\" sizes=\"auto, (max-width: 300px) 100vw, 300px\" \/><\/a>\n\t\t\t<\/div><\/figure><figure class='gallery-item'>\n\t\t\t<div class='gallery-icon landscape'>\n\t\t\t\t<a href='https:\/\/katolicka-gimnazija.hr\/wp-content\/uploads\/2026\/02\/637748897_1502290285231038_7430568917727851524_n.jpg'><img loading=\"lazy\" decoding=\"async\" width=\"300\" height=\"200\" src=\"https:\/\/katolicka-gimnazija.hr\/wp-content\/uploads\/2026\/02\/637748897_1502290285231038_7430568917727851524_n-300x200.jpg\" class=\"attachment-medium size-medium\" alt=\"\" srcset=\"https:\/\/katolicka-gimnazija.hr\/wp-content\/uploads\/2026\/02\/637748897_1502290285231038_7430568917727851524_n-300x200.jpg 300w, https:\/\/katolicka-gimnazija.hr\/wp-content\/uploads\/2026\/02\/637748897_1502290285231038_7430568917727851524_n-1024x683.jpg 1024w, https:\/\/katolicka-gimnazija.hr\/wp-content\/uploads\/2026\/02\/637748897_1502290285231038_7430568917727851524_n-768x512.jpg 768w, https:\/\/katolicka-gimnazija.hr\/wp-content\/uploads\/2026\/02\/637748897_1502290285231038_7430568917727851524_n-1536x1024.jpg 1536w, https:\/\/katolicka-gimnazija.hr\/wp-content\/uploads\/2026\/02\/637748897_1502290285231038_7430568917727851524_n-400x267.jpg 400w, https:\/\/katolicka-gimnazija.hr\/wp-content\/uploads\/2026\/02\/637748897_1502290285231038_7430568917727851524_n.jpg 2048w\" sizes=\"auto, (max-width: 300px) 100vw, 300px\" \/><\/a>\n\t\t\t<\/div><\/figure><figure class='gallery-item'>\n\t\t\t<div class='gallery-icon landscape'>\n\t\t\t\t<a href='https:\/\/katolicka-gimnazija.hr\/wp-content\/uploads\/2026\/02\/634945010_1502290265231040_4372874796666704962_n.jpg'><img loading=\"lazy\" decoding=\"async\" width=\"300\" height=\"200\" src=\"https:\/\/katolicka-gimnazija.hr\/wp-content\/uploads\/2026\/02\/634945010_1502290265231040_4372874796666704962_n-300x200.jpg\" class=\"attachment-medium size-medium\" alt=\"\" srcset=\"https:\/\/katolicka-gimnazija.hr\/wp-content\/uploads\/2026\/02\/634945010_1502290265231040_4372874796666704962_n-300x200.jpg 300w, https:\/\/katolicka-gimnazija.hr\/wp-content\/uploads\/2026\/02\/634945010_1502290265231040_4372874796666704962_n-1024x683.jpg 1024w, https:\/\/katolicka-gimnazija.hr\/wp-content\/uploads\/2026\/02\/634945010_1502290265231040_4372874796666704962_n-768x512.jpg 768w, https:\/\/katolicka-gimnazija.hr\/wp-content\/uploads\/2026\/02\/634945010_1502290265231040_4372874796666704962_n-1536x1024.jpg 1536w, https:\/\/katolicka-gimnazija.hr\/wp-content\/uploads\/2026\/02\/634945010_1502290265231040_4372874796666704962_n-400x267.jpg 400w, https:\/\/katolicka-gimnazija.hr\/wp-content\/uploads\/2026\/02\/634945010_1502290265231040_4372874796666704962_n.jpg 2048w\" sizes=\"auto, (max-width: 300px) 100vw, 300px\" \/><\/a>\n\t\t\t<\/div><\/figure>\n\t\t<\/div>\n\n","protected":false},"excerpt":{"rendered":"<p>Ove godine u na\u0161oj \u0161koli ma\u0161kare su bile malo druga\u010dije u odnosu na prethodne godine. Ove smo se godine odlu\u010dili ocjenjivati pojedina\u010dne maske tako da se svaki u\u010denik mogao maskirati u ono \u0161to on \u017eeli. Tra\u017eili smo masku koja \u0107e odgovarati sljede\u0107im parametrima ocjenjivanja: originalna ideja (nije klasi\u010dna i ve\u0107 vi\u0111ena), jasno\u0107a izri\u010daja (prepoznatljivost onoga [&hellip;]<\/p>\n","protected":false},"author":112,"featured_media":34126,"comment_status":"closed","ping_status":"closed","sticky":false,"template":"","format":"standard","meta":{"footnotes":""},"categories":[207,4,215,209,2],"tags":[],"class_list":["post-34125","post","type-post","status-publish","format-standard","has-post-thumbnail","hentry","category-duhovno","category-fotogalerije","category-kg-direkt","category-natjecanja","category-vijesti"],"_links":{"self":[{"href":"https:\/\/katolicka-gimnazija.hr\/index.php\/wp-json\/wp\/v2\/posts\/34125","targetHints":{"allow":["GET"]}}],"collection":[{"href":"https:\/\/katolicka-gimnazija.hr\/index.php\/wp-json\/wp\/v2\/posts"}],"about":[{"href":"https:\/\/katolicka-gimnazija.hr\/index.php\/wp-json\/wp\/v2\/types\/post"}],"author":[{"embeddable":true,"href":"https:\/\/katolicka-gimnazija.hr\/index.php\/wp-json\/wp\/v2\/users\/112"}],"replies":[{"embeddable":true,"href":"https:\/\/katolicka-gimnazija.hr\/index.php\/wp-json\/wp\/v2\/comments?post=34125"}],"version-history":[{"count":3,"href":"https:\/\/katolicka-gimnazija.hr\/index.php\/wp-json\/wp\/v2\/posts\/34125\/revisions"}],"predecessor-version":[{"id":34142,"href":"https:\/\/katolicka-gimnazija.hr\/index.php\/wp-json\/wp\/v2\/posts\/34125\/revisions\/34142"}],"wp:featuredmedia":[{"embeddable":true,"href":"https:\/\/katolicka-gimnazija.hr\/index.php\/wp-json\/wp\/v2\/media\/34126"}],"wp:attachment":[{"href":"https:\/\/katolicka-gimnazija.hr\/index.php\/wp-json\/wp\/v2\/media?parent=34125"}],"wp:term":[{"taxonomy":"category","embeddable":true,"href":"https:\/\/katolicka-gimnazija.hr\/index.php\/wp-json\/wp\/v2\/categories?post=34125"},{"taxonomy":"post_tag","embeddable":true,"href":"https:\/\/katolicka-gimnazija.hr\/index.php\/wp-json\/wp\/v2\/tags?post=34125"}],"curies":[{"name":"wp","href":"https:\/\/api.w.org\/{rel}","templated":true}]}}