{"id":34146,"date":"2026-02-21T16:12:03","date_gmt":"2026-02-21T15:12:03","guid":{"rendered":"https:\/\/katolicka-gimnazija.hr\/?p=34146"},"modified":"2026-02-21T16:13:02","modified_gmt":"2026-02-21T15:13:02","slug":"popis-ucenika-pozvanih-na-zupanijsko-natjecanje-iz-latinskog-jezika","status":"publish","type":"post","link":"https:\/\/katolicka-gimnazija.hr\/index.php\/2026\/02\/21\/popis-ucenika-pozvanih-na-zupanijsko-natjecanje-iz-latinskog-jezika\/","title":{"rendered":"Popis u\u010denika pozvanih na \u017eupanijsko Natjecanje iz latinskog jezika"},"content":{"rendered":"<p>Po\u0161tovani u\u010denici i mentori!<\/p>\n<p>Ovogodi\u0161nje \u017eupanijsko Natjecanje iz latinskog jezika odr\u017eat \u0107e se <strong>u srijedu 4. o\u017eujka 2026.<\/strong> u Katoli\u010dkoj gimnaziji s pravom javnosti u Po\u017eegi.<\/p>\n<p>Natjecanje \u0107e se u na\u0161oj organizirati u dvije kategorije:<\/p>\n<ul>\n<li>latinski jezik za gimnazije<\/li>\n<li>latinski jezik za klasi\u010dne gimnazije<\/li>\n<\/ul>\n<p>Natjecanje iz latinskog jezika za sve u\u010denike odvija se od 10 do 11.30 u prostoru \u0161kolu.<\/p>\n<p>Popis pozvanih u\u010denika nalazi se na sljede\u0107oj poveznici:<br \/>\n<strong><span style=\"text-decoration: underline;\"><a href=\"https:\/\/katolicka-gimnazija.hr\/wp-content\/uploads\/2026\/02\/Popis-pozvanih-na-zupanijsko-natjecanje-iz-latinskog-jezika-2025-2026.pdf\">Popis pozvanih na \u017eupanijsko natjecanje iz latinskog jezika 2025-2026<\/a><\/span><\/strong><\/p>\n","protected":false},"excerpt":{"rendered":"<p>Po\u0161tovani u\u010denici i mentori! Ovogodi\u0161nje \u017eupanijsko Natjecanje iz latinskog jezika odr\u017eat \u0107e se u srijedu 4. o\u017eujka 2026. u Katoli\u010dkoj gimnaziji s pravom javnosti u Po\u017eegi. Natjecanje \u0107e se u na\u0161oj organizirati u dvije kategorije: latinski jezik za gimnazije latinski jezik za klasi\u010dne gimnazije Natjecanje iz latinskog jezika za sve u\u010denike odvija se od 10 [&hellip;]<\/p>\n","protected":false},"author":75,"featured_media":34148,"comment_status":"closed","ping_status":"closed","sticky":false,"template":"","format":"standard","meta":{"footnotes":""},"categories":[205,209,214,3,2],"tags":[],"class_list":["post-34146","post","type-post","status-publish","format-standard","has-post-thumbnail","hentry","category-featured","category-natjecanja","category-natjecanja-2","category-obavijesti","category-vijesti"],"_links":{"self":[{"href":"https:\/\/katolicka-gimnazija.hr\/index.php\/wp-json\/wp\/v2\/posts\/34146","targetHints":{"allow":["GET"]}}],"collection":[{"href":"https:\/\/katolicka-gimnazija.hr\/index.php\/wp-json\/wp\/v2\/posts"}],"about":[{"href":"https:\/\/katolicka-gimnazija.hr\/index.php\/wp-json\/wp\/v2\/types\/post"}],"author":[{"embeddable":true,"href":"https:\/\/katolicka-gimnazija.hr\/index.php\/wp-json\/wp\/v2\/users\/75"}],"replies":[{"embeddable":true,"href":"https:\/\/katolicka-gimnazija.hr\/index.php\/wp-json\/wp\/v2\/comments?post=34146"}],"version-history":[{"count":2,"href":"https:\/\/katolicka-gimnazija.hr\/index.php\/wp-json\/wp\/v2\/posts\/34146\/revisions"}],"predecessor-version":[{"id":34150,"href":"https:\/\/katolicka-gimnazija.hr\/index.php\/wp-json\/wp\/v2\/posts\/34146\/revisions\/34150"}],"wp:featuredmedia":[{"embeddable":true,"href":"https:\/\/katolicka-gimnazija.hr\/index.php\/wp-json\/wp\/v2\/media\/34148"}],"wp:attachment":[{"href":"https:\/\/katolicka-gimnazija.hr\/index.php\/wp-json\/wp\/v2\/media?parent=34146"}],"wp:term":[{"taxonomy":"category","embeddable":true,"href":"https:\/\/katolicka-gimnazija.hr\/index.php\/wp-json\/wp\/v2\/categories?post=34146"},{"taxonomy":"post_tag","embeddable":true,"href":"https:\/\/katolicka-gimnazija.hr\/index.php\/wp-json\/wp\/v2\/tags?post=34146"}],"curies":[{"name":"wp","href":"https:\/\/api.w.org\/{rel}","templated":true}]}}