{"id":34182,"date":"2026-02-25T12:59:59","date_gmt":"2026-02-25T11:59:59","guid":{"rendered":"https:\/\/katolicka-gimnazija.hr\/?p=34182"},"modified":"2026-02-25T19:11:36","modified_gmt":"2026-02-25T18:11:36","slug":"kg-ovci-opet-na-tronu","status":"publish","type":"post","link":"https:\/\/katolicka-gimnazija.hr\/index.php\/2026\/02\/25\/kg-ovci-opet-na-tronu\/","title":{"rendered":"KG-ovci opet na tronu"},"content":{"rendered":"<p>U utorak 25. 2. u Osnovnoj \u0161koli Zdenka Turkovi\u0107a u Kutjevu odr\u017eano je \u017dupanijsko natjecanje iz matematike za u\u010denike osnovnih i srednjih \u0161kola. Na\u0161u \u0161kolu na natjecanju, u B kategoriji nematemati\u010dkih gimnazija, predstavljali su u\u010denici Lucija Kesi\u0107 iz 3. b razreda s mentoricom Sanjom Pr\u0161a i Bruno Brekalo, Ljubica Markovi\u0107 i David Kova\u010devi\u0107 iz 4. b razreda s mentoricom Katarinom Soldo Obu\u0107ina.<br \/>\nU\u010denik Bruno Brekalo osvojio je prvo, a u\u010denica Ljubica Markovi\u0107 drugo mjesto na \u017eupanijskoj razini \u010detvrtih razreda B kategorije.<\/p>\n<p>\u010cestitamo u\u010denicima na sudjelovanju i postignutom uspjehu na natjecanju iz matematike \u2013 va\u0161 trud, upornost i ljubav prema znanju dokaz su da se predanim radom mogu posti\u0107i vrhunski rezultati!<\/p>\n","protected":false},"excerpt":{"rendered":"<p>U utorak 25. 2. u Osnovnoj \u0161koli Zdenka Turkovi\u0107a u Kutjevu odr\u017eano je \u017dupanijsko natjecanje iz matematike za u\u010denike osnovnih i srednjih \u0161kola. Na\u0161u \u0161kolu na natjecanju, u B kategoriji nematemati\u010dkih gimnazija, predstavljali su u\u010denici Lucija Kesi\u0107 iz 3. b razreda s mentoricom Sanjom Pr\u0161a i Bruno Brekalo, Ljubica Markovi\u0107 i David Kova\u010devi\u0107 iz 4. [&hellip;]<\/p>\n","protected":false},"author":75,"featured_media":34184,"comment_status":"closed","ping_status":"closed","sticky":false,"template":"","format":"standard","meta":{"footnotes":""},"categories":[209,214,3,2],"tags":[],"class_list":["post-34182","post","type-post","status-publish","format-standard","has-post-thumbnail","hentry","category-natjecanja","category-natjecanja-2","category-obavijesti","category-vijesti"],"_links":{"self":[{"href":"https:\/\/katolicka-gimnazija.hr\/index.php\/wp-json\/wp\/v2\/posts\/34182","targetHints":{"allow":["GET"]}}],"collection":[{"href":"https:\/\/katolicka-gimnazija.hr\/index.php\/wp-json\/wp\/v2\/posts"}],"about":[{"href":"https:\/\/katolicka-gimnazija.hr\/index.php\/wp-json\/wp\/v2\/types\/post"}],"author":[{"embeddable":true,"href":"https:\/\/katolicka-gimnazija.hr\/index.php\/wp-json\/wp\/v2\/users\/75"}],"replies":[{"embeddable":true,"href":"https:\/\/katolicka-gimnazija.hr\/index.php\/wp-json\/wp\/v2\/comments?post=34182"}],"version-history":[{"count":1,"href":"https:\/\/katolicka-gimnazija.hr\/index.php\/wp-json\/wp\/v2\/posts\/34182\/revisions"}],"predecessor-version":[{"id":34185,"href":"https:\/\/katolicka-gimnazija.hr\/index.php\/wp-json\/wp\/v2\/posts\/34182\/revisions\/34185"}],"wp:featuredmedia":[{"embeddable":true,"href":"https:\/\/katolicka-gimnazija.hr\/index.php\/wp-json\/wp\/v2\/media\/34184"}],"wp:attachment":[{"href":"https:\/\/katolicka-gimnazija.hr\/index.php\/wp-json\/wp\/v2\/media?parent=34182"}],"wp:term":[{"taxonomy":"category","embeddable":true,"href":"https:\/\/katolicka-gimnazija.hr\/index.php\/wp-json\/wp\/v2\/categories?post=34182"},{"taxonomy":"post_tag","embeddable":true,"href":"https:\/\/katolicka-gimnazija.hr\/index.php\/wp-json\/wp\/v2\/tags?post=34182"}],"curies":[{"name":"wp","href":"https:\/\/api.w.org\/{rel}","templated":true}]}}