{"id":34186,"date":"2026-02-24T13:06:27","date_gmt":"2026-02-24T12:06:27","guid":{"rendered":"https:\/\/katolicka-gimnazija.hr\/?p=34186"},"modified":"2026-02-25T13:08:20","modified_gmt":"2026-02-25T12:08:20","slug":"prva-mjesta-iz-njemackog-jezika-na-zupanijskom-natjecanju","status":"publish","type":"post","link":"https:\/\/katolicka-gimnazija.hr\/index.php\/2026\/02\/24\/prva-mjesta-iz-njemackog-jezika-na-zupanijskom-natjecanju\/","title":{"rendered":"Prva mjesta iz njema\u010dkog jezika na \u017eupanijskom natjecanju"},"content":{"rendered":"<p>\u201eDie Grenzen meiner Sprache bedeuten die Grenzen meiner Welt.\u201c\u00a0<br class=\"html-br\" \/>(Granice mog jezika zna\u010de granice mog svijeta.)<br class=\"html-br\" \/><br class=\"html-br\" \/>\u017dupanijsko natjecanje iz njema\u010dkog jezika danas je ugostila O\u0160 Antuna Kani\u017eli\u0107a, a na\u0161u \u0161kolu predstavljale su maturantice Marija Ore\u0161kovi\u0107, Petra \u0160pani\u0107 i Nika Trupini\u0107.<br class=\"html-br\" \/><br class=\"html-br\" \/>U kategoriji II, lista A (prvi strani jezik) Petra \u0160pani\u0107 osvojila je 1. mjesto, a u kategoriji II, lista B (drugi strani jezik) Nika Trupini\u0107 tako\u0111er je osvojila 1. mjesto, dok je Marija Ore\u0161kovi\u0107 zauzela 3. mjesto.<br class=\"html-br\" \/><br class=\"html-br\" \/>\u010cestitamo na\u0161im vrijednim maturanticama i njihovoj mentorici prof. Mileni \u0160koda i \u017eelimo im jo\u0161 mnogo uspjeha u daljnjem \u0161irenju granica svoga svijeta!<\/p>\n","protected":false},"excerpt":{"rendered":"<p>\u201eDie Grenzen meiner Sprache bedeuten die Grenzen meiner Welt.\u201c\u00a0(Granice mog jezika zna\u010de granice mog svijeta.)\u017dupanijsko natjecanje iz njema\u010dkog jezika danas je ugostila O\u0160 Antuna Kani\u017eli\u0107a, a na\u0161u \u0161kolu predstavljale su maturantice Marija Ore\u0161kovi\u0107, Petra \u0160pani\u0107 i Nika Trupini\u0107.U kategoriji II, lista A (prvi strani jezik) Petra \u0160pani\u0107 osvojila je 1. mjesto, a u kategoriji II, [&hellip;]<\/p>\n","protected":false},"author":75,"featured_media":34187,"comment_status":"closed","ping_status":"closed","sticky":false,"template":"","format":"standard","meta":{"footnotes":""},"categories":[209,214,3,2],"tags":[],"class_list":["post-34186","post","type-post","status-publish","format-standard","has-post-thumbnail","hentry","category-natjecanja","category-natjecanja-2","category-obavijesti","category-vijesti"],"_links":{"self":[{"href":"https:\/\/katolicka-gimnazija.hr\/index.php\/wp-json\/wp\/v2\/posts\/34186","targetHints":{"allow":["GET"]}}],"collection":[{"href":"https:\/\/katolicka-gimnazija.hr\/index.php\/wp-json\/wp\/v2\/posts"}],"about":[{"href":"https:\/\/katolicka-gimnazija.hr\/index.php\/wp-json\/wp\/v2\/types\/post"}],"author":[{"embeddable":true,"href":"https:\/\/katolicka-gimnazija.hr\/index.php\/wp-json\/wp\/v2\/users\/75"}],"replies":[{"embeddable":true,"href":"https:\/\/katolicka-gimnazija.hr\/index.php\/wp-json\/wp\/v2\/comments?post=34186"}],"version-history":[{"count":1,"href":"https:\/\/katolicka-gimnazija.hr\/index.php\/wp-json\/wp\/v2\/posts\/34186\/revisions"}],"predecessor-version":[{"id":34188,"href":"https:\/\/katolicka-gimnazija.hr\/index.php\/wp-json\/wp\/v2\/posts\/34186\/revisions\/34188"}],"wp:featuredmedia":[{"embeddable":true,"href":"https:\/\/katolicka-gimnazija.hr\/index.php\/wp-json\/wp\/v2\/media\/34187"}],"wp:attachment":[{"href":"https:\/\/katolicka-gimnazija.hr\/index.php\/wp-json\/wp\/v2\/media?parent=34186"}],"wp:term":[{"taxonomy":"category","embeddable":true,"href":"https:\/\/katolicka-gimnazija.hr\/index.php\/wp-json\/wp\/v2\/categories?post=34186"},{"taxonomy":"post_tag","embeddable":true,"href":"https:\/\/katolicka-gimnazija.hr\/index.php\/wp-json\/wp\/v2\/tags?post=34186"}],"curies":[{"name":"wp","href":"https:\/\/api.w.org\/{rel}","templated":true}]}}