{"id":34244,"date":"2026-03-02T12:21:57","date_gmt":"2026-03-02T11:21:57","guid":{"rendered":"https:\/\/katolicka-gimnazija.hr\/?p=34244"},"modified":"2026-03-04T12:23:42","modified_gmt":"2026-03-04T11:23:42","slug":"zupanijsko-natjecanje-iz-biologije-2","status":"publish","type":"post","link":"https:\/\/katolicka-gimnazija.hr\/index.php\/2026\/03\/02\/zupanijsko-natjecanje-iz-biologije-2\/","title":{"rendered":"\u017dupanijsko natjecanje iz biologije"},"content":{"rendered":"<p data-start=\"40\" data-end=\"332\">U \u010detvrtak, 26. velja\u010de, na\u0161i su u\u010denici \u2013 <strong data-start=\"83\" data-end=\"199\">Klara Feri\u0107, Tena Franeki\u0107, Marta Pranji\u0107, Maja Lu\u010dan, Karlo Pranji\u0107, Katja Ko\u017ei\u0107, Marija Brizar i Bruno Brekalo<\/strong> \u2013 s ponosom sudjelovali na <strong data-start=\"227\" data-end=\"266\">\u017dupanijskom natjecanju iz biologije<\/strong>, odr\u017eanom u <span class=\"hover:entity-accent entity-underline inline cursor-pointer align-baseline\"><span class=\"whitespace-normal\">Osnovna \u0161kola fra Kaje Ad\u017ei\u0107a<\/span><\/span> u Pleternici.<\/p>\n<p data-start=\"334\" data-end=\"471\">Na natjecanju su pokazali zavidno znanje, predanost radu i iskrenu ljubav prema istra\u017eivanju \u017eivota u svoj njegovoj ljepoti i slo\u017eenosti.<\/p>\n<p data-start=\"478\" data-end=\"738\">Natjecanje iz biologije nije samo provjera usvojenog znanja, nego i <strong data-start=\"546\" data-end=\"588\">prilika za osobni i intelektualni rast<\/strong>. Biologija nas pou\u010dava o \u010dudesnom skladu prirode i zakonitostima koje upravljaju \u017eivotom, ali i o odgovornosti koju imamo prema stvorenome svijetu.<\/p>\n<p data-start=\"740\" data-end=\"959\">Na to nas osobito podsje\u0107a <span class=\"hover:entity-accent entity-underline inline cursor-pointer align-baseline\"><span class=\"whitespace-normal\">Papa Franjo<\/span><\/span> u svojoj enciklici <span class=\"hover:entity-accent entity-underline inline cursor-pointer align-baseline\"><span class=\"whitespace-normal\">Laudato si&#8217;<\/span><\/span>, poti\u010du\u0107i nas da prirodu promatramo kao dar koji trebamo \u010duvati, po\u0161tovati i odgovorno koristiti.<\/p>\n<p data-start=\"966\" data-end=\"1283\">Sudjelovanje na ovakvom natjecanju velik je korak. Ono zahtijeva <strong data-start=\"1031\" data-end=\"1084\">hrabrost, upornost i vjeru u vlastite sposobnosti<\/strong>. Rezultat je va\u017ean, ali jo\u0161 je va\u017enije imati odva\u017enosti iza\u0107i pred izazov, dati najbolje od sebe i razvijati talente koji su nam povjereni. Svako iskustvo oboga\u0107uje nas i priprema za budu\u0107e uspjehe.<\/p>\n<p data-start=\"1290\" data-end=\"1430\"><strong data-start=\"1290\" data-end=\"1346\">\u010cestitamo svim na\u0161im u\u010denicima na trudu i zalaganju!<\/strong><br data-start=\"1346\" data-end=\"1349\" \/>Ponosni smo na vas jer ste pokazali da znanje, rad i ustrajnost donose plodove.<\/p>\n<p data-start=\"1432\" data-end=\"1540\" data-is-last-node=\"\" data-is-only-node=\"\">Neka vas i dalje prati znati\u017eelja istra\u017eiva\u010da i radost otkrivanja Bo\u017ejega djela u svijetu koji nas okru\u017euje.<\/p>\n","protected":false},"excerpt":{"rendered":"<p>U \u010detvrtak, 26. velja\u010de, na\u0161i su u\u010denici \u2013 Klara Feri\u0107, Tena Franeki\u0107, Marta Pranji\u0107, Maja Lu\u010dan, Karlo Pranji\u0107, Katja Ko\u017ei\u0107, Marija Brizar i Bruno Brekalo \u2013 s ponosom sudjelovali na \u017dupanijskom natjecanju iz biologije, odr\u017eanom u Osnovna \u0161kola fra Kaje Ad\u017ei\u0107a u Pleternici. Na natjecanju su pokazali zavidno znanje, predanost radu i iskrenu ljubav prema [&hellip;]<\/p>\n","protected":false},"author":81,"featured_media":34245,"comment_status":"closed","ping_status":"closed","sticky":false,"template":"","format":"standard","meta":{"footnotes":""},"categories":[209,214,2],"tags":[],"class_list":["post-34244","post","type-post","status-publish","format-standard","has-post-thumbnail","hentry","category-natjecanja","category-natjecanja-2","category-vijesti"],"_links":{"self":[{"href":"https:\/\/katolicka-gimnazija.hr\/index.php\/wp-json\/wp\/v2\/posts\/34244","targetHints":{"allow":["GET"]}}],"collection":[{"href":"https:\/\/katolicka-gimnazija.hr\/index.php\/wp-json\/wp\/v2\/posts"}],"about":[{"href":"https:\/\/katolicka-gimnazija.hr\/index.php\/wp-json\/wp\/v2\/types\/post"}],"author":[{"embeddable":true,"href":"https:\/\/katolicka-gimnazija.hr\/index.php\/wp-json\/wp\/v2\/users\/81"}],"replies":[{"embeddable":true,"href":"https:\/\/katolicka-gimnazija.hr\/index.php\/wp-json\/wp\/v2\/comments?post=34244"}],"version-history":[{"count":1,"href":"https:\/\/katolicka-gimnazija.hr\/index.php\/wp-json\/wp\/v2\/posts\/34244\/revisions"}],"predecessor-version":[{"id":34246,"href":"https:\/\/katolicka-gimnazija.hr\/index.php\/wp-json\/wp\/v2\/posts\/34244\/revisions\/34246"}],"wp:featuredmedia":[{"embeddable":true,"href":"https:\/\/katolicka-gimnazija.hr\/index.php\/wp-json\/wp\/v2\/media\/34245"}],"wp:attachment":[{"href":"https:\/\/katolicka-gimnazija.hr\/index.php\/wp-json\/wp\/v2\/media?parent=34244"}],"wp:term":[{"taxonomy":"category","embeddable":true,"href":"https:\/\/katolicka-gimnazija.hr\/index.php\/wp-json\/wp\/v2\/categories?post=34244"},{"taxonomy":"post_tag","embeddable":true,"href":"https:\/\/katolicka-gimnazija.hr\/index.php\/wp-json\/wp\/v2\/tags?post=34244"}],"curies":[{"name":"wp","href":"https:\/\/api.w.org\/{rel}","templated":true}]}}