{"id":34340,"date":"2026-03-08T09:17:18","date_gmt":"2026-03-08T08:17:18","guid":{"rendered":"https:\/\/katolicka-gimnazija.hr\/?p=34340"},"modified":"2026-03-08T09:17:18","modified_gmt":"2026-03-08T08:17:18","slug":"xv-nisi-sam","status":"publish","type":"post","link":"https:\/\/katolicka-gimnazija.hr\/index.php\/2026\/03\/08\/xv-nisi-sam\/","title":{"rendered":"XV. &#8220;Nisi sam&#8221;"},"content":{"rendered":"<p class=\"isSelectedEnd\">U subotu je odr\u017ean <strong>15. Malonogometni humanitarni turnir \u201eNisi sam\u201c<\/strong> u organizaciji Katoli\u010dke gimnazije s pravom javnosti u Po\u017eegi i Caritasa Po\u017ee\u0161ke biskupije. Ovogodi\u0161nja humanitarna akcija bila je usmjerena na prikupljanje sredstava za djevoj\u010dice Emu i Enu, odnosno za <strong>adaptaciju stambenog prostora u kojem \u017eivi njihova obitelj<\/strong>. Cilj akcije je osigurati sigurnije i primjerenije uvjete za svakodnevni \u017eivot, razvoj i dostojanstvo djece s razvojnim pote\u0161ko\u0107ama iz spektra autizma.<\/p>\n<p class=\"isSelectedEnd\">Doma\u0107in turnira i ove je godine bila <strong>Osnovna \u0161kola fra Kaje Ad\u017ei\u0107a u Pleternici<\/strong>, koja je organizatorima besplatno ustupila svoj prostor te se na taj na\u010din pridru\u017eila ovom humanitarnom projektu.<\/p>\n<p class=\"isSelectedEnd\">Na turniru je sudjelovalo <strong>11 ekipa lima\u010da (do 11 godina)<\/strong>, koje su kroz sportsko nadmetanje pokazale veliko zalaganje, ali i zajedni\u0161tvo u podr\u0161ci ovoj humanitarnoj inicijativi. Kona\u010dan poredak ekipa bio je sljede\u0107i:<\/p>\n<p class=\"isSelectedEnd\">&#x1f947; 1. mjesto \u2013 Slavonija 1<br \/>\n&#x1f948; 2. mjesto \u2013 Sloga Nova Gradi\u0161ka<br \/>\n&#x1f949; 3. mjesto \u2013 NK Slavija<br \/>\n&#x1f3c6; 4. mjesto \u2013 Slavonija Po\u017eega<\/p>\n<p>Turnir je zatvorio po\u017ee\u0161ki biskup Ivo Martinovi\u0107 koji je najboljim ekipama uru\u010dio medalje i pehare, zahvalio svim sudionicima i organizatorima te uputio rije\u010d ohrabrenja obitelji djevoj\u010dica Eme i Ene.<\/p>\n<p class=\"isSelectedEnd\">Humanitarna akcija ovim turnirom nije zavr\u0161ena. Svoju donaciju mogu\u0107e je uplatiti <strong>do 5. svibnja<\/strong> na ra\u010dun otvoren za ovu akciju:<\/p>\n<p><strong>IBAN:<\/strong> HR85236000015037604497<br \/>\n<strong>Banka:<\/strong> Zagreba\u010dka banka (ZABA)<\/p>\n<div id='gallery-1' class='gallery galleryid-34340 gallery-columns-3 gallery-size-medium'><figure class='gallery-item'>\n\t\t\t<div class='gallery-icon landscape'>\n\t\t\t\t<a href='https:\/\/katolicka-gimnazija.hr\/wp-content\/uploads\/2026\/03\/649217042_1518858490240884_8556167512249730523_n.jpg'><img loading=\"lazy\" decoding=\"async\" width=\"300\" height=\"200\" src=\"https:\/\/katolicka-gimnazija.hr\/wp-content\/uploads\/2026\/03\/649217042_1518858490240884_8556167512249730523_n-300x200.jpg\" class=\"attachment-medium size-medium\" alt=\"\" srcset=\"https:\/\/katolicka-gimnazija.hr\/wp-content\/uploads\/2026\/03\/649217042_1518858490240884_8556167512249730523_n-300x200.jpg 300w, https:\/\/katolicka-gimnazija.hr\/wp-content\/uploads\/2026\/03\/649217042_1518858490240884_8556167512249730523_n-1024x683.jpg 1024w, https:\/\/katolicka-gimnazija.hr\/wp-content\/uploads\/2026\/03\/649217042_1518858490240884_8556167512249730523_n-768x512.jpg 768w, https:\/\/katolicka-gimnazija.hr\/wp-content\/uploads\/2026\/03\/649217042_1518858490240884_8556167512249730523_n-1536x1024.jpg 1536w, https:\/\/katolicka-gimnazija.hr\/wp-content\/uploads\/2026\/03\/649217042_1518858490240884_8556167512249730523_n-400x267.jpg 400w, https:\/\/katolicka-gimnazija.hr\/wp-content\/uploads\/2026\/03\/649217042_1518858490240884_8556167512249730523_n.jpg 2048w\" sizes=\"auto, (max-width: 300px) 100vw, 300px\" \/><\/a>\n\t\t\t<\/div><\/figure><figure class='gallery-item'>\n\t\t\t<div class='gallery-icon landscape'>\n\t\t\t\t<a href='https:\/\/katolicka-gimnazija.hr\/wp-content\/uploads\/2026\/03\/649078977_1518858673574199_8533996933134337320_n.jpg'><img loading=\"lazy\" decoding=\"async\" width=\"300\" height=\"200\" src=\"https:\/\/katolicka-gimnazija.hr\/wp-content\/uploads\/2026\/03\/649078977_1518858673574199_8533996933134337320_n-300x200.jpg\" class=\"attachment-medium size-medium\" alt=\"\" srcset=\"https:\/\/katolicka-gimnazija.hr\/wp-content\/uploads\/2026\/03\/649078977_1518858673574199_8533996933134337320_n-300x200.jpg 300w, https:\/\/katolicka-gimnazija.hr\/wp-content\/uploads\/2026\/03\/649078977_1518858673574199_8533996933134337320_n-1024x683.jpg 1024w, https:\/\/katolicka-gimnazija.hr\/wp-content\/uploads\/2026\/03\/649078977_1518858673574199_8533996933134337320_n-768x512.jpg 768w, https:\/\/katolicka-gimnazija.hr\/wp-content\/uploads\/2026\/03\/649078977_1518858673574199_8533996933134337320_n-1536x1024.jpg 1536w, https:\/\/katolicka-gimnazija.hr\/wp-content\/uploads\/2026\/03\/649078977_1518858673574199_8533996933134337320_n-400x267.jpg 400w, https:\/\/katolicka-gimnazija.hr\/wp-content\/uploads\/2026\/03\/649078977_1518858673574199_8533996933134337320_n.jpg 2048w\" sizes=\"auto, (max-width: 300px) 100vw, 300px\" \/><\/a>\n\t\t\t<\/div><\/figure><figure class='gallery-item'>\n\t\t\t<div class='gallery-icon landscape'>\n\t\t\t\t<a href='https:\/\/katolicka-gimnazija.hr\/wp-content\/uploads\/2026\/03\/649180116_1518856990241034_8307521717824881686_n.jpg'><img loading=\"lazy\" decoding=\"async\" width=\"300\" height=\"200\" src=\"https:\/\/katolicka-gimnazija.hr\/wp-content\/uploads\/2026\/03\/649180116_1518856990241034_8307521717824881686_n-300x200.jpg\" class=\"attachment-medium size-medium\" alt=\"\" srcset=\"https:\/\/katolicka-gimnazija.hr\/wp-content\/uploads\/2026\/03\/649180116_1518856990241034_8307521717824881686_n-300x200.jpg 300w, https:\/\/katolicka-gimnazija.hr\/wp-content\/uploads\/2026\/03\/649180116_1518856990241034_8307521717824881686_n-1024x683.jpg 1024w, https:\/\/katolicka-gimnazija.hr\/wp-content\/uploads\/2026\/03\/649180116_1518856990241034_8307521717824881686_n-768x512.jpg 768w, https:\/\/katolicka-gimnazija.hr\/wp-content\/uploads\/2026\/03\/649180116_1518856990241034_8307521717824881686_n-1536x1024.jpg 1536w, https:\/\/katolicka-gimnazija.hr\/wp-content\/uploads\/2026\/03\/649180116_1518856990241034_8307521717824881686_n-400x267.jpg 400w, https:\/\/katolicka-gimnazija.hr\/wp-content\/uploads\/2026\/03\/649180116_1518856990241034_8307521717824881686_n.jpg 2048w\" sizes=\"auto, (max-width: 300px) 100vw, 300px\" \/><\/a>\n\t\t\t<\/div><\/figure><figure class='gallery-item'>\n\t\t\t<div class='gallery-icon landscape'>\n\t\t\t\t<a href='https:\/\/katolicka-gimnazija.hr\/wp-content\/uploads\/2026\/03\/649137907_1518858816907518_7723432826690501328_n.jpg'><img loading=\"lazy\" decoding=\"async\" width=\"300\" height=\"200\" src=\"https:\/\/katolicka-gimnazija.hr\/wp-content\/uploads\/2026\/03\/649137907_1518858816907518_7723432826690501328_n-300x200.jpg\" class=\"attachment-medium size-medium\" alt=\"\" srcset=\"https:\/\/katolicka-gimnazija.hr\/wp-content\/uploads\/2026\/03\/649137907_1518858816907518_7723432826690501328_n-300x200.jpg 300w, https:\/\/katolicka-gimnazija.hr\/wp-content\/uploads\/2026\/03\/649137907_1518858816907518_7723432826690501328_n-1024x683.jpg 1024w, https:\/\/katolicka-gimnazija.hr\/wp-content\/uploads\/2026\/03\/649137907_1518858816907518_7723432826690501328_n-768x512.jpg 768w, https:\/\/katolicka-gimnazija.hr\/wp-content\/uploads\/2026\/03\/649137907_1518858816907518_7723432826690501328_n-1536x1024.jpg 1536w, https:\/\/katolicka-gimnazija.hr\/wp-content\/uploads\/2026\/03\/649137907_1518858816907518_7723432826690501328_n-400x267.jpg 400w, https:\/\/katolicka-gimnazija.hr\/wp-content\/uploads\/2026\/03\/649137907_1518858816907518_7723432826690501328_n.jpg 2048w\" sizes=\"auto, (max-width: 300px) 100vw, 300px\" \/><\/a>\n\t\t\t<\/div><\/figure><figure class='gallery-item'>\n\t\t\t<div class='gallery-icon landscape'>\n\t\t\t\t<a href='https:\/\/katolicka-gimnazija.hr\/wp-content\/uploads\/2026\/03\/649406710_1518856986907701_3396070312901442256_n.jpg'><img loading=\"lazy\" decoding=\"async\" width=\"300\" height=\"200\" src=\"https:\/\/katolicka-gimnazija.hr\/wp-content\/uploads\/2026\/03\/649406710_1518856986907701_3396070312901442256_n-300x200.jpg\" class=\"attachment-medium size-medium\" alt=\"\" srcset=\"https:\/\/katolicka-gimnazija.hr\/wp-content\/uploads\/2026\/03\/649406710_1518856986907701_3396070312901442256_n-300x200.jpg 300w, https:\/\/katolicka-gimnazija.hr\/wp-content\/uploads\/2026\/03\/649406710_1518856986907701_3396070312901442256_n-1024x683.jpg 1024w, https:\/\/katolicka-gimnazija.hr\/wp-content\/uploads\/2026\/03\/649406710_1518856986907701_3396070312901442256_n-768x512.jpg 768w, https:\/\/katolicka-gimnazija.hr\/wp-content\/uploads\/2026\/03\/649406710_1518856986907701_3396070312901442256_n-1536x1024.jpg 1536w, https:\/\/katolicka-gimnazija.hr\/wp-content\/uploads\/2026\/03\/649406710_1518856986907701_3396070312901442256_n-400x267.jpg 400w, https:\/\/katolicka-gimnazija.hr\/wp-content\/uploads\/2026\/03\/649406710_1518856986907701_3396070312901442256_n.jpg 2048w\" sizes=\"auto, (max-width: 300px) 100vw, 300px\" \/><\/a>\n\t\t\t<\/div><\/figure><figure class='gallery-item'>\n\t\t\t<div class='gallery-icon landscape'>\n\t\t\t\t<a href='https:\/\/katolicka-gimnazija.hr\/wp-content\/uploads\/2026\/03\/649115642_1518856586907741_7581681047499213547_n.jpg'><img loading=\"lazy\" decoding=\"async\" width=\"300\" height=\"200\" src=\"https:\/\/katolicka-gimnazija.hr\/wp-content\/uploads\/2026\/03\/649115642_1518856586907741_7581681047499213547_n-300x200.jpg\" class=\"attachment-medium size-medium\" alt=\"\" srcset=\"https:\/\/katolicka-gimnazija.hr\/wp-content\/uploads\/2026\/03\/649115642_1518856586907741_7581681047499213547_n-300x200.jpg 300w, https:\/\/katolicka-gimnazija.hr\/wp-content\/uploads\/2026\/03\/649115642_1518856586907741_7581681047499213547_n-1024x683.jpg 1024w, https:\/\/katolicka-gimnazija.hr\/wp-content\/uploads\/2026\/03\/649115642_1518856586907741_7581681047499213547_n-768x512.jpg 768w, https:\/\/katolicka-gimnazija.hr\/wp-content\/uploads\/2026\/03\/649115642_1518856586907741_7581681047499213547_n-1536x1024.jpg 1536w, https:\/\/katolicka-gimnazija.hr\/wp-content\/uploads\/2026\/03\/649115642_1518856586907741_7581681047499213547_n-400x267.jpg 400w, https:\/\/katolicka-gimnazija.hr\/wp-content\/uploads\/2026\/03\/649115642_1518856586907741_7581681047499213547_n.jpg 2048w\" sizes=\"auto, (max-width: 300px) 100vw, 300px\" \/><\/a>\n\t\t\t<\/div><\/figure><figure class='gallery-item'>\n\t\t\t<div class='gallery-icon landscape'>\n\t\t\t\t<a href='https:\/\/katolicka-gimnazija.hr\/wp-content\/uploads\/2026\/03\/649318496_1518857706907629_4379038030805397227_n.jpg'><img loading=\"lazy\" decoding=\"async\" width=\"300\" height=\"200\" src=\"https:\/\/katolicka-gimnazija.hr\/wp-content\/uploads\/2026\/03\/649318496_1518857706907629_4379038030805397227_n-300x200.jpg\" class=\"attachment-medium size-medium\" alt=\"\" srcset=\"https:\/\/katolicka-gimnazija.hr\/wp-content\/uploads\/2026\/03\/649318496_1518857706907629_4379038030805397227_n-300x200.jpg 300w, https:\/\/katolicka-gimnazija.hr\/wp-content\/uploads\/2026\/03\/649318496_1518857706907629_4379038030805397227_n-1024x683.jpg 1024w, https:\/\/katolicka-gimnazija.hr\/wp-content\/uploads\/2026\/03\/649318496_1518857706907629_4379038030805397227_n-768x512.jpg 768w, https:\/\/katolicka-gimnazija.hr\/wp-content\/uploads\/2026\/03\/649318496_1518857706907629_4379038030805397227_n-1536x1024.jpg 1536w, https:\/\/katolicka-gimnazija.hr\/wp-content\/uploads\/2026\/03\/649318496_1518857706907629_4379038030805397227_n-400x267.jpg 400w, https:\/\/katolicka-gimnazija.hr\/wp-content\/uploads\/2026\/03\/649318496_1518857706907629_4379038030805397227_n.jpg 2048w\" sizes=\"auto, (max-width: 300px) 100vw, 300px\" \/><\/a>\n\t\t\t<\/div><\/figure><figure class='gallery-item'>\n\t\t\t<div class='gallery-icon landscape'>\n\t\t\t\t<a href='https:\/\/katolicka-gimnazija.hr\/wp-content\/uploads\/2026\/03\/649196697_1518857803574286_6355098430896906921_n.jpg'><img loading=\"lazy\" decoding=\"async\" width=\"300\" height=\"200\" src=\"https:\/\/katolicka-gimnazija.hr\/wp-content\/uploads\/2026\/03\/649196697_1518857803574286_6355098430896906921_n-300x200.jpg\" class=\"attachment-medium size-medium\" alt=\"\" srcset=\"https:\/\/katolicka-gimnazija.hr\/wp-content\/uploads\/2026\/03\/649196697_1518857803574286_6355098430896906921_n-300x200.jpg 300w, https:\/\/katolicka-gimnazija.hr\/wp-content\/uploads\/2026\/03\/649196697_1518857803574286_6355098430896906921_n-1024x683.jpg 1024w, https:\/\/katolicka-gimnazija.hr\/wp-content\/uploads\/2026\/03\/649196697_1518857803574286_6355098430896906921_n-768x512.jpg 768w, https:\/\/katolicka-gimnazija.hr\/wp-content\/uploads\/2026\/03\/649196697_1518857803574286_6355098430896906921_n-1536x1024.jpg 1536w, https:\/\/katolicka-gimnazija.hr\/wp-content\/uploads\/2026\/03\/649196697_1518857803574286_6355098430896906921_n-400x267.jpg 400w, https:\/\/katolicka-gimnazija.hr\/wp-content\/uploads\/2026\/03\/649196697_1518857803574286_6355098430896906921_n.jpg 2048w\" sizes=\"auto, (max-width: 300px) 100vw, 300px\" \/><\/a>\n\t\t\t<\/div><\/figure><figure class='gallery-item'>\n\t\t\t<div class='gallery-icon landscape'>\n\t\t\t\t<a href='https:\/\/katolicka-gimnazija.hr\/wp-content\/uploads\/2026\/03\/648799000_1518858443574222_6055800333540305336_n.jpg'><img loading=\"lazy\" decoding=\"async\" width=\"300\" height=\"200\" src=\"https:\/\/katolicka-gimnazija.hr\/wp-content\/uploads\/2026\/03\/648799000_1518858443574222_6055800333540305336_n-300x200.jpg\" class=\"attachment-medium size-medium\" alt=\"\" srcset=\"https:\/\/katolicka-gimnazija.hr\/wp-content\/uploads\/2026\/03\/648799000_1518858443574222_6055800333540305336_n-300x200.jpg 300w, https:\/\/katolicka-gimnazija.hr\/wp-content\/uploads\/2026\/03\/648799000_1518858443574222_6055800333540305336_n-1024x683.jpg 1024w, https:\/\/katolicka-gimnazija.hr\/wp-content\/uploads\/2026\/03\/648799000_1518858443574222_6055800333540305336_n-768x512.jpg 768w, https:\/\/katolicka-gimnazija.hr\/wp-content\/uploads\/2026\/03\/648799000_1518858443574222_6055800333540305336_n-1536x1024.jpg 1536w, https:\/\/katolicka-gimnazija.hr\/wp-content\/uploads\/2026\/03\/648799000_1518858443574222_6055800333540305336_n-400x267.jpg 400w, https:\/\/katolicka-gimnazija.hr\/wp-content\/uploads\/2026\/03\/648799000_1518858443574222_6055800333540305336_n.jpg 2048w\" sizes=\"auto, (max-width: 300px) 100vw, 300px\" \/><\/a>\n\t\t\t<\/div><\/figure><figure class='gallery-item'>\n\t\t\t<div class='gallery-icon landscape'>\n\t\t\t\t<a href='https:\/\/katolicka-gimnazija.hr\/wp-content\/uploads\/2026\/03\/649249829_1518857110241022_2882034508638815777_n.jpg'><img loading=\"lazy\" decoding=\"async\" width=\"300\" height=\"200\" src=\"https:\/\/katolicka-gimnazija.hr\/wp-content\/uploads\/2026\/03\/649249829_1518857110241022_2882034508638815777_n-300x200.jpg\" class=\"attachment-medium size-medium\" alt=\"\" srcset=\"https:\/\/katolicka-gimnazija.hr\/wp-content\/uploads\/2026\/03\/649249829_1518857110241022_2882034508638815777_n-300x200.jpg 300w, https:\/\/katolicka-gimnazija.hr\/wp-content\/uploads\/2026\/03\/649249829_1518857110241022_2882034508638815777_n-1024x683.jpg 1024w, https:\/\/katolicka-gimnazija.hr\/wp-content\/uploads\/2026\/03\/649249829_1518857110241022_2882034508638815777_n-768x512.jpg 768w, https:\/\/katolicka-gimnazija.hr\/wp-content\/uploads\/2026\/03\/649249829_1518857110241022_2882034508638815777_n-1536x1024.jpg 1536w, https:\/\/katolicka-gimnazija.hr\/wp-content\/uploads\/2026\/03\/649249829_1518857110241022_2882034508638815777_n-400x267.jpg 400w, https:\/\/katolicka-gimnazija.hr\/wp-content\/uploads\/2026\/03\/649249829_1518857110241022_2882034508638815777_n.jpg 2048w\" sizes=\"auto, (max-width: 300px) 100vw, 300px\" \/><\/a>\n\t\t\t<\/div><\/figure><figure class='gallery-item'>\n\t\t\t<div class='gallery-icon landscape'>\n\t\t\t\t<a href='https:\/\/katolicka-gimnazija.hr\/wp-content\/uploads\/2026\/03\/649178568_1518857150241018_7687032093072247366_n.jpg'><img loading=\"lazy\" decoding=\"async\" width=\"300\" height=\"200\" src=\"https:\/\/katolicka-gimnazija.hr\/wp-content\/uploads\/2026\/03\/649178568_1518857150241018_7687032093072247366_n-300x200.jpg\" class=\"attachment-medium size-medium\" alt=\"\" srcset=\"https:\/\/katolicka-gimnazija.hr\/wp-content\/uploads\/2026\/03\/649178568_1518857150241018_7687032093072247366_n-300x200.jpg 300w, https:\/\/katolicka-gimnazija.hr\/wp-content\/uploads\/2026\/03\/649178568_1518857150241018_7687032093072247366_n-1024x683.jpg 1024w, https:\/\/katolicka-gimnazija.hr\/wp-content\/uploads\/2026\/03\/649178568_1518857150241018_7687032093072247366_n-768x512.jpg 768w, https:\/\/katolicka-gimnazija.hr\/wp-content\/uploads\/2026\/03\/649178568_1518857150241018_7687032093072247366_n-1536x1024.jpg 1536w, https:\/\/katolicka-gimnazija.hr\/wp-content\/uploads\/2026\/03\/649178568_1518857150241018_7687032093072247366_n-400x267.jpg 400w, https:\/\/katolicka-gimnazija.hr\/wp-content\/uploads\/2026\/03\/649178568_1518857150241018_7687032093072247366_n.jpg 2048w\" sizes=\"auto, (max-width: 300px) 100vw, 300px\" \/><\/a>\n\t\t\t<\/div><\/figure><figure class='gallery-item'>\n\t\t\t<div class='gallery-icon landscape'>\n\t\t\t\t<a href='https:\/\/katolicka-gimnazija.hr\/wp-content\/uploads\/2026\/03\/649164532_1518858716907528_4142739784589493791_n.jpg'><img loading=\"lazy\" decoding=\"async\" width=\"300\" height=\"200\" src=\"https:\/\/katolicka-gimnazija.hr\/wp-content\/uploads\/2026\/03\/649164532_1518858716907528_4142739784589493791_n-300x200.jpg\" class=\"attachment-medium size-medium\" alt=\"\" srcset=\"https:\/\/katolicka-gimnazija.hr\/wp-content\/uploads\/2026\/03\/649164532_1518858716907528_4142739784589493791_n-300x200.jpg 300w, https:\/\/katolicka-gimnazija.hr\/wp-content\/uploads\/2026\/03\/649164532_1518858716907528_4142739784589493791_n-1024x683.jpg 1024w, https:\/\/katolicka-gimnazija.hr\/wp-content\/uploads\/2026\/03\/649164532_1518858716907528_4142739784589493791_n-768x512.jpg 768w, https:\/\/katolicka-gimnazija.hr\/wp-content\/uploads\/2026\/03\/649164532_1518858716907528_4142739784589493791_n-1536x1024.jpg 1536w, https:\/\/katolicka-gimnazija.hr\/wp-content\/uploads\/2026\/03\/649164532_1518858716907528_4142739784589493791_n-400x267.jpg 400w, https:\/\/katolicka-gimnazija.hr\/wp-content\/uploads\/2026\/03\/649164532_1518858716907528_4142739784589493791_n.jpg 2048w\" sizes=\"auto, (max-width: 300px) 100vw, 300px\" \/><\/a>\n\t\t\t<\/div><\/figure><figure class='gallery-item'>\n\t\t\t<div class='gallery-icon landscape'>\n\t\t\t\t<a href='https:\/\/katolicka-gimnazija.hr\/wp-content\/uploads\/2026\/03\/649074030_1518858560240877_4013990310789267765_n.jpg'><img loading=\"lazy\" decoding=\"async\" width=\"300\" height=\"200\" src=\"https:\/\/katolicka-gimnazija.hr\/wp-content\/uploads\/2026\/03\/649074030_1518858560240877_4013990310789267765_n-300x200.jpg\" class=\"attachment-medium size-medium\" alt=\"\" srcset=\"https:\/\/katolicka-gimnazija.hr\/wp-content\/uploads\/2026\/03\/649074030_1518858560240877_4013990310789267765_n-300x200.jpg 300w, https:\/\/katolicka-gimnazija.hr\/wp-content\/uploads\/2026\/03\/649074030_1518858560240877_4013990310789267765_n-1024x683.jpg 1024w, https:\/\/katolicka-gimnazija.hr\/wp-content\/uploads\/2026\/03\/649074030_1518858560240877_4013990310789267765_n-768x512.jpg 768w, https:\/\/katolicka-gimnazija.hr\/wp-content\/uploads\/2026\/03\/649074030_1518858560240877_4013990310789267765_n-1536x1024.jpg 1536w, https:\/\/katolicka-gimnazija.hr\/wp-content\/uploads\/2026\/03\/649074030_1518858560240877_4013990310789267765_n-400x267.jpg 400w, https:\/\/katolicka-gimnazija.hr\/wp-content\/uploads\/2026\/03\/649074030_1518858560240877_4013990310789267765_n.jpg 2048w\" sizes=\"auto, (max-width: 300px) 100vw, 300px\" \/><\/a>\n\t\t\t<\/div><\/figure><figure class='gallery-item'>\n\t\t\t<div class='gallery-icon landscape'>\n\t\t\t\t<a href='https:\/\/katolicka-gimnazija.hr\/wp-content\/uploads\/2026\/03\/649420013_1518856743574392_8957116651570409940_n.jpg'><img loading=\"lazy\" decoding=\"async\" width=\"300\" height=\"200\" src=\"https:\/\/katolicka-gimnazija.hr\/wp-content\/uploads\/2026\/03\/649420013_1518856743574392_8957116651570409940_n-300x200.jpg\" class=\"attachment-medium size-medium\" alt=\"\" srcset=\"https:\/\/katolicka-gimnazija.hr\/wp-content\/uploads\/2026\/03\/649420013_1518856743574392_8957116651570409940_n-300x200.jpg 300w, https:\/\/katolicka-gimnazija.hr\/wp-content\/uploads\/2026\/03\/649420013_1518856743574392_8957116651570409940_n-1024x683.jpg 1024w, https:\/\/katolicka-gimnazija.hr\/wp-content\/uploads\/2026\/03\/649420013_1518856743574392_8957116651570409940_n-768x512.jpg 768w, https:\/\/katolicka-gimnazija.hr\/wp-content\/uploads\/2026\/03\/649420013_1518856743574392_8957116651570409940_n-1536x1024.jpg 1536w, https:\/\/katolicka-gimnazija.hr\/wp-content\/uploads\/2026\/03\/649420013_1518856743574392_8957116651570409940_n-400x267.jpg 400w, https:\/\/katolicka-gimnazija.hr\/wp-content\/uploads\/2026\/03\/649420013_1518856743574392_8957116651570409940_n.jpg 2048w\" sizes=\"auto, (max-width: 300px) 100vw, 300px\" \/><\/a>\n\t\t\t<\/div><\/figure><figure class='gallery-item'>\n\t\t\t<div class='gallery-icon landscape'>\n\t\t\t\t<a href='https:\/\/katolicka-gimnazija.hr\/wp-content\/uploads\/2026\/03\/649074474_1518856566907743_6255309107193357707_n.jpg'><img loading=\"lazy\" decoding=\"async\" width=\"300\" height=\"200\" src=\"https:\/\/katolicka-gimnazija.hr\/wp-content\/uploads\/2026\/03\/649074474_1518856566907743_6255309107193357707_n-300x200.jpg\" class=\"attachment-medium size-medium\" alt=\"\" srcset=\"https:\/\/katolicka-gimnazija.hr\/wp-content\/uploads\/2026\/03\/649074474_1518856566907743_6255309107193357707_n-300x200.jpg 300w, https:\/\/katolicka-gimnazija.hr\/wp-content\/uploads\/2026\/03\/649074474_1518856566907743_6255309107193357707_n-1024x683.jpg 1024w, https:\/\/katolicka-gimnazija.hr\/wp-content\/uploads\/2026\/03\/649074474_1518856566907743_6255309107193357707_n-768x512.jpg 768w, https:\/\/katolicka-gimnazija.hr\/wp-content\/uploads\/2026\/03\/649074474_1518856566907743_6255309107193357707_n-1536x1024.jpg 1536w, https:\/\/katolicka-gimnazija.hr\/wp-content\/uploads\/2026\/03\/649074474_1518856566907743_6255309107193357707_n-400x267.jpg 400w, https:\/\/katolicka-gimnazija.hr\/wp-content\/uploads\/2026\/03\/649074474_1518856566907743_6255309107193357707_n.jpg 2048w\" sizes=\"auto, (max-width: 300px) 100vw, 300px\" \/><\/a>\n\t\t\t<\/div><\/figure>\n\t\t<\/div>\n\n","protected":false},"excerpt":{"rendered":"<p>U subotu je odr\u017ean 15. Malonogometni humanitarni turnir \u201eNisi sam\u201c u organizaciji Katoli\u010dke gimnazije s pravom javnosti u Po\u017eegi i Caritasa Po\u017ee\u0161ke biskupije. Ovogodi\u0161nja humanitarna akcija bila je usmjerena na prikupljanje sredstava za djevoj\u010dice Emu i Enu, odnosno za adaptaciju stambenog prostora u kojem \u017eivi njihova obitelj. Cilj akcije je osigurati sigurnije i primjerenije uvjete [&hellip;]<\/p>\n","protected":false},"author":2,"featured_media":34351,"comment_status":"closed","ping_status":"closed","sticky":false,"template":"","format":"standard","meta":{"footnotes":""},"categories":[4,208,209,214,210,2],"tags":[],"class_list":["post-34340","post","type-post","status-publish","format-standard","has-post-thumbnail","hentry","category-fotogalerije","category-humanitarno","category-natjecanja","category-natjecanja-2","category-sport","category-vijesti"],"_links":{"self":[{"href":"https:\/\/katolicka-gimnazija.hr\/index.php\/wp-json\/wp\/v2\/posts\/34340","targetHints":{"allow":["GET"]}}],"collection":[{"href":"https:\/\/katolicka-gimnazija.hr\/index.php\/wp-json\/wp\/v2\/posts"}],"about":[{"href":"https:\/\/katolicka-gimnazija.hr\/index.php\/wp-json\/wp\/v2\/types\/post"}],"author":[{"embeddable":true,"href":"https:\/\/katolicka-gimnazija.hr\/index.php\/wp-json\/wp\/v2\/users\/2"}],"replies":[{"embeddable":true,"href":"https:\/\/katolicka-gimnazija.hr\/index.php\/wp-json\/wp\/v2\/comments?post=34340"}],"version-history":[{"count":1,"href":"https:\/\/katolicka-gimnazija.hr\/index.php\/wp-json\/wp\/v2\/posts\/34340\/revisions"}],"predecessor-version":[{"id":34356,"href":"https:\/\/katolicka-gimnazija.hr\/index.php\/wp-json\/wp\/v2\/posts\/34340\/revisions\/34356"}],"wp:featuredmedia":[{"embeddable":true,"href":"https:\/\/katolicka-gimnazija.hr\/index.php\/wp-json\/wp\/v2\/media\/34351"}],"wp:attachment":[{"href":"https:\/\/katolicka-gimnazija.hr\/index.php\/wp-json\/wp\/v2\/media?parent=34340"}],"wp:term":[{"taxonomy":"category","embeddable":true,"href":"https:\/\/katolicka-gimnazija.hr\/index.php\/wp-json\/wp\/v2\/categories?post=34340"},{"taxonomy":"post_tag","embeddable":true,"href":"https:\/\/katolicka-gimnazija.hr\/index.php\/wp-json\/wp\/v2\/tags?post=34340"}],"curies":[{"name":"wp","href":"https:\/\/api.w.org\/{rel}","templated":true}]}}