{"id":3437,"date":"2016-02-12T23:00:04","date_gmt":"2016-02-12T23:00:04","guid":{"rendered":"http:\/\/katolicka-gimnazija.hr\/?p=3437"},"modified":"2026-01-28T12:39:40","modified_gmt":"2026-01-28T11:39:40","slug":"financije","status":"publish","type":"post","link":"https:\/\/katolicka-gimnazija.hr\/index.php\/2016\/02\/12\/financije\/","title":{"rendered":"Financije"},"content":{"rendered":"<p>Pod ovim izbornikom objavljene su informacije o izvoru financiranja, prora\u010dunu, financijskom planu ili drugim odgovaraju\u0107im dokumentima kojima se utvr\u0111uju prihodi i rashodi Katoli\u010dke gimnazije s pravom javnosti kao tijela javne vlasti te podacima i izvje\u0161\u0107ima o izvr\u0161enju prora\u010duna, financijskog plana ili drugog odgovaraju\u0107eg dokumenta.<\/p>\n<p>Na internetskim stranicama Ministarstva financija Republike Hrvatske u Registru neprofitnih organizacija mogu se pretra\u017eivati osnovni podaci o Katoli\u010dkoj gimnaziji s pravom javnosti kao neprofitnoj organizaciji.<\/p>\n<p>Registar neprofitnih organizacija <a href=\"https:\/\/banovac.mfin.hr\/rnoprt\/\">https:\/\/banovac.mfin.hr\/rnoprt\/<\/a><\/p>\n<p><a href=\"https:\/\/katolicka-gimnazija.hr\/wp-content\/uploads\/2016\/02\/Odluka-o-donosenju-Financijskog-plana-za-2026.-godinu.docx\">Odluka o dono\u0161enju Financijskog plana za 2026. godinu<\/a><\/p>\n<p><a href=\"https:\/\/katolicka-gimnazija.hr\/wp-content\/uploads\/2016\/02\/Odluka-o-izmjenama-Financijskog-plana-za-2025.-godinu.docx\">Odluka o izmjenama Financijskog plana za 2025. godinu<\/a><\/p>\n<p><a href=\"https:\/\/katolicka-gimnazija.hr\/wp-content\/uploads\/2016\/02\/Revizorsko-izvjesce-o-uvidu-u-financijske-izvjestaje-za-2024.-godinu.pdf\">Revizorsko izvje\u0161\u0107e o uvidu u financijske izvje\u0161taje za 2024. godinu<\/a><\/p>\n<p><a href=\"https:\/\/katolicka-gimnazija.hr\/wp-content\/uploads\/2016\/02\/Odluka-o-financijskom-izvjestaju-za-2024.-godinu.docx\">Odluka o financijskom izvje\u0161taju za 2024. godinu<\/a><\/p>\n<p><a href=\"https:\/\/katolicka-gimnazija.hr\/wp-content\/uploads\/2016\/02\/Zakljucak-o-financijskom-upravljanju-za-2024.-godinu.docx\">Zaklju\u010dak o financijskom upravljanju za 2024. godinu<\/a><\/p>\n<p class=\"yiv2353869524MsoNormal\"><a href=\"https:\/\/katolicka-gimnazija.hr\/wp-content\/uploads\/2016\/02\/Odluka-o-donosenju-Financijskog-plana-za-2025.-godinu.docx\">Odluka o dono\u0161enju Financijskog plana za 2025. godinu<\/a><\/p>\n<p class=\"yiv2353869524MsoNormal\"><a href=\"https:\/\/katolicka-gimnazija.hr\/wp-content\/uploads\/2016\/02\/Odluka-o-izmjenama-i-dopunama-Financijskog-plana-za-2024.-godinu.docx\">Odluka o izmjenama i dopunama Financijskog plana za 2024. godinu<\/a><\/p>\n<p class=\"yiv2353869524MsoNormal\"><a href=\"https:\/\/katolicka-gimnazija.hr\/wp-content\/uploads\/2016\/02\/Odluka-o-usvajanju-Financijskog-izvjestaja-za-2023.-godinu.docx\">Odluka o usvajanju Financijskog izvje\u0161taja za 2023. godinu<\/a><\/p>\n<p class=\"yiv2353869524MsoNormal\"><a href=\"https:\/\/katolicka-gimnazija.hr\/wp-content\/uploads\/2016\/02\/Zakljucak-o-upitniku-o-financijskom-upravljanju-za-2023.-godinu.docx\">Zaklju\u010dak o upitniku o financijskom upravljanju za 2023. godinu<\/a><\/p>\n<p><a href=\"http:\/\/katolicka-gimnazija.hr\/wp-content\/uploads\/2016\/02\/REVIZORSKO-IZVJESCE-2023.pdf\">Revizorsko izvje\u0161\u0107e o uvidu u financijske izvje\u0161taje za 2023. godinu<\/a><\/p>\n<p><a href=\"http:\/\/katolicka-gimnazija.hr\/wp-content\/uploads\/2016\/02\/Odluka-o-donosenju-Financijskog-plana-Katolicke-gimnazije-s-pravom-javnosti-za-2024.-godinu.docx\">Odluka o dono\u0161enju Financijskog plana Katoli\u010dke gimnazije s pravom javnosti za 2024. godinu<\/a><\/p>\n<p><a href=\"http:\/\/katolicka-gimnazija.hr\/wp-content\/uploads\/2016\/02\/Odluka-o-donosenju-Financijskog-plana-Katolicke-gimnazije-s-pravom-javnosti-za-2023.-godinu.docx\">Odluka o dono\u0161enju Financijskog plana Katoli\u010dke gimnazije s pravom javnosti za 2023. godinu<\/a><\/p>\n<p><a href=\"http:\/\/katolicka-gimnazija.hr\/wp-content\/uploads\/2016\/02\/Odluka-o-usvajanju-financijskog-izvjestaja-Katolicke-gimnazije-s-pravom-javnosti-za-2022.-godinu.docx\">Odluka o usvajanju financijskog izvje\u0161taja Katoli\u010dke gimnazije s pravom javnosti za 2022. godinu<\/a><\/p>\n<p><a href=\"http:\/\/katolicka-gimnazija.hr\/wp-content\/uploads\/2016\/02\/Odluka-o-donosenju-financijskog-plana-Katolicke-gimnazije-s-pravom-javnosti-za-2022.-godinu.docx\">Odluka o dono\u0161enju financijskog plana Katoli\u010dke gimnazije s pravom javnosti za 2022. godinu<\/a><\/p>\n<p><a href=\"http:\/\/katolicka-gimnazija.hr\/wp-content\/uploads\/2016\/02\/Odluka-o-donosenju-financijskog-plana-Katolicke-gimnazije-s-pravom-javnosti-za-2021.-godinu.docx\">Odluka o dono\u0161enju financijskog plana Katoli\u010dke gimnazije s pravom javnosti za 2021. godinu<\/a><\/p>\n<p><a href=\"http:\/\/katolicka-gimnazija.hr\/wp-content\/uploads\/2016\/02\/Odluka-o-usvajanju-financijskog-izvjestaja-Katolicke-gimnazije-s-pravom-javnosti-za-2020.-godinu.docx\">Odluka o usvajanju financijskog izvje\u0161taja Katoli\u010dke gimnazije s pravom javnosti za 2020. godinu<\/a><\/p>\n<p><a href=\"http:\/\/katolicka-gimnazija.hr\/wp-content\/uploads\/2016\/02\/REVIZORSKO-IZVJE\u0160\u0106E-2020.pdf\">Revizorsko izvje\u0161\u0107e o uvidu u financijske izvje\u0161taje za 2020. godinu<\/a><\/p>\n<p><a href=\"http:\/\/katolicka-gimnazija.hr\/wp-content\/uploads\/2017\/06\/Obrazac-broj-8.-Izvje\u0161\u0107e-o-provedenoj-humanitarnoj-akciji.docx\" rel=\"\">Obrazac broj 8. Izvje\u0161\u0107e o provedenoj humanitarnoj akciji<\/a><\/p>\n<p><a href=\"http:\/\/katolicka-gimnazija.hr\/wp-content\/uploads\/2016\/02\/Dokumenti-sa-sjednice-Skolskog-odbora-za-internetske-stranice.docx\">Odluka o usvajanju financijskog izvje\u0161taja Katoli\u010dke gimnazije s pravom javnosti za 2021. godinu<\/a><\/p>\n<p><a href=\"http:\/\/katolicka-gimnazija.hr\/wp-content\/uploads\/2016\/02\/REVIZORSKO-IZVJESCE-2021.pdf\">Revizorsko izvje\u0161\u0107e o uvidu u financijske izvje\u0161taje za 2021. godinu<\/a><\/p>\n<p><a href=\"http:\/\/katolicka-gimnazija.hr\/wp-content\/uploads\/2016\/02\/Revizorsko-izvjesce-2022.pdf\">Revizorsko izvje\u0161\u0107e o uvidu u financijske izvje\u0161taje za 2022. godinu<\/a><\/p>\n","protected":false},"excerpt":{"rendered":"<p>Pod ovim izbornikom objavljene su informacije o izvoru financiranja, prora\u010dunu, financijskom planu ili drugim odgovaraju\u0107im dokumentima kojima se utvr\u0111uju prihodi i rashodi Katoli\u010dke gimnazije s pravom javnosti kao tijela javne vlasti te podacima i izvje\u0161\u0107ima o izvr\u0161enju prora\u010duna, financijskog plana ili drugog odgovaraju\u0107eg dokumenta. Na internetskim stranicama Ministarstva financija Republike Hrvatske u Registru neprofitnih organizacija [&hellip;]<\/p>\n","protected":false},"author":39,"featured_media":0,"comment_status":"closed","ping_status":"closed","sticky":false,"template":"","format":"standard","meta":{"footnotes":""},"categories":[194],"tags":[],"class_list":["post-3437","post","type-post","status-publish","format-standard","hentry","category-akti"],"_links":{"self":[{"href":"https:\/\/katolicka-gimnazija.hr\/index.php\/wp-json\/wp\/v2\/posts\/3437","targetHints":{"allow":["GET"]}}],"collection":[{"href":"https:\/\/katolicka-gimnazija.hr\/index.php\/wp-json\/wp\/v2\/posts"}],"about":[{"href":"https:\/\/katolicka-gimnazija.hr\/index.php\/wp-json\/wp\/v2\/types\/post"}],"author":[{"embeddable":true,"href":"https:\/\/katolicka-gimnazija.hr\/index.php\/wp-json\/wp\/v2\/users\/39"}],"replies":[{"embeddable":true,"href":"https:\/\/katolicka-gimnazija.hr\/index.php\/wp-json\/wp\/v2\/comments?post=3437"}],"version-history":[{"count":33,"href":"https:\/\/katolicka-gimnazija.hr\/index.php\/wp-json\/wp\/v2\/posts\/3437\/revisions"}],"predecessor-version":[{"id":34038,"href":"https:\/\/katolicka-gimnazija.hr\/index.php\/wp-json\/wp\/v2\/posts\/3437\/revisions\/34038"}],"wp:attachment":[{"href":"https:\/\/katolicka-gimnazija.hr\/index.php\/wp-json\/wp\/v2\/media?parent=3437"}],"wp:term":[{"taxonomy":"category","embeddable":true,"href":"https:\/\/katolicka-gimnazija.hr\/index.php\/wp-json\/wp\/v2\/categories?post=3437"},{"taxonomy":"post_tag","embeddable":true,"href":"https:\/\/katolicka-gimnazija.hr\/index.php\/wp-json\/wp\/v2\/tags?post=3437"}],"curies":[{"name":"wp","href":"https:\/\/api.w.org\/{rel}","templated":true}]}}