{"id":34597,"date":"2026-03-27T18:03:51","date_gmt":"2026-03-27T17:03:51","guid":{"rendered":"https:\/\/katolicka-gimnazija.hr\/?p=34597"},"modified":"2026-03-27T18:03:51","modified_gmt":"2026-03-27T17:03:51","slug":"poslovi-nastavnika-njemackog-jezika-i-nastavnika-povijesti-natjecaj","status":"publish","type":"post","link":"https:\/\/katolicka-gimnazija.hr\/index.php\/2026\/03\/27\/poslovi-nastavnika-njemackog-jezika-i-nastavnika-povijesti-natjecaj\/","title":{"rendered":"Poslovi nastavnika njema\u010dkog jezika i nastavnika povijesti \u2013 natje\u010daj"},"content":{"rendered":"<p>KATOLI\u010cKA GIMNAZIJA S PRAVOM JAVNOSTI<\/p>\n<p>Po\u017eega, Pape Ivana Pavla II. 6<\/p>\n<p>KLASA: 112-01\/26-01\/1<\/p>\n<p>URBROJ: 2177-1-21-26-29<\/p>\n<p>Po\u017eega, 27. o\u017eujka 2026.<\/p>\n<p>Na temelju \u010dlanka 107. stavka 1. Zakona o odgoju i obrazovanju u osnovnoj i srednjoj \u0161koli (Narodne novine broj 87\/2008, 86\/2009, 92\/2010, 105\/2010, 90\/2011, 16\/2012, 86\/2012, 94\/2013, 152\/2014, 7\/2017, 68\/2018, 98\/2019, 64\/2020, 151\/2022 i 156\/2023), Katoli\u010dka gimnazija s pravom javnosti objavljuje<\/p>\n<p>NATJE\u010cAJ<\/p>\n<p>ZA ZASNIVANJE RADNOG ODNOSA<\/p>\n<p>u Katoli\u010dkoj gimnaziji na poslovima:<\/p>\n<ol>\n<li>NASTAVNIK NJEMA\u010cKOG JEZIKA \u2013 1 izvr\u0161itelj\/izvr\u0161iteljica \u2013 na odre\u0111eno vrijeme radi zamjene radnika do povratka, a najdulje do 31. 8. 2026. \u2013 u nepunom radnom vremenu od ukupno 15 sati tjedno<\/li>\n<li>NASTAVNIK POVIJESTI \u2013 1 izvr\u0161itelj\/izvr\u0161iteljica \u2013 na odre\u0111eno vrijeme radi zamjene radnika do povratka \u2013 u nepunom radnom vremenu od ukupno 11 sati tjedno.<\/li>\n<\/ol>\n<p>Uz prijavu na ovaj Natje\u010daj kandidat je du\u017ean prilo\u017eiti:<\/p>\n<ol>\n<li>\u017eivotopis<\/li>\n<li>dokaz o dr\u017eavljanstvu<\/li>\n<li>dokaz o zavr\u0161enom studiju odgovaraju\u0107e vrste<\/li>\n<li>dokaz o radnom sta\u017eu (potvrda ili elektroni\u010dki zapis o podacima evidentiranim u mati\u010dnoj evidenciji Hrvatskog zavoda za mirovinsko osiguranje), ne stariji od dana objave ovoga Natje\u010daja<\/li>\n<li>dokaz o\u00a0 nepostojanju\u00a0 zapreka\u00a0 za\u00a0 zasnivanje\u00a0 radnog\u00a0 odnosa\u00a0 u\u00a0 \u0161kolskoj\u00a0 ustanovi iz \u010dlanka 106. Zakona o odgoju i obrazovanju u osnovnoj i srednjoj \u0161koli (Narodne novine broj 87\/2008, 86\/2009, 92\/2010, 105\/2010, 90\/2011, 16\/2012, 86\/2012, 94\/2013, 152\/2014, 7\/2017, 68\/2018, 98\/2019, 64\/2020, 151\/2022 i 156\/2023), izdan od ustanove i ne stariji od dana objave ovoga Natje\u010daja.<\/li>\n<\/ol>\n<p>Isprave se prila\u017eu u neovjerenoj preslici i elektroni\u010dkom zapisu.<\/p>\n<p>Kandidat koji mo\u017ee ostvariti pravo prednosti pri zapo\u0161ljavanju prema \u010dlanku 48.f Zakona o za\u0161titi vojnih i civilnih invalida rata (Narodne novine broj 33\/1992, 57\/1992, 77\/1992, 27\/1993, 58\/1993, 2\/1994, 76\/1994, 108\/1995, 108\/1996, 82\/2001, 103\/2003, 148\/2013 i 98\/2019) i \u010dlanku 9. Zakona o profesionalnoj rehabilitaciji i zapo\u0161ljavanju osoba s invaliditetom (Narodne novine broj 157\/2013, 152\/2014, 39\/2018 i 32\/2020) du\u017ean je u prijavi na ovaj Natje\u010daj pozvati se na to pravo i osim dokaza o ispunjavanju tra\u017eenih uvjeta iz ovoga Natje\u010daja prilo\u017eiti i dokaze o ostvarivanju prava prednosti.<\/p>\n<p>Kandidat koji mo\u017ee ostvariti pravo prednosti pri zapo\u0161ljavanju prema \u010dlanku 102. Zakona o hrvatskim braniteljima iz Domovinskog rata i \u010dlanovima njihovih obitelji (Narodne novine 121\/2017, 98\/2019, 84\/2021 i 156\/2023) du\u017ean je u prijavi na ovaj Natje\u010daj pozvati se na to pravo i osim dokaza o ispunjavanju tra\u017eenih uvjeta iz ovoga Natje\u010daja prilo\u017eiti i dokaze o ostvarivanju prava prednosti, a dokazi za ostvarivanje prava<em> navedeni su na internetskoj stranici Ministarstva hrvatskih branitelja na poveznici <\/em><a href=\"https:\/\/branitelji.gov.hr\/zaposljavanje-843\/843\">https:\/\/branitelji.gov.hr\/zaposljavanje-843\/843<\/a> .<\/p>\n<p>Prijava i \u017eivotopis s dokazima o ispunjavanju uvjeta iz ovoga Natje\u010daja i pravu prednosti pri zapo\u0161ljavanju mogu se dostaviti po\u0161tom na adresu: Katoli\u010dka gimnazija s pravom javnosti, Pape Ivana Pavla II. 6, 34 000 Po\u017eega, s naznakom &#8220;Za natje\u010daj&#8221;, ili izravno tajniku.<\/p>\n<p>Rok za primanje prijava kandidata je osam dana od dana objave ovoga Natje\u010daja, od 27. 3. 2026. do 4. 4. 2026.<\/p>\n<p>Nepravovremene i nepotpune prijave kandidata ne\u0107e biti razmatrane.<\/p>\n<p>Pravovremena prijava kandidata je ona koja je podnesena u roku.<\/p>\n<p>Potpunom prijavom kandidata smatra se prijava \u2013 molba u kojoj su navedeni podaci kandidata: ime i prezime, adresa stanovanja i broj telefona ili mobitela, u kojoj je naveden naziv poslova za koje se kandidat prijavljuje, koju je kandidat vlastoru\u010dno potpisao i kojoj su prilo\u017eeni dokazi o ispunjavanju uvjeta iz ovoga Natje\u010daja.<\/p>\n<p>Prijavom na ovaj Natje\u010daj kandidat daje privolu za obradu svojih osobnih podataka u svrhu natje\u010dajnog postupka za zapo\u0161ljavanje, a u natje\u010dajnom postupku na internetskim stranicama objavljujemo ime i prezime kandidata kojeg pozivamo na razgovor (intervju) i testiranje i ime i prezime i stru\u010dne kvalifikacije odabranog kandidata i po\u0161tom \u0161aljemo ime i prezime i stru\u010dne kvalifikacije izabranog kandidata svim kandidatima za radno mjesto za koje je osoba koja se poziva na pravo prednosti pri zapo\u0161ljavanju podnijela prijavu po ovom Natje\u010daju.<\/p>\n<p>Procjena i vrednovanje kandidata prijavljenih na ovaj Natje\u010daj koji su podnijeli pravodobne i potpune prijave i ispunjavaju uvjete iz ovoga Natje\u010daja provest \u0107e se putem razgovora (intervjua), a mo\u017ee se provesti i putem testiranja, ukoliko se to smatra potrebnim, o \u010demu se objavljuje obavijest na internetskim stranicama na web-lokaciji <a href=\"https:\/\/katolicka-gimnazija.hr\/\">https:\/\/katolicka-gimnazija.hr\/<\/a> najmanje <strong>pet dana<\/strong> prije razgovora (intervjua) i testiranja.<\/p>\n<p>U razgovoru se utvr\u0111uju interesi i motivacija kandidata za rad u Katoli\u010dkoj gimnaziji s pravom javnosti i ima li kandidat zdrav kr\u0161\u0107anski pogled na svijet i \u017eivot.<\/p>\n<p>Prilikom razgovora uzimaju se u obzir preporuke, dodatna znanja, edukacije i radno iskustvo kandidata.<\/p>\n<p>Kandidat koji ne pristupi razgovoru (intervjuu) i testiranju vi\u0161e se ne smatra kandidatom.<\/p>\n<p>Uvjeti za zasnivanje radnog odnosa ure\u0111uju se Zakonom o odgoju i obrazovanju u osnovnoj i srednjoj \u0161koli (Narodne novine broj 87\/2008, 86\/2009, 92\/2010, 105\/2010, 90\/2011, 16\/2012, 86\/2012, 94\/2013, 152\/2014, 7\/2017, 68\/2018, 98\/2019, 64\/2020, 151\/2022 i 156\/2023) i utvr\u0111uju se Pravilnikom o stru\u010dnoj spremi i pedago\u0161ko-psiholo\u0161kom obrazovanju nastavnika u srednjem \u0161kolstvu (Narodne novine broj 1\/1996 i 80\/1999).<\/p>\n<p>Od kandidata koji \u0107e zasnovati radni odnos mo\u017ee se izvr\u0161iti uvid u izvorne ili ovjerene dokumente u svrhu utvr\u0111ivanja vjerodostojnosti dokumenata.<\/p>\n<p>O rezultatima ovoga Natje\u010daja sve kandidate obavijestit \u0107emo na internetskim stranicama na web-lokaciji <a href=\"https:\/\/katolicka-gimnazija.hr\/\">https:\/\/katolicka-gimnazija.hr\/<\/a> u roku od 15 dana od ishoda natje\u010dajnog postupka, a po\u0161tom u roku od 15 dana nakon sklapanja ugovora o radu s izabranim kandidatom u slu\u010daju da je osoba koja se poziva na pravo prednosti pri zapo\u0161ljavanju podnijela prijavu po ovom Natje\u010daju za to radno mjesto.<\/p>\n<p>RAVNATELJ<\/p>\n<p>Ivan Bedeni\u010di\u0107, dipl. grec. i lat.<\/p>\n<p>&nbsp;<\/p>\n<p>O tome obavijest:<\/p>\n<ol>\n<li>Hrvatskom zavodu za zapo\u0161ljavanje \u2013 dostava u elektroni\u010dkom obliku<\/li>\n<li>Pismohrani, ovdje<\/li>\n<\/ol>\n","protected":false},"excerpt":{"rendered":"<p>KATOLI\u010cKA GIMNAZIJA S PRAVOM JAVNOSTI Po\u017eega, Pape Ivana Pavla II. 6 KLASA: 112-01\/26-01\/1 URBROJ: 2177-1-21-26-29 Po\u017eega, 27. o\u017eujka 2026. Na temelju \u010dlanka 107. stavka 1. Zakona o odgoju i obrazovanju u osnovnoj i srednjoj \u0161koli (Narodne novine broj 87\/2008, 86\/2009, 92\/2010, 105\/2010, 90\/2011, 16\/2012, 86\/2012, 94\/2013, 152\/2014, 7\/2017, 68\/2018, 98\/2019, 64\/2020, 151\/2022 i 156\/2023), Katoli\u010dka [&hellip;]<\/p>\n","protected":false},"author":75,"featured_media":0,"comment_status":"closed","ping_status":"closed","sticky":false,"template":"","format":"standard","meta":{"footnotes":""},"categories":[192],"tags":[],"class_list":["post-34597","post","type-post","status-publish","format-standard","hentry","category-natjecaji"],"_links":{"self":[{"href":"https:\/\/katolicka-gimnazija.hr\/index.php\/wp-json\/wp\/v2\/posts\/34597","targetHints":{"allow":["GET"]}}],"collection":[{"href":"https:\/\/katolicka-gimnazija.hr\/index.php\/wp-json\/wp\/v2\/posts"}],"about":[{"href":"https:\/\/katolicka-gimnazija.hr\/index.php\/wp-json\/wp\/v2\/types\/post"}],"author":[{"embeddable":true,"href":"https:\/\/katolicka-gimnazija.hr\/index.php\/wp-json\/wp\/v2\/users\/75"}],"replies":[{"embeddable":true,"href":"https:\/\/katolicka-gimnazija.hr\/index.php\/wp-json\/wp\/v2\/comments?post=34597"}],"version-history":[{"count":1,"href":"https:\/\/katolicka-gimnazija.hr\/index.php\/wp-json\/wp\/v2\/posts\/34597\/revisions"}],"predecessor-version":[{"id":34598,"href":"https:\/\/katolicka-gimnazija.hr\/index.php\/wp-json\/wp\/v2\/posts\/34597\/revisions\/34598"}],"wp:attachment":[{"href":"https:\/\/katolicka-gimnazija.hr\/index.php\/wp-json\/wp\/v2\/media?parent=34597"}],"wp:term":[{"taxonomy":"category","embeddable":true,"href":"https:\/\/katolicka-gimnazija.hr\/index.php\/wp-json\/wp\/v2\/categories?post=34597"},{"taxonomy":"post_tag","embeddable":true,"href":"https:\/\/katolicka-gimnazija.hr\/index.php\/wp-json\/wp\/v2\/tags?post=34597"}],"curies":[{"name":"wp","href":"https:\/\/api.w.org\/{rel}","templated":true}]}}