{"id":350,"date":"2015-09-16T08:37:29","date_gmt":"2015-09-16T08:37:29","guid":{"rendered":"http:\/\/katolicka-gimnazija.hr\/?p=350"},"modified":"2018-12-28T15:11:33","modified_gmt":"2018-12-28T15:11:33","slug":"biskup-primio-ucenike-prvih-razreda","status":"publish","type":"post","link":"https:\/\/katolicka-gimnazija.hr\/index.php\/2015\/09\/16\/biskup-primio-ucenike-prvih-razreda\/","title":{"rendered":"Biskup primio u\u010denike prvih razreda"},"content":{"rendered":"<div class=\"clanak\"><\/div>\n<div class=\"clearall\">\n<figure id=\"attachment_351\" aria-describedby=\"caption-attachment-351\" style=\"width: 300px\" class=\"wp-caption alignleft\"><a href=\"http:\/\/katolicka-gimnazija.hr\/wp-content\/uploads\/2015\/09\/DSCN0253.jpg\"><img loading=\"lazy\" decoding=\"async\" class=\"size-medium wp-image-351\" src=\"http:\/\/katolicka-gimnazija.hr\/wp-content\/uploads\/2015\/09\/DSCN0253-300x225.jpg\" alt=\"1.B razred s biskupom\" width=\"300\" height=\"225\" srcset=\"https:\/\/katolicka-gimnazija.hr\/wp-content\/uploads\/2015\/09\/DSCN0253-300x225.jpg 300w, https:\/\/katolicka-gimnazija.hr\/wp-content\/uploads\/2015\/09\/DSCN0253-400x300.jpg 400w, https:\/\/katolicka-gimnazija.hr\/wp-content\/uploads\/2015\/09\/DSCN0253-360x270.jpg 360w, https:\/\/katolicka-gimnazija.hr\/wp-content\/uploads\/2015\/09\/DSCN0253-430x323.jpg 430w, https:\/\/katolicka-gimnazija.hr\/wp-content\/uploads\/2015\/09\/DSCN0253-150x113.jpg 150w, https:\/\/katolicka-gimnazija.hr\/wp-content\/uploads\/2015\/09\/DSCN0253-100x75.jpg 100w, https:\/\/katolicka-gimnazija.hr\/wp-content\/uploads\/2015\/09\/DSCN0253.jpg 640w\" sizes=\"auto, (max-width: 300px) 100vw, 300px\" \/><\/a><figcaption id=\"caption-attachment-351\" class=\"wp-caption-text\">1.B razred s biskupom<\/figcaption><\/figure>\n<p>Po\u017ee\u0161ki biskup Antun primio je 16. rujna u crkvi sv. Lovre u\u010denike 1.b razreda Katoli\u010dke gimnazije u Po\u017eegi u pratnji vjerou\u010ditelja Marijana Paveli\u0107a i na taj na\u010din potvrdio svoju blizinu i brigu prema novim u\u010denicima. Biskup je u pozdravu poru\u010dio gimnazijalcima da su oni nada Po\u017ee\u0161ke biskupije, nada grada Po\u017eege i nada Crkve.<\/p>\n<\/div>\n<div>\n<p>U kratkom dijalogu u\u010denici su naglasili kako su svojevoljno odabrali Katoli\u010dku gimnaziju kao mjesto gdje \u0107e se \u0161kolovati i formirati, a otac biskup naglasio je kako je u rastu osobe osim one intelektualne va\u017ena i duhovna dimenzija.\u00a0Potom ih je proveo kroz crkvu sv. Lovre te im protuma\u010dio njezine povijesno kulturne vrijednosti, pribli\u017eio sve ono \u0161to je od srednjega vijeka do danas nastojao \u017eivjeti \u010dovjek na prostorima srednje Hrvatske, posebno u izgradnji svoga duhovnog identiteta.<\/p>\n<\/div>\n<div>\n","protected":false},"excerpt":{"rendered":"<p>Po\u017ee\u0161ki biskup Antun primio je 16. rujna u crkvi sv. Lovre u\u010denike 1.b razreda Katoli\u010dke gimnazije u Po\u017eegi u pratnji vjerou\u010ditelja Marijana Paveli\u0107a i na taj na\u010din potvrdio svoju blizinu i brigu prema novim u\u010denicima. Biskup je u pozdravu poru\u010dio gimnazijalcima da su oni nada Po\u017ee\u0161ke biskupije, nada grada Po\u017eege i nada Crkve. U kratkom [&hellip;]<\/p>\n","protected":false},"author":1,"featured_media":351,"comment_status":"closed","ping_status":"closed","sticky":false,"template":"","format":"standard","meta":{"footnotes":""},"categories":[2],"tags":[16,65,66,68,69,62,41,15,70],"class_list":["post-350","post","type-post","status-publish","format-standard","has-post-thumbnail","hentry","category-vijesti","tag-1-b","tag-antun-skvorcevic","tag-crkva-sv-lovre","tag-ordinarijat","tag-povijest","tag-pozeska-biskupija","tag-predavanje","tag-razred","tag-terenska-nastava"],"_links":{"self":[{"href":"https:\/\/katolicka-gimnazija.hr\/index.php\/wp-json\/wp\/v2\/posts\/350","targetHints":{"allow":["GET"]}}],"collection":[{"href":"https:\/\/katolicka-gimnazija.hr\/index.php\/wp-json\/wp\/v2\/posts"}],"about":[{"href":"https:\/\/katolicka-gimnazija.hr\/index.php\/wp-json\/wp\/v2\/types\/post"}],"author":[{"embeddable":true,"href":"https:\/\/katolicka-gimnazija.hr\/index.php\/wp-json\/wp\/v2\/users\/1"}],"replies":[{"embeddable":true,"href":"https:\/\/katolicka-gimnazija.hr\/index.php\/wp-json\/wp\/v2\/comments?post=350"}],"version-history":[{"count":5,"href":"https:\/\/katolicka-gimnazija.hr\/index.php\/wp-json\/wp\/v2\/posts\/350\/revisions"}],"predecessor-version":[{"id":15233,"href":"https:\/\/katolicka-gimnazija.hr\/index.php\/wp-json\/wp\/v2\/posts\/350\/revisions\/15233"}],"wp:featuredmedia":[{"embeddable":true,"href":"https:\/\/katolicka-gimnazija.hr\/index.php\/wp-json\/wp\/v2\/media\/351"}],"wp:attachment":[{"href":"https:\/\/katolicka-gimnazija.hr\/index.php\/wp-json\/wp\/v2\/media?parent=350"}],"wp:term":[{"taxonomy":"category","embeddable":true,"href":"https:\/\/katolicka-gimnazija.hr\/index.php\/wp-json\/wp\/v2\/categories?post=350"},{"taxonomy":"post_tag","embeddable":true,"href":"https:\/\/katolicka-gimnazija.hr\/index.php\/wp-json\/wp\/v2\/tags?post=350"}],"curies":[{"name":"wp","href":"https:\/\/api.w.org\/{rel}","templated":true}]}}