{"id":3521,"date":"2016-02-17T08:41:34","date_gmt":"2016-02-17T08:41:34","guid":{"rendered":"http:\/\/katolicka-gimnazija.hr\/?p=3521"},"modified":"2018-12-28T14:35:55","modified_gmt":"2018-12-28T14:35:55","slug":"trud-je-uspjeh","status":"publish","type":"post","link":"https:\/\/katolicka-gimnazija.hr\/index.php\/2016\/02\/17\/trud-je-uspjeh\/","title":{"rendered":"Trud je uspjeh!"},"content":{"rendered":"<p>Dan nakon odr\u017eanih natjecanja u poznavanju klasi\u010dnih jezika poznati su i slu\u017ebeni rezultati koje donosimo prema kategorijama u kojima su ostvareni.<\/p>\n<p>LATINSKI JEZIK ZA GIMNAZIJE<\/p>\n<p>Krej\u010di, Barbara (Srednja \u0161kola Pakrac)<img loading=\"lazy\" decoding=\"async\" class=\"size-medium wp-image-3498 alignright\" src=\"http:\/\/katolicka-gimnazija.hr\/wp-content\/uploads\/2016\/02\/7-300x225.jpg\" alt=\"7\" width=\"300\" height=\"225\" srcset=\"https:\/\/katolicka-gimnazija.hr\/wp-content\/uploads\/2016\/02\/7-300x225.jpg 300w, https:\/\/katolicka-gimnazija.hr\/wp-content\/uploads\/2016\/02\/7-1024x768.jpg 1024w, https:\/\/katolicka-gimnazija.hr\/wp-content\/uploads\/2016\/02\/7-360x270.jpg 360w, https:\/\/katolicka-gimnazija.hr\/wp-content\/uploads\/2016\/02\/7-750x563.jpg 750w, https:\/\/katolicka-gimnazija.hr\/wp-content\/uploads\/2016\/02\/7-400x300.jpg 400w, https:\/\/katolicka-gimnazija.hr\/wp-content\/uploads\/2016\/02\/7-430x323.jpg 430w, https:\/\/katolicka-gimnazija.hr\/wp-content\/uploads\/2016\/02\/7-150x113.jpg 150w, https:\/\/katolicka-gimnazija.hr\/wp-content\/uploads\/2016\/02\/7-100x75.jpg 100w, https:\/\/katolicka-gimnazija.hr\/wp-content\/uploads\/2016\/02\/7.jpg 1500w\" sizes=\"auto, (max-width: 300px) 100vw, 300px\" \/><\/p>\n<p>LATINSKI JEZIK ZA KLASI\u010cNE GIMNAZIJE<\/p>\n<p>Franji\u0107, Maria i Pavli\u010devi\u0107, Valentina (KG)<\/p>\n<p>LATINSKI JEZIK ZA STRUKOVNE \u0160KOLE<\/p>\n<p>Krej\u010di, Bo\u017eidar (Srednja \u0161kola Pakrac)<\/p>\n<p>GR\u010cKI JEZIK ZA KLASI\u010cNE GIMNAZIJE<\/p>\n<p>Varela, Tomislav (KG)<\/p>\n<p>&nbsp;<\/p>\n<p>Ovom prilikom objavljujemo i imena onih koji su na zadnjim odr\u017eanim natjecanjima tako\u0111er ostvarili najbolje rezultate u pojedinim predmetima.<\/p>\n<p>HRVATSKI JEZIK<\/p>\n<ol>\n<li>razred<img loading=\"lazy\" decoding=\"async\" class=\"size-medium wp-image-3499 alignright\" src=\"http:\/\/katolicka-gimnazija.hr\/wp-content\/uploads\/2016\/02\/8-300x225.jpg\" alt=\"8\" width=\"300\" height=\"225\" srcset=\"https:\/\/katolicka-gimnazija.hr\/wp-content\/uploads\/2016\/02\/8-300x225.jpg 300w, https:\/\/katolicka-gimnazija.hr\/wp-content\/uploads\/2016\/02\/8-1024x768.jpg 1024w, https:\/\/katolicka-gimnazija.hr\/wp-content\/uploads\/2016\/02\/8-360x270.jpg 360w, https:\/\/katolicka-gimnazija.hr\/wp-content\/uploads\/2016\/02\/8-750x563.jpg 750w, https:\/\/katolicka-gimnazija.hr\/wp-content\/uploads\/2016\/02\/8-400x300.jpg 400w, https:\/\/katolicka-gimnazija.hr\/wp-content\/uploads\/2016\/02\/8-430x323.jpg 430w, https:\/\/katolicka-gimnazija.hr\/wp-content\/uploads\/2016\/02\/8-150x113.jpg 150w, https:\/\/katolicka-gimnazija.hr\/wp-content\/uploads\/2016\/02\/8-100x75.jpg 100w, https:\/\/katolicka-gimnazija.hr\/wp-content\/uploads\/2016\/02\/8.jpg 1500w\" sizes=\"auto, (max-width: 300px) 100vw, 300px\" \/><\/li>\n<\/ol>\n<p>\u0160imunovi\u0107, Ana<\/p>\n<ol start=\"2\">\n<li>razred<\/li>\n<\/ol>\n<p>\u0160ulc, Lea<\/p>\n<ol start=\"3\">\n<li>razred<\/li>\n<\/ol>\n<p>Julari\u0107, Jana<\/p>\n<ol start=\"4\">\n<li>razred<\/li>\n<\/ol>\n<p>Prpi\u0107, Marija<\/p>\n<p>&nbsp;<\/p>\n<p>POVIJEST<\/p>\n<ol>\n<li>razred<\/li>\n<\/ol>\n<p>Kljaji\u0107, Antonio<\/p>\n<ol start=\"2\">\n<li>razred<\/li>\n<\/ol>\n<p>Radi\u0107, Mijo<\/p>\n<ol start=\"3\">\n<li>razred<\/li>\n<\/ol>\n<p>Feri\u0107, Margareta i Kova\u010devi\u0107, Monika<\/p>\n<ol start=\"4\">\n<li>razred<\/li>\n<\/ol>\n<p>\u0160teti\u0107, Ivana<\/p>\n<p>&nbsp;<\/p>\n<p>KEMIJA<a href=\"http:\/\/katolicka-gimnazija.hr\/wp-content\/uploads\/2016\/02\/blog_publika-940x600.png\"><img loading=\"lazy\" decoding=\"async\" class=\"size-medium wp-image-3522 alignright\" src=\"http:\/\/katolicka-gimnazija.hr\/wp-content\/uploads\/2016\/02\/blog_publika-940x600-300x191.png\" alt=\"blog_publika-940x600\" width=\"300\" height=\"191\" srcset=\"https:\/\/katolicka-gimnazija.hr\/wp-content\/uploads\/2016\/02\/blog_publika-940x600-300x191.png 300w, https:\/\/katolicka-gimnazija.hr\/wp-content\/uploads\/2016\/02\/blog_publika-940x600-360x230.png 360w, https:\/\/katolicka-gimnazija.hr\/wp-content\/uploads\/2016\/02\/blog_publika-940x600-750x479.png 750w, https:\/\/katolicka-gimnazija.hr\/wp-content\/uploads\/2016\/02\/blog_publika-940x600-400x255.png 400w, https:\/\/katolicka-gimnazija.hr\/wp-content\/uploads\/2016\/02\/blog_publika-940x600-430x274.png 430w, https:\/\/katolicka-gimnazija.hr\/wp-content\/uploads\/2016\/02\/blog_publika-940x600-150x96.png 150w, https:\/\/katolicka-gimnazija.hr\/wp-content\/uploads\/2016\/02\/blog_publika-940x600-100x64.png 100w, https:\/\/katolicka-gimnazija.hr\/wp-content\/uploads\/2016\/02\/blog_publika-940x600.png 940w\" sizes=\"auto, (max-width: 300px) 100vw, 300px\" \/><\/a><\/p>\n<ol start=\"2\">\n<li>razred<\/li>\n<\/ol>\n<p>\u0160ulc, Lea<\/p>\n<ol start=\"4\">\n<li>razred<\/li>\n<\/ol>\n<p>Babi\u0107, Natalija <\/p>\n","protected":false},"excerpt":{"rendered":"<p>Dan nakon odr\u017eanih natjecanja u poznavanju klasi\u010dnih jezika poznati su i slu\u017ebeni rezultati koje donosimo prema kategorijama u kojima su ostvareni. LATINSKI JEZIK ZA GIMNAZIJE Krej\u010di, Barbara (Srednja \u0161kola Pakrac) LATINSKI JEZIK ZA KLASI\u010cNE GIMNAZIJE Franji\u0107, Maria i Pavli\u010devi\u0107, Valentina (KG) LATINSKI JEZIK ZA STRUKOVNE \u0160KOLE Krej\u010di, Bo\u017eidar (Srednja \u0161kola Pakrac) GR\u010cKI JEZIK ZA KLASI\u010cNE [&hellip;]<\/p>\n","protected":false},"author":2,"featured_media":3522,"comment_status":"closed","ping_status":"closed","sticky":false,"template":"","format":"standard","meta":{"footnotes":""},"categories":[2],"tags":[],"class_list":["post-3521","post","type-post","status-publish","format-standard","has-post-thumbnail","hentry","category-vijesti"],"_links":{"self":[{"href":"https:\/\/katolicka-gimnazija.hr\/index.php\/wp-json\/wp\/v2\/posts\/3521","targetHints":{"allow":["GET"]}}],"collection":[{"href":"https:\/\/katolicka-gimnazija.hr\/index.php\/wp-json\/wp\/v2\/posts"}],"about":[{"href":"https:\/\/katolicka-gimnazija.hr\/index.php\/wp-json\/wp\/v2\/types\/post"}],"author":[{"embeddable":true,"href":"https:\/\/katolicka-gimnazija.hr\/index.php\/wp-json\/wp\/v2\/users\/2"}],"replies":[{"embeddable":true,"href":"https:\/\/katolicka-gimnazija.hr\/index.php\/wp-json\/wp\/v2\/comments?post=3521"}],"version-history":[{"count":3,"href":"https:\/\/katolicka-gimnazija.hr\/index.php\/wp-json\/wp\/v2\/posts\/3521\/revisions"}],"predecessor-version":[{"id":15110,"href":"https:\/\/katolicka-gimnazija.hr\/index.php\/wp-json\/wp\/v2\/posts\/3521\/revisions\/15110"}],"wp:featuredmedia":[{"embeddable":true,"href":"https:\/\/katolicka-gimnazija.hr\/index.php\/wp-json\/wp\/v2\/media\/3522"}],"wp:attachment":[{"href":"https:\/\/katolicka-gimnazija.hr\/index.php\/wp-json\/wp\/v2\/media?parent=3521"}],"wp:term":[{"taxonomy":"category","embeddable":true,"href":"https:\/\/katolicka-gimnazija.hr\/index.php\/wp-json\/wp\/v2\/categories?post=3521"},{"taxonomy":"post_tag","embeddable":true,"href":"https:\/\/katolicka-gimnazija.hr\/index.php\/wp-json\/wp\/v2\/tags?post=3521"}],"curies":[{"name":"wp","href":"https:\/\/api.w.org\/{rel}","templated":true}]}}