{"id":37102,"date":"2026-04-28T10:01:52","date_gmt":"2026-04-28T08:01:52","guid":{"rendered":"https:\/\/katolicka-gimnazija.hr\/?p=37102"},"modified":"2026-04-28T10:01:52","modified_gmt":"2026-04-28T08:01:52","slug":"noc-knjige-u-kg-u","status":"publish","type":"post","link":"https:\/\/katolicka-gimnazija.hr\/index.php\/2026\/04\/28\/noc-knjige-u-kg-u\/","title":{"rendered":"No\u0107 knjige u KG-u"},"content":{"rendered":"<p>Povodom No\u0107i knjige u na\u0161oj smo \u0161koli ugostili mladu i perspektivnu pjesnikinju Evu Svjetli\u010di\u0107, koja je svojim dolaskom obogatila ovaj doga\u0111aj.<\/p>\n<p>Tijekom susreta, Eva je na\u0161im u\u010denicima predstavila svoj rad, govorila o inspiraciji za pisanje te podijelila vlastita iskustva iz svijeta poezije. U\u010denici su s velikim zanimanjem slu\u0161ali \u0161to je Eva govorila, a posebno ih je odu\u0161evilo \u010ditanje njezinih pjesama, koje su izazvale sna\u017ene dojmove i potaknule ih na razmi\u0161ljanje.<\/p>\n<p>U programu su aktivno sudjelovali i u\u010denici pripremiv\u0161i zanimljiva pitanja za na\u0161u go\u0161\u0107u.<\/p>\n<p>Posebno nas veseli \u010dinjenica da su u\u010denici pokazali kreativnost, hrabrost i ljubav prema poeziji. Kroz zajedni\u010dko dru\u017eenje, razmjenu ideja i umjetni\u010dko izra\u017eavanje, No\u0107 knjige u na\u0161oj \u0161koli protekla je u ugodnoj i poticajnoj atmosferi.<\/p>\n<p>Ovakvi doga\u0111aji podsje\u0107aju nas koliko je va\u017eno njegovati kulturu \u010ditanja i poticati mlade na kreativno izra\u017eavanje.<\/p>\n<p>Radujemo se budu\u0107im susretima i novim knji\u017eevnim dru\u017eenjima.<\/p>\n","protected":false},"excerpt":{"rendered":"<p>Povodom No\u0107i knjige u na\u0161oj smo \u0161koli ugostili mladu i perspektivnu pjesnikinju Evu Svjetli\u010di\u0107, koja je svojim dolaskom obogatila ovaj doga\u0111aj. Tijekom susreta, Eva je na\u0161im u\u010denicima predstavila svoj rad, govorila o inspiraciji za pisanje te podijelila vlastita iskustva iz svijeta poezije. U\u010denici su s velikim zanimanjem slu\u0161ali \u0161to je Eva govorila, a posebno ih [&hellip;]<\/p>\n","protected":false},"author":78,"featured_media":37103,"comment_status":"closed","ping_status":"closed","sticky":false,"template":"","format":"standard","meta":{"footnotes":""},"categories":[13,2],"tags":[],"class_list":["post-37102","post","type-post","status-publish","format-standard","has-post-thumbnail","hentry","category-aktivnosti","category-vijesti"],"_links":{"self":[{"href":"https:\/\/katolicka-gimnazija.hr\/index.php\/wp-json\/wp\/v2\/posts\/37102","targetHints":{"allow":["GET"]}}],"collection":[{"href":"https:\/\/katolicka-gimnazija.hr\/index.php\/wp-json\/wp\/v2\/posts"}],"about":[{"href":"https:\/\/katolicka-gimnazija.hr\/index.php\/wp-json\/wp\/v2\/types\/post"}],"author":[{"embeddable":true,"href":"https:\/\/katolicka-gimnazija.hr\/index.php\/wp-json\/wp\/v2\/users\/78"}],"replies":[{"embeddable":true,"href":"https:\/\/katolicka-gimnazija.hr\/index.php\/wp-json\/wp\/v2\/comments?post=37102"}],"version-history":[{"count":1,"href":"https:\/\/katolicka-gimnazija.hr\/index.php\/wp-json\/wp\/v2\/posts\/37102\/revisions"}],"predecessor-version":[{"id":37104,"href":"https:\/\/katolicka-gimnazija.hr\/index.php\/wp-json\/wp\/v2\/posts\/37102\/revisions\/37104"}],"wp:featuredmedia":[{"embeddable":true,"href":"https:\/\/katolicka-gimnazija.hr\/index.php\/wp-json\/wp\/v2\/media\/37103"}],"wp:attachment":[{"href":"https:\/\/katolicka-gimnazija.hr\/index.php\/wp-json\/wp\/v2\/media?parent=37102"}],"wp:term":[{"taxonomy":"category","embeddable":true,"href":"https:\/\/katolicka-gimnazija.hr\/index.php\/wp-json\/wp\/v2\/categories?post=37102"},{"taxonomy":"post_tag","embeddable":true,"href":"https:\/\/katolicka-gimnazija.hr\/index.php\/wp-json\/wp\/v2\/tags?post=37102"}],"curies":[{"name":"wp","href":"https:\/\/api.w.org\/{rel}","templated":true}]}}