{"id":3750,"date":"2016-02-24T21:58:56","date_gmt":"2016-02-24T21:58:56","guid":{"rendered":"http:\/\/katolicka-gimnazija.hr\/?p=3750"},"modified":"2018-12-28T14:33:43","modified_gmt":"2018-12-28T14:33:43","slug":"moderno-prijateljski-i-strucno","status":"publish","type":"post","link":"https:\/\/katolicka-gimnazija.hr\/index.php\/2016\/02\/24\/moderno-prijateljski-i-strucno\/","title":{"rendered":"Moderno, prijateljski i stru\u010dno"},"content":{"rendered":"<p>Kao \u0161to smo u nedavnom \u010dlanku najavili, prof. Josip Kati\u0107 s trojicom u\u010denika iz 2.b razreda, Marijom Jankovi\u0107em, Jurajem Prevol\u0161ekom i Brunom Razumovi\u0107em, sudjelovao je u dvodnevnom programu <em>Istra\u017eiva\u010dke stanice Petnica<\/em> 20. i 21. velja\u010de. Prije samog dolaska u centar zajedno sa svim sudionicima iz Po\u017eege obi\u0161li su glavni grad Srbije \u2013 Beograd.<\/p>\n<p><a href=\"http:\/\/katolicka-gimnazija.hr\/wp-content\/uploads\/2016\/02\/12421504_1062936303729333_1977756997_n.jpg\" rel=\"attachment wp-att-3753\"><img loading=\"lazy\" decoding=\"async\" class=\"alignleft size-medium wp-image-3753\" src=\"http:\/\/katolicka-gimnazija.hr\/wp-content\/uploads\/2016\/02\/12421504_1062936303729333_1977756997_n-300x225.jpg\" alt=\"12421504_1062936303729333_1977756997_n\" width=\"300\" height=\"225\" srcset=\"https:\/\/katolicka-gimnazija.hr\/wp-content\/uploads\/2016\/02\/12421504_1062936303729333_1977756997_n-300x225.jpg 300w, https:\/\/katolicka-gimnazija.hr\/wp-content\/uploads\/2016\/02\/12421504_1062936303729333_1977756997_n-768x576.jpg 768w, https:\/\/katolicka-gimnazija.hr\/wp-content\/uploads\/2016\/02\/12421504_1062936303729333_1977756997_n-1024x768.jpg 1024w, https:\/\/katolicka-gimnazija.hr\/wp-content\/uploads\/2016\/02\/12421504_1062936303729333_1977756997_n-360x270.jpg 360w, https:\/\/katolicka-gimnazija.hr\/wp-content\/uploads\/2016\/02\/12421504_1062936303729333_1977756997_n-750x563.jpg 750w, https:\/\/katolicka-gimnazija.hr\/wp-content\/uploads\/2016\/02\/12421504_1062936303729333_1977756997_n-400x300.jpg 400w, https:\/\/katolicka-gimnazija.hr\/wp-content\/uploads\/2016\/02\/12421504_1062936303729333_1977756997_n-430x323.jpg 430w, https:\/\/katolicka-gimnazija.hr\/wp-content\/uploads\/2016\/02\/12421504_1062936303729333_1977756997_n-150x113.jpg 150w, https:\/\/katolicka-gimnazija.hr\/wp-content\/uploads\/2016\/02\/12421504_1062936303729333_1977756997_n-100x75.jpg 100w, https:\/\/katolicka-gimnazija.hr\/wp-content\/uploads\/2016\/02\/12421504_1062936303729333_1977756997_n.jpg 1500w\" sizes=\"auto, (max-width: 300px) 100vw, 300px\" \/><\/a>Prostorno izuzetno velik te kao gospodarsko i kulturno sredi\u0161te podsjetio nas je na njegov dobar geostrate\u0161ki polo\u017eaj kroz povijest (sutok dviju velikih rijeka \u2013 Save i Dunava) od osnutka grada pa do dana\u0161njih dana. Program je sadr\u017eavao panoramski obilazak \u0161ireg centra te nekih dijelova grada poput Terazija i Dedinja. Poseban dojam na na\u0161e putnike ostavio je <em>Kalemegdan<\/em>, stara utvrda iz Osmanskog razdoblja koja je sada obnovljena i turisti\u010dki jako atraktivna. U njoj se nalaze parkovi, vojni muzej i prekrasni vidikovci prema rijekama. Zna\u010dajna je i po tome \u0161to se u njoj nalazi ogroman spomenik <em>Pobjednika<\/em> koji je izgradio hrvatski kipar Ivan Me\u0161trovi\u0107, a koji je posve\u0107en svim vojnicima i pobjedi saveza Antante u Prvom svjetskom ratu.<\/p>\n<p>Po dolasku u Petnicu do\u010dekao nas je iznimno ljubazan i entuzijasti\u010dni voditelj za me\u0111unarodnu suradnju g. Nikola Bo\u017ei\u0107. Po dolasku smo upoznali ugostiteljsko-rekreacijski objekt, kafi\u0107 s vrlo prigodnim cijenama te park oko istra\u017eiva\u010dke stanice. Prostori su ure\u0111eni vrlo moderno i prigodni za odmor nakon rada uz sve pogodnosti modernih tehnologija \u2013 besplatni Wi-Fi, klupe s punja\u010dima za mobitele i dr.<\/p>\n<p><a href=\"http:\/\/katolicka-gimnazija.hr\/wp-content\/uploads\/2016\/02\/IMG-20160223-WA0004.jpg\" rel=\"attachment wp-att-3767\"><img loading=\"lazy\" decoding=\"async\" class=\"alignleft size-medium wp-image-3767\" src=\"http:\/\/katolicka-gimnazija.hr\/wp-content\/uploads\/2016\/02\/IMG-20160223-WA0004-300x225.jpg\" alt=\"IMG-20160223-WA0004\" width=\"300\" height=\"225\" srcset=\"https:\/\/katolicka-gimnazija.hr\/wp-content\/uploads\/2016\/02\/IMG-20160223-WA0004-300x225.jpg 300w, https:\/\/katolicka-gimnazija.hr\/wp-content\/uploads\/2016\/02\/IMG-20160223-WA0004-768x576.jpg 768w, https:\/\/katolicka-gimnazija.hr\/wp-content\/uploads\/2016\/02\/IMG-20160223-WA0004-1024x768.jpg 1024w, https:\/\/katolicka-gimnazija.hr\/wp-content\/uploads\/2016\/02\/IMG-20160223-WA0004-360x270.jpg 360w, https:\/\/katolicka-gimnazija.hr\/wp-content\/uploads\/2016\/02\/IMG-20160223-WA0004-750x563.jpg 750w, https:\/\/katolicka-gimnazija.hr\/wp-content\/uploads\/2016\/02\/IMG-20160223-WA0004-400x300.jpg 400w, https:\/\/katolicka-gimnazija.hr\/wp-content\/uploads\/2016\/02\/IMG-20160223-WA0004-430x323.jpg 430w, https:\/\/katolicka-gimnazija.hr\/wp-content\/uploads\/2016\/02\/IMG-20160223-WA0004-150x113.jpg 150w, https:\/\/katolicka-gimnazija.hr\/wp-content\/uploads\/2016\/02\/IMG-20160223-WA0004-100x75.jpg 100w, https:\/\/katolicka-gimnazija.hr\/wp-content\/uploads\/2016\/02\/IMG-20160223-WA0004.jpg 1500w\" sizes=\"auto, (max-width: 300px) 100vw, 300px\" \/><\/a>Doma\u0107in, gospodin Bo\u017ei\u0107, upoznao nas je potom s radom Istra\u017eiva\u010dke stanice Petnica koja nastoji pru\u017eiti druga\u010diji pristup u\u010denju i znanstvenom radu preko rada u manjim skupinama, mentorskim radom i osiguravanjem logistike za provo\u0111enje projekata. U tome sura\u0111uje s mnogim znanstvenim, kulturnim i obrazovnim institucijama. U Petnicu dolaze i mnogi stru\u010dnjaci, profesori i znanstvenici kako bi neposrednim radom prenijeli svoja iskustava na u\u010denike kroz vi\u0161e od 30-ak programa.<\/p>\n<p>Program na kojem je na\u0161a grupa sudjelovala zami\u0161ljen je u nekoliko znanstvenih podru\u010dja kroz oba dana. Prvi dan su to bili kemija, gdje su u\u010denici radili na ekstarkciji eteri\u010dnih ulja iz naran\u010de, i biologija, gdje su odre\u0111ivali krvne grupe i prisutnost virusa u krvi. Drugi dan su bili na vje\u017ebama iz geologije, upoznali se s gra\u0111om i sastavom Zemlje kao i radom s geolo\u0161kim kompasom. U laboratoriju fizike radili su pak s modernim aparatima odre\u0111uju\u0107i frekvenciju zvuka te eksperimentirali sa svjetlo\u0161\u0107u i laserima.<\/p>\n<p>Spomenimo jo\u0161 da prostor Istra\u017eiva\u010dke stanice Petnica zauzima oko 7000 m\u00b2 s izvrsno opremljenim laboratorijima i prostorijama za rad, planetarijem, knji\u017enicom s bogatim fundusom knjiga te vlastiti hotel koji je u sklopu kompleksa. U programu su uz na\u0161e u\u010denike sudjelovali u\u010denici i njihovi mentori iz Gimnazije Po\u017eega, O\u0160 Antuna Kani\u017eli\u0107a, O\u0160 Stjepana Radi\u0107a iz \u010caglina te O\u0160 Dobri\u0161e Cesari\u0107a.<\/p>\n<div id='gallery-1' class='gallery galleryid-3750 gallery-columns-3 gallery-size-medium'><figure class='gallery-item'>\n\t\t\t<div class='gallery-icon landscape'>\n\t\t\t\t<a href='https:\/\/katolicka-gimnazija.hr\/wp-content\/uploads\/2016\/02\/12665668_1063117980377832_1717320748_n.jpg'><img loading=\"lazy\" decoding=\"async\" width=\"300\" height=\"225\" src=\"https:\/\/katolicka-gimnazija.hr\/wp-content\/uploads\/2016\/02\/12665668_1063117980377832_1717320748_n-300x225.jpg\" class=\"attachment-medium size-medium\" alt=\"\" srcset=\"https:\/\/katolicka-gimnazija.hr\/wp-content\/uploads\/2016\/02\/12665668_1063117980377832_1717320748_n-300x225.jpg 300w, https:\/\/katolicka-gimnazija.hr\/wp-content\/uploads\/2016\/02\/12665668_1063117980377832_1717320748_n-768x576.jpg 768w, https:\/\/katolicka-gimnazija.hr\/wp-content\/uploads\/2016\/02\/12665668_1063117980377832_1717320748_n-1024x768.jpg 1024w, https:\/\/katolicka-gimnazija.hr\/wp-content\/uploads\/2016\/02\/12665668_1063117980377832_1717320748_n-360x270.jpg 360w, https:\/\/katolicka-gimnazija.hr\/wp-content\/uploads\/2016\/02\/12665668_1063117980377832_1717320748_n-750x563.jpg 750w, https:\/\/katolicka-gimnazija.hr\/wp-content\/uploads\/2016\/02\/12665668_1063117980377832_1717320748_n-400x300.jpg 400w, https:\/\/katolicka-gimnazija.hr\/wp-content\/uploads\/2016\/02\/12665668_1063117980377832_1717320748_n-430x323.jpg 430w, https:\/\/katolicka-gimnazija.hr\/wp-content\/uploads\/2016\/02\/12665668_1063117980377832_1717320748_n-150x113.jpg 150w, https:\/\/katolicka-gimnazija.hr\/wp-content\/uploads\/2016\/02\/12665668_1063117980377832_1717320748_n-100x75.jpg 100w, https:\/\/katolicka-gimnazija.hr\/wp-content\/uploads\/2016\/02\/12665668_1063117980377832_1717320748_n.jpg 1500w\" sizes=\"auto, (max-width: 300px) 100vw, 300px\" \/><\/a>\n\t\t\t<\/div><\/figure><figure class='gallery-item'>\n\t\t\t<div class='gallery-icon landscape'>\n\t\t\t\t<a href='https:\/\/katolicka-gimnazija.hr\/wp-content\/uploads\/2016\/02\/IMG-20160223-WA0004.jpg'><img loading=\"lazy\" decoding=\"async\" width=\"300\" height=\"225\" src=\"https:\/\/katolicka-gimnazija.hr\/wp-content\/uploads\/2016\/02\/IMG-20160223-WA0004-300x225.jpg\" class=\"attachment-medium size-medium\" alt=\"\" srcset=\"https:\/\/katolicka-gimnazija.hr\/wp-content\/uploads\/2016\/02\/IMG-20160223-WA0004-300x225.jpg 300w, https:\/\/katolicka-gimnazija.hr\/wp-content\/uploads\/2016\/02\/IMG-20160223-WA0004-768x576.jpg 768w, https:\/\/katolicka-gimnazija.hr\/wp-content\/uploads\/2016\/02\/IMG-20160223-WA0004-1024x768.jpg 1024w, https:\/\/katolicka-gimnazija.hr\/wp-content\/uploads\/2016\/02\/IMG-20160223-WA0004-360x270.jpg 360w, https:\/\/katolicka-gimnazija.hr\/wp-content\/uploads\/2016\/02\/IMG-20160223-WA0004-750x563.jpg 750w, https:\/\/katolicka-gimnazija.hr\/wp-content\/uploads\/2016\/02\/IMG-20160223-WA0004-400x300.jpg 400w, https:\/\/katolicka-gimnazija.hr\/wp-content\/uploads\/2016\/02\/IMG-20160223-WA0004-430x323.jpg 430w, https:\/\/katolicka-gimnazija.hr\/wp-content\/uploads\/2016\/02\/IMG-20160223-WA0004-150x113.jpg 150w, https:\/\/katolicka-gimnazija.hr\/wp-content\/uploads\/2016\/02\/IMG-20160223-WA0004-100x75.jpg 100w, https:\/\/katolicka-gimnazija.hr\/wp-content\/uploads\/2016\/02\/IMG-20160223-WA0004.jpg 1500w\" sizes=\"auto, (max-width: 300px) 100vw, 300px\" \/><\/a>\n\t\t\t<\/div><\/figure><figure class='gallery-item'>\n\t\t\t<div class='gallery-icon landscape'>\n\t\t\t\t<a href='https:\/\/katolicka-gimnazija.hr\/wp-content\/uploads\/2016\/02\/IMG-20160223-WA0006.jpg'><img loading=\"lazy\" decoding=\"async\" width=\"300\" height=\"225\" src=\"https:\/\/katolicka-gimnazija.hr\/wp-content\/uploads\/2016\/02\/IMG-20160223-WA0006-300x225.jpg\" class=\"attachment-medium size-medium\" alt=\"\" srcset=\"https:\/\/katolicka-gimnazija.hr\/wp-content\/uploads\/2016\/02\/IMG-20160223-WA0006-300x225.jpg 300w, https:\/\/katolicka-gimnazija.hr\/wp-content\/uploads\/2016\/02\/IMG-20160223-WA0006-768x576.jpg 768w, https:\/\/katolicka-gimnazija.hr\/wp-content\/uploads\/2016\/02\/IMG-20160223-WA0006-1024x768.jpg 1024w, https:\/\/katolicka-gimnazija.hr\/wp-content\/uploads\/2016\/02\/IMG-20160223-WA0006-360x270.jpg 360w, https:\/\/katolicka-gimnazija.hr\/wp-content\/uploads\/2016\/02\/IMG-20160223-WA0006-750x563.jpg 750w, https:\/\/katolicka-gimnazija.hr\/wp-content\/uploads\/2016\/02\/IMG-20160223-WA0006-400x300.jpg 400w, https:\/\/katolicka-gimnazija.hr\/wp-content\/uploads\/2016\/02\/IMG-20160223-WA0006-430x323.jpg 430w, https:\/\/katolicka-gimnazija.hr\/wp-content\/uploads\/2016\/02\/IMG-20160223-WA0006-150x113.jpg 150w, https:\/\/katolicka-gimnazija.hr\/wp-content\/uploads\/2016\/02\/IMG-20160223-WA0006-100x75.jpg 100w, https:\/\/katolicka-gimnazija.hr\/wp-content\/uploads\/2016\/02\/IMG-20160223-WA0006.jpg 1500w\" sizes=\"auto, (max-width: 300px) 100vw, 300px\" \/><\/a>\n\t\t\t<\/div><\/figure><figure class='gallery-item'>\n\t\t\t<div class='gallery-icon landscape'>\n\t\t\t\t<a href='https:\/\/katolicka-gimnazija.hr\/wp-content\/uploads\/2016\/02\/12325430_1062936243729339_429501951_n.jpg'><img loading=\"lazy\" decoding=\"async\" width=\"300\" height=\"225\" src=\"https:\/\/katolicka-gimnazija.hr\/wp-content\/uploads\/2016\/02\/12325430_1062936243729339_429501951_n-300x225.jpg\" class=\"attachment-medium size-medium\" alt=\"\" srcset=\"https:\/\/katolicka-gimnazija.hr\/wp-content\/uploads\/2016\/02\/12325430_1062936243729339_429501951_n-300x225.jpg 300w, https:\/\/katolicka-gimnazija.hr\/wp-content\/uploads\/2016\/02\/12325430_1062936243729339_429501951_n-768x576.jpg 768w, https:\/\/katolicka-gimnazija.hr\/wp-content\/uploads\/2016\/02\/12325430_1062936243729339_429501951_n-1024x768.jpg 1024w, https:\/\/katolicka-gimnazija.hr\/wp-content\/uploads\/2016\/02\/12325430_1062936243729339_429501951_n-360x270.jpg 360w, https:\/\/katolicka-gimnazija.hr\/wp-content\/uploads\/2016\/02\/12325430_1062936243729339_429501951_n-750x563.jpg 750w, https:\/\/katolicka-gimnazija.hr\/wp-content\/uploads\/2016\/02\/12325430_1062936243729339_429501951_n-400x300.jpg 400w, https:\/\/katolicka-gimnazija.hr\/wp-content\/uploads\/2016\/02\/12325430_1062936243729339_429501951_n-430x323.jpg 430w, https:\/\/katolicka-gimnazija.hr\/wp-content\/uploads\/2016\/02\/12325430_1062936243729339_429501951_n-150x113.jpg 150w, https:\/\/katolicka-gimnazija.hr\/wp-content\/uploads\/2016\/02\/12325430_1062936243729339_429501951_n-100x75.jpg 100w, https:\/\/katolicka-gimnazija.hr\/wp-content\/uploads\/2016\/02\/12325430_1062936243729339_429501951_n.jpg 1500w\" sizes=\"auto, (max-width: 300px) 100vw, 300px\" \/><\/a>\n\t\t\t<\/div><\/figure><figure class='gallery-item'>\n\t\t\t<div class='gallery-icon landscape'>\n\t\t\t\t<a href='https:\/\/katolicka-gimnazija.hr\/wp-content\/uploads\/2016\/02\/IMG-20160223-WA0005.jpg'><img loading=\"lazy\" decoding=\"async\" width=\"300\" height=\"225\" src=\"https:\/\/katolicka-gimnazija.hr\/wp-content\/uploads\/2016\/02\/IMG-20160223-WA0005-300x225.jpg\" class=\"attachment-medium size-medium\" alt=\"\" srcset=\"https:\/\/katolicka-gimnazija.hr\/wp-content\/uploads\/2016\/02\/IMG-20160223-WA0005-300x225.jpg 300w, https:\/\/katolicka-gimnazija.hr\/wp-content\/uploads\/2016\/02\/IMG-20160223-WA0005-768x576.jpg 768w, https:\/\/katolicka-gimnazija.hr\/wp-content\/uploads\/2016\/02\/IMG-20160223-WA0005-1024x768.jpg 1024w, https:\/\/katolicka-gimnazija.hr\/wp-content\/uploads\/2016\/02\/IMG-20160223-WA0005-360x270.jpg 360w, https:\/\/katolicka-gimnazija.hr\/wp-content\/uploads\/2016\/02\/IMG-20160223-WA0005-750x563.jpg 750w, https:\/\/katolicka-gimnazija.hr\/wp-content\/uploads\/2016\/02\/IMG-20160223-WA0005-400x300.jpg 400w, https:\/\/katolicka-gimnazija.hr\/wp-content\/uploads\/2016\/02\/IMG-20160223-WA0005-430x323.jpg 430w, https:\/\/katolicka-gimnazija.hr\/wp-content\/uploads\/2016\/02\/IMG-20160223-WA0005-150x113.jpg 150w, https:\/\/katolicka-gimnazija.hr\/wp-content\/uploads\/2016\/02\/IMG-20160223-WA0005-100x75.jpg 100w, https:\/\/katolicka-gimnazija.hr\/wp-content\/uploads\/2016\/02\/IMG-20160223-WA0005.jpg 1500w\" sizes=\"auto, (max-width: 300px) 100vw, 300px\" \/><\/a>\n\t\t\t<\/div><\/figure><figure class='gallery-item'>\n\t\t\t<div class='gallery-icon portrait'>\n\t\t\t\t<a href='https:\/\/katolicka-gimnazija.hr\/wp-content\/uploads\/2016\/02\/IMG-20160223-WA0003.jpg'><img loading=\"lazy\" decoding=\"async\" width=\"225\" height=\"300\" src=\"https:\/\/katolicka-gimnazija.hr\/wp-content\/uploads\/2016\/02\/IMG-20160223-WA0003-225x300.jpg\" class=\"attachment-medium size-medium\" alt=\"\" srcset=\"https:\/\/katolicka-gimnazija.hr\/wp-content\/uploads\/2016\/02\/IMG-20160223-WA0003-225x300.jpg 225w, https:\/\/katolicka-gimnazija.hr\/wp-content\/uploads\/2016\/02\/IMG-20160223-WA0003-768x1024.jpg 768w, https:\/\/katolicka-gimnazija.hr\/wp-content\/uploads\/2016\/02\/IMG-20160223-WA0003-360x480.jpg 360w, https:\/\/katolicka-gimnazija.hr\/wp-content\/uploads\/2016\/02\/IMG-20160223-WA0003-750x1000.jpg 750w, https:\/\/katolicka-gimnazija.hr\/wp-content\/uploads\/2016\/02\/IMG-20160223-WA0003-400x533.jpg 400w, https:\/\/katolicka-gimnazija.hr\/wp-content\/uploads\/2016\/02\/IMG-20160223-WA0003-430x573.jpg 430w, https:\/\/katolicka-gimnazija.hr\/wp-content\/uploads\/2016\/02\/IMG-20160223-WA0003-150x200.jpg 150w, https:\/\/katolicka-gimnazija.hr\/wp-content\/uploads\/2016\/02\/IMG-20160223-WA0003-100x133.jpg 100w, https:\/\/katolicka-gimnazija.hr\/wp-content\/uploads\/2016\/02\/IMG-20160223-WA0003.jpg 1500w\" sizes=\"auto, (max-width: 225px) 100vw, 225px\" \/><\/a>\n\t\t\t<\/div><\/figure><figure class='gallery-item'>\n\t\t\t<div class='gallery-icon landscape'>\n\t\t\t\t<a href='https:\/\/katolicka-gimnazija.hr\/wp-content\/uploads\/2016\/02\/12421504_1062936303729333_1977756997_n.jpg'><img loading=\"lazy\" decoding=\"async\" width=\"300\" height=\"225\" src=\"https:\/\/katolicka-gimnazija.hr\/wp-content\/uploads\/2016\/02\/12421504_1062936303729333_1977756997_n-300x225.jpg\" class=\"attachment-medium size-medium\" alt=\"\" srcset=\"https:\/\/katolicka-gimnazija.hr\/wp-content\/uploads\/2016\/02\/12421504_1062936303729333_1977756997_n-300x225.jpg 300w, https:\/\/katolicka-gimnazija.hr\/wp-content\/uploads\/2016\/02\/12421504_1062936303729333_1977756997_n-768x576.jpg 768w, https:\/\/katolicka-gimnazija.hr\/wp-content\/uploads\/2016\/02\/12421504_1062936303729333_1977756997_n-1024x768.jpg 1024w, https:\/\/katolicka-gimnazija.hr\/wp-content\/uploads\/2016\/02\/12421504_1062936303729333_1977756997_n-360x270.jpg 360w, https:\/\/katolicka-gimnazija.hr\/wp-content\/uploads\/2016\/02\/12421504_1062936303729333_1977756997_n-750x563.jpg 750w, https:\/\/katolicka-gimnazija.hr\/wp-content\/uploads\/2016\/02\/12421504_1062936303729333_1977756997_n-400x300.jpg 400w, https:\/\/katolicka-gimnazija.hr\/wp-content\/uploads\/2016\/02\/12421504_1062936303729333_1977756997_n-430x323.jpg 430w, https:\/\/katolicka-gimnazija.hr\/wp-content\/uploads\/2016\/02\/12421504_1062936303729333_1977756997_n-150x113.jpg 150w, https:\/\/katolicka-gimnazija.hr\/wp-content\/uploads\/2016\/02\/12421504_1062936303729333_1977756997_n-100x75.jpg 100w, https:\/\/katolicka-gimnazija.hr\/wp-content\/uploads\/2016\/02\/12421504_1062936303729333_1977756997_n.jpg 1500w\" sizes=\"auto, (max-width: 300px) 100vw, 300px\" \/><\/a>\n\t\t\t<\/div><\/figure><figure class='gallery-item'>\n\t\t\t<div class='gallery-icon portrait'>\n\t\t\t\t<a href='https:\/\/katolicka-gimnazija.hr\/wp-content\/uploads\/2016\/02\/12746493_1063336253689338_1587300359_n.jpg'><img loading=\"lazy\" decoding=\"async\" width=\"169\" height=\"300\" src=\"https:\/\/katolicka-gimnazija.hr\/wp-content\/uploads\/2016\/02\/12746493_1063336253689338_1587300359_n-169x300.jpg\" class=\"attachment-medium size-medium\" alt=\"\" srcset=\"https:\/\/katolicka-gimnazija.hr\/wp-content\/uploads\/2016\/02\/12746493_1063336253689338_1587300359_n-169x300.jpg 169w, https:\/\/katolicka-gimnazija.hr\/wp-content\/uploads\/2016\/02\/12746493_1063336253689338_1587300359_n-768x1363.jpg 768w, https:\/\/katolicka-gimnazija.hr\/wp-content\/uploads\/2016\/02\/12746493_1063336253689338_1587300359_n-577x1024.jpg 577w, https:\/\/katolicka-gimnazija.hr\/wp-content\/uploads\/2016\/02\/12746493_1063336253689338_1587300359_n-360x639.jpg 360w, https:\/\/katolicka-gimnazija.hr\/wp-content\/uploads\/2016\/02\/12746493_1063336253689338_1587300359_n-750x1332.jpg 750w, https:\/\/katolicka-gimnazija.hr\/wp-content\/uploads\/2016\/02\/12746493_1063336253689338_1587300359_n-400x710.jpg 400w, https:\/\/katolicka-gimnazija.hr\/wp-content\/uploads\/2016\/02\/12746493_1063336253689338_1587300359_n-430x763.jpg 430w, https:\/\/katolicka-gimnazija.hr\/wp-content\/uploads\/2016\/02\/12746493_1063336253689338_1587300359_n-150x266.jpg 150w, https:\/\/katolicka-gimnazija.hr\/wp-content\/uploads\/2016\/02\/12746493_1063336253689338_1587300359_n-100x178.jpg 100w, https:\/\/katolicka-gimnazija.hr\/wp-content\/uploads\/2016\/02\/12746493_1063336253689338_1587300359_n.jpg 1500w\" sizes=\"auto, (max-width: 169px) 100vw, 169px\" \/><\/a>\n\t\t\t<\/div><\/figure><figure class='gallery-item'>\n\t\t\t<div class='gallery-icon landscape'>\n\t\t\t\t<a href='https:\/\/katolicka-gimnazija.hr\/wp-content\/uploads\/2016\/02\/IMG-20160223-WA0002.jpg'><img loading=\"lazy\" decoding=\"async\" width=\"300\" height=\"225\" src=\"https:\/\/katolicka-gimnazija.hr\/wp-content\/uploads\/2016\/02\/IMG-20160223-WA0002-300x225.jpg\" class=\"attachment-medium size-medium\" alt=\"\" srcset=\"https:\/\/katolicka-gimnazija.hr\/wp-content\/uploads\/2016\/02\/IMG-20160223-WA0002-300x225.jpg 300w, https:\/\/katolicka-gimnazija.hr\/wp-content\/uploads\/2016\/02\/IMG-20160223-WA0002-768x576.jpg 768w, https:\/\/katolicka-gimnazija.hr\/wp-content\/uploads\/2016\/02\/IMG-20160223-WA0002-1024x768.jpg 1024w, https:\/\/katolicka-gimnazija.hr\/wp-content\/uploads\/2016\/02\/IMG-20160223-WA0002-360x270.jpg 360w, https:\/\/katolicka-gimnazija.hr\/wp-content\/uploads\/2016\/02\/IMG-20160223-WA0002-750x563.jpg 750w, https:\/\/katolicka-gimnazija.hr\/wp-content\/uploads\/2016\/02\/IMG-20160223-WA0002-400x300.jpg 400w, https:\/\/katolicka-gimnazija.hr\/wp-content\/uploads\/2016\/02\/IMG-20160223-WA0002-430x323.jpg 430w, https:\/\/katolicka-gimnazija.hr\/wp-content\/uploads\/2016\/02\/IMG-20160223-WA0002-150x113.jpg 150w, https:\/\/katolicka-gimnazija.hr\/wp-content\/uploads\/2016\/02\/IMG-20160223-WA0002-100x75.jpg 100w, https:\/\/katolicka-gimnazija.hr\/wp-content\/uploads\/2016\/02\/IMG-20160223-WA0002.jpg 1500w\" sizes=\"auto, (max-width: 300px) 100vw, 300px\" \/><\/a>\n\t\t\t<\/div><\/figure><figure class='gallery-item'>\n\t\t\t<div class='gallery-icon landscape'>\n\t\t\t\t<a href='https:\/\/katolicka-gimnazija.hr\/wp-content\/uploads\/2016\/02\/12166075_1062936267062670_852473832_n.jpg'><img loading=\"lazy\" decoding=\"async\" width=\"300\" height=\"225\" src=\"https:\/\/katolicka-gimnazija.hr\/wp-content\/uploads\/2016\/02\/12166075_1062936267062670_852473832_n-300x225.jpg\" class=\"attachment-medium size-medium\" alt=\"\" srcset=\"https:\/\/katolicka-gimnazija.hr\/wp-content\/uploads\/2016\/02\/12166075_1062936267062670_852473832_n-300x225.jpg 300w, https:\/\/katolicka-gimnazija.hr\/wp-content\/uploads\/2016\/02\/12166075_1062936267062670_852473832_n-768x576.jpg 768w, https:\/\/katolicka-gimnazija.hr\/wp-content\/uploads\/2016\/02\/12166075_1062936267062670_852473832_n-1024x768.jpg 1024w, https:\/\/katolicka-gimnazija.hr\/wp-content\/uploads\/2016\/02\/12166075_1062936267062670_852473832_n-360x270.jpg 360w, https:\/\/katolicka-gimnazija.hr\/wp-content\/uploads\/2016\/02\/12166075_1062936267062670_852473832_n-750x563.jpg 750w, https:\/\/katolicka-gimnazija.hr\/wp-content\/uploads\/2016\/02\/12166075_1062936267062670_852473832_n-400x300.jpg 400w, https:\/\/katolicka-gimnazija.hr\/wp-content\/uploads\/2016\/02\/12166075_1062936267062670_852473832_n-430x323.jpg 430w, https:\/\/katolicka-gimnazija.hr\/wp-content\/uploads\/2016\/02\/12166075_1062936267062670_852473832_n-150x113.jpg 150w, https:\/\/katolicka-gimnazija.hr\/wp-content\/uploads\/2016\/02\/12166075_1062936267062670_852473832_n-100x75.jpg 100w, https:\/\/katolicka-gimnazija.hr\/wp-content\/uploads\/2016\/02\/12166075_1062936267062670_852473832_n.jpg 1500w\" sizes=\"auto, (max-width: 300px) 100vw, 300px\" \/><\/a>\n\t\t\t<\/div><\/figure><figure class='gallery-item'>\n\t\t\t<div class='gallery-icon landscape'>\n\t\t\t\t<a href='https:\/\/katolicka-gimnazija.hr\/wp-content\/uploads\/2016\/02\/IMG-20160223-WA0001.jpg'><img loading=\"lazy\" decoding=\"async\" width=\"300\" height=\"225\" src=\"https:\/\/katolicka-gimnazija.hr\/wp-content\/uploads\/2016\/02\/IMG-20160223-WA0001-300x225.jpg\" class=\"attachment-medium size-medium\" alt=\"\" srcset=\"https:\/\/katolicka-gimnazija.hr\/wp-content\/uploads\/2016\/02\/IMG-20160223-WA0001-300x225.jpg 300w, https:\/\/katolicka-gimnazija.hr\/wp-content\/uploads\/2016\/02\/IMG-20160223-WA0001-768x576.jpg 768w, https:\/\/katolicka-gimnazija.hr\/wp-content\/uploads\/2016\/02\/IMG-20160223-WA0001-1024x768.jpg 1024w, https:\/\/katolicka-gimnazija.hr\/wp-content\/uploads\/2016\/02\/IMG-20160223-WA0001-360x270.jpg 360w, https:\/\/katolicka-gimnazija.hr\/wp-content\/uploads\/2016\/02\/IMG-20160223-WA0001-750x563.jpg 750w, https:\/\/katolicka-gimnazija.hr\/wp-content\/uploads\/2016\/02\/IMG-20160223-WA0001-400x300.jpg 400w, https:\/\/katolicka-gimnazija.hr\/wp-content\/uploads\/2016\/02\/IMG-20160223-WA0001-430x323.jpg 430w, https:\/\/katolicka-gimnazija.hr\/wp-content\/uploads\/2016\/02\/IMG-20160223-WA0001-150x113.jpg 150w, https:\/\/katolicka-gimnazija.hr\/wp-content\/uploads\/2016\/02\/IMG-20160223-WA0001-100x75.jpg 100w, https:\/\/katolicka-gimnazija.hr\/wp-content\/uploads\/2016\/02\/IMG-20160223-WA0001.jpg 1500w\" sizes=\"auto, (max-width: 300px) 100vw, 300px\" \/><\/a>\n\t\t\t<\/div><\/figure><figure class='gallery-item'>\n\t\t\t<div class='gallery-icon portrait'>\n\t\t\t\t<a href='https:\/\/katolicka-gimnazija.hr\/wp-content\/uploads\/2016\/02\/12041814_1063065060383124_173873873_n.jpg'><img loading=\"lazy\" decoding=\"async\" width=\"225\" height=\"300\" src=\"https:\/\/katolicka-gimnazija.hr\/wp-content\/uploads\/2016\/02\/12041814_1063065060383124_173873873_n-225x300.jpg\" class=\"attachment-medium size-medium\" alt=\"\" srcset=\"https:\/\/katolicka-gimnazija.hr\/wp-content\/uploads\/2016\/02\/12041814_1063065060383124_173873873_n-225x300.jpg 225w, https:\/\/katolicka-gimnazija.hr\/wp-content\/uploads\/2016\/02\/12041814_1063065060383124_173873873_n-768x1024.jpg 768w, https:\/\/katolicka-gimnazija.hr\/wp-content\/uploads\/2016\/02\/12041814_1063065060383124_173873873_n-360x480.jpg 360w, https:\/\/katolicka-gimnazija.hr\/wp-content\/uploads\/2016\/02\/12041814_1063065060383124_173873873_n-750x1000.jpg 750w, https:\/\/katolicka-gimnazija.hr\/wp-content\/uploads\/2016\/02\/12041814_1063065060383124_173873873_n-400x533.jpg 400w, https:\/\/katolicka-gimnazija.hr\/wp-content\/uploads\/2016\/02\/12041814_1063065060383124_173873873_n-430x573.jpg 430w, https:\/\/katolicka-gimnazija.hr\/wp-content\/uploads\/2016\/02\/12041814_1063065060383124_173873873_n-150x200.jpg 150w, https:\/\/katolicka-gimnazija.hr\/wp-content\/uploads\/2016\/02\/12041814_1063065060383124_173873873_n-100x133.jpg 100w, https:\/\/katolicka-gimnazija.hr\/wp-content\/uploads\/2016\/02\/12041814_1063065060383124_173873873_n.jpg 1500w\" sizes=\"auto, (max-width: 225px) 100vw, 225px\" \/><\/a>\n\t\t\t<\/div><\/figure><figure class='gallery-item'>\n\t\t\t<div class='gallery-icon landscape'>\n\t\t\t\t<a href='https:\/\/katolicka-gimnazija.hr\/wp-content\/uploads\/2016\/02\/\u017e.jpg'><img loading=\"lazy\" decoding=\"async\" width=\"300\" height=\"225\" src=\"https:\/\/katolicka-gimnazija.hr\/wp-content\/uploads\/2016\/02\/\u017e-300x225.jpg\" class=\"attachment-medium size-medium\" alt=\"\" srcset=\"https:\/\/katolicka-gimnazija.hr\/wp-content\/uploads\/2016\/02\/\u017e-300x225.jpg 300w, https:\/\/katolicka-gimnazija.hr\/wp-content\/uploads\/2016\/02\/\u017e-768x576.jpg 768w, https:\/\/katolicka-gimnazija.hr\/wp-content\/uploads\/2016\/02\/\u017e-1024x768.jpg 1024w, https:\/\/katolicka-gimnazija.hr\/wp-content\/uploads\/2016\/02\/\u017e-360x270.jpg 360w, https:\/\/katolicka-gimnazija.hr\/wp-content\/uploads\/2016\/02\/\u017e-750x563.jpg 750w, https:\/\/katolicka-gimnazija.hr\/wp-content\/uploads\/2016\/02\/\u017e-400x300.jpg 400w, https:\/\/katolicka-gimnazija.hr\/wp-content\/uploads\/2016\/02\/\u017e-430x323.jpg 430w, https:\/\/katolicka-gimnazija.hr\/wp-content\/uploads\/2016\/02\/\u017e-150x113.jpg 150w, https:\/\/katolicka-gimnazija.hr\/wp-content\/uploads\/2016\/02\/\u017e-100x75.jpg 100w, https:\/\/katolicka-gimnazija.hr\/wp-content\/uploads\/2016\/02\/\u017e.jpg 1500w\" sizes=\"auto, (max-width: 300px) 100vw, 300px\" \/><\/a>\n\t\t\t<\/div><\/figure><figure class='gallery-item'>\n\t\t\t<div class='gallery-icon landscape'>\n\t\t\t\t<a href='https:\/\/katolicka-gimnazija.hr\/wp-content\/uploads\/2016\/02\/12735578_1062936153729348_1680550879_n.jpg'><img loading=\"lazy\" decoding=\"async\" width=\"300\" height=\"225\" src=\"https:\/\/katolicka-gimnazija.hr\/wp-content\/uploads\/2016\/02\/12735578_1062936153729348_1680550879_n-300x225.jpg\" class=\"attachment-medium size-medium\" alt=\"\" srcset=\"https:\/\/katolicka-gimnazija.hr\/wp-content\/uploads\/2016\/02\/12735578_1062936153729348_1680550879_n-300x225.jpg 300w, https:\/\/katolicka-gimnazija.hr\/wp-content\/uploads\/2016\/02\/12735578_1062936153729348_1680550879_n-768x576.jpg 768w, https:\/\/katolicka-gimnazija.hr\/wp-content\/uploads\/2016\/02\/12735578_1062936153729348_1680550879_n-1024x768.jpg 1024w, https:\/\/katolicka-gimnazija.hr\/wp-content\/uploads\/2016\/02\/12735578_1062936153729348_1680550879_n-360x270.jpg 360w, https:\/\/katolicka-gimnazija.hr\/wp-content\/uploads\/2016\/02\/12735578_1062936153729348_1680550879_n-750x563.jpg 750w, https:\/\/katolicka-gimnazija.hr\/wp-content\/uploads\/2016\/02\/12735578_1062936153729348_1680550879_n-400x300.jpg 400w, https:\/\/katolicka-gimnazija.hr\/wp-content\/uploads\/2016\/02\/12735578_1062936153729348_1680550879_n-430x323.jpg 430w, https:\/\/katolicka-gimnazija.hr\/wp-content\/uploads\/2016\/02\/12735578_1062936153729348_1680550879_n-150x113.jpg 150w, https:\/\/katolicka-gimnazija.hr\/wp-content\/uploads\/2016\/02\/12735578_1062936153729348_1680550879_n-100x75.jpg 100w, https:\/\/katolicka-gimnazija.hr\/wp-content\/uploads\/2016\/02\/12735578_1062936153729348_1680550879_n.jpg 1500w\" sizes=\"auto, (max-width: 300px) 100vw, 300px\" \/><\/a>\n\t\t\t<\/div><\/figure><figure class='gallery-item'>\n\t\t\t<div class='gallery-icon landscape'>\n\t\t\t\t<a href='https:\/\/katolicka-gimnazija.hr\/wp-content\/uploads\/2016\/02\/12767634_1062936210396009_1737334714_n.jpg'><img loading=\"lazy\" decoding=\"async\" width=\"300\" height=\"225\" src=\"https:\/\/katolicka-gimnazija.hr\/wp-content\/uploads\/2016\/02\/12767634_1062936210396009_1737334714_n-300x225.jpg\" class=\"attachment-medium size-medium\" alt=\"\" srcset=\"https:\/\/katolicka-gimnazija.hr\/wp-content\/uploads\/2016\/02\/12767634_1062936210396009_1737334714_n-300x225.jpg 300w, https:\/\/katolicka-gimnazija.hr\/wp-content\/uploads\/2016\/02\/12767634_1062936210396009_1737334714_n-768x576.jpg 768w, https:\/\/katolicka-gimnazija.hr\/wp-content\/uploads\/2016\/02\/12767634_1062936210396009_1737334714_n-1024x768.jpg 1024w, https:\/\/katolicka-gimnazija.hr\/wp-content\/uploads\/2016\/02\/12767634_1062936210396009_1737334714_n-360x270.jpg 360w, https:\/\/katolicka-gimnazija.hr\/wp-content\/uploads\/2016\/02\/12767634_1062936210396009_1737334714_n-750x563.jpg 750w, https:\/\/katolicka-gimnazija.hr\/wp-content\/uploads\/2016\/02\/12767634_1062936210396009_1737334714_n-400x300.jpg 400w, https:\/\/katolicka-gimnazija.hr\/wp-content\/uploads\/2016\/02\/12767634_1062936210396009_1737334714_n-430x323.jpg 430w, https:\/\/katolicka-gimnazija.hr\/wp-content\/uploads\/2016\/02\/12767634_1062936210396009_1737334714_n-150x113.jpg 150w, https:\/\/katolicka-gimnazija.hr\/wp-content\/uploads\/2016\/02\/12767634_1062936210396009_1737334714_n-100x75.jpg 100w, https:\/\/katolicka-gimnazija.hr\/wp-content\/uploads\/2016\/02\/12767634_1062936210396009_1737334714_n.jpg 1500w\" sizes=\"auto, (max-width: 300px) 100vw, 300px\" \/><\/a>\n\t\t\t<\/div><\/figure>\n\t\t<\/div>\n\n","protected":false},"excerpt":{"rendered":"<p>Kao \u0161to smo u nedavnom \u010dlanku najavili, prof. Josip Kati\u0107 s trojicom u\u010denika iz 2.b razreda, Marijom Jankovi\u0107em, Jurajem Prevol\u0161ekom i Brunom Razumovi\u0107em, sudjelovao je u dvodnevnom programu Istra\u017eiva\u010dke stanice Petnica 20. i 21. velja\u010de. Prije samog dolaska u centar zajedno sa svim sudionicima iz Po\u017eege obi\u0161li su glavni grad Srbije \u2013 Beograd. Prostorno izuzetno [&hellip;]<\/p>\n","protected":false},"author":21,"featured_media":3756,"comment_status":"closed","ping_status":"closed","sticky":false,"template":"","format":"standard","meta":{"footnotes":""},"categories":[4,2],"tags":[],"class_list":["post-3750","post","type-post","status-publish","format-standard","has-post-thumbnail","hentry","category-fotogalerije","category-vijesti"],"_links":{"self":[{"href":"https:\/\/katolicka-gimnazija.hr\/index.php\/wp-json\/wp\/v2\/posts\/3750","targetHints":{"allow":["GET"]}}],"collection":[{"href":"https:\/\/katolicka-gimnazija.hr\/index.php\/wp-json\/wp\/v2\/posts"}],"about":[{"href":"https:\/\/katolicka-gimnazija.hr\/index.php\/wp-json\/wp\/v2\/types\/post"}],"author":[{"embeddable":true,"href":"https:\/\/katolicka-gimnazija.hr\/index.php\/wp-json\/wp\/v2\/users\/21"}],"replies":[{"embeddable":true,"href":"https:\/\/katolicka-gimnazija.hr\/index.php\/wp-json\/wp\/v2\/comments?post=3750"}],"version-history":[{"count":3,"href":"https:\/\/katolicka-gimnazija.hr\/index.php\/wp-json\/wp\/v2\/posts\/3750\/revisions"}],"predecessor-version":[{"id":15103,"href":"https:\/\/katolicka-gimnazija.hr\/index.php\/wp-json\/wp\/v2\/posts\/3750\/revisions\/15103"}],"wp:featuredmedia":[{"embeddable":true,"href":"https:\/\/katolicka-gimnazija.hr\/index.php\/wp-json\/wp\/v2\/media\/3756"}],"wp:attachment":[{"href":"https:\/\/katolicka-gimnazija.hr\/index.php\/wp-json\/wp\/v2\/media?parent=3750"}],"wp:term":[{"taxonomy":"category","embeddable":true,"href":"https:\/\/katolicka-gimnazija.hr\/index.php\/wp-json\/wp\/v2\/categories?post=3750"},{"taxonomy":"post_tag","embeddable":true,"href":"https:\/\/katolicka-gimnazija.hr\/index.php\/wp-json\/wp\/v2\/tags?post=3750"}],"curies":[{"name":"wp","href":"https:\/\/api.w.org\/{rel}","templated":true}]}}