{"id":3781,"date":"2016-02-25T16:08:08","date_gmt":"2016-02-25T16:08:08","guid":{"rendered":"http:\/\/katolicka-gimnazija.hr\/?p=3781"},"modified":"2016-02-25T16:08:08","modified_gmt":"2016-02-25T16:08:08","slug":"duhovna-obnova-za-djelatnike-katolickih-skola-u-pozegi","status":"publish","type":"post","link":"https:\/\/katolicka-gimnazija.hr\/index.php\/2016\/02\/25\/duhovna-obnova-za-djelatnike-katolickih-skola-u-pozegi\/","title":{"rendered":"Duhovna obnova za djelatnike Katoli\u010dkih \u0161kola u Po\u017eegi"},"content":{"rendered":"<p><a href=\"http:\/\/katolicka-gimnazija.hr\/wp-content\/uploads\/2016\/02\/ratko-peric-1116.jpg\"><img loading=\"lazy\" decoding=\"async\" class=\"alignleft wp-image-3782 size-medium\" src=\"http:\/\/katolicka-gimnazija.hr\/wp-content\/uploads\/2016\/02\/ratko-peric-1116-300x230.jpg\" alt=\"Ratko Peri\u0107\" width=\"300\" height=\"230\" srcset=\"https:\/\/katolicka-gimnazija.hr\/wp-content\/uploads\/2016\/02\/ratko-peric-1116-300x230.jpg 300w, https:\/\/katolicka-gimnazija.hr\/wp-content\/uploads\/2016\/02\/ratko-peric-1116-360x276.jpg 360w, https:\/\/katolicka-gimnazija.hr\/wp-content\/uploads\/2016\/02\/ratko-peric-1116-400x307.jpg 400w, https:\/\/katolicka-gimnazija.hr\/wp-content\/uploads\/2016\/02\/ratko-peric-1116-430x330.jpg 430w, https:\/\/katolicka-gimnazija.hr\/wp-content\/uploads\/2016\/02\/ratko-peric-1116-150x115.jpg 150w, https:\/\/katolicka-gimnazija.hr\/wp-content\/uploads\/2016\/02\/ratko-peric-1116-100x77.jpg 100w, https:\/\/katolicka-gimnazija.hr\/wp-content\/uploads\/2016\/02\/ratko-peric-1116.jpg 700w\" sizes=\"auto, (max-width: 300px) 100vw, 300px\" \/><\/a>Dana 29. velja\u010de 2016. godine mons. Ratko Peri\u0107 mostarsko-duvanjski biskup i apostolski upravitelj trebinjsko-mrkanski odr\u017eat \u0107e predavanje za sve djelatnike katoli\u010dkih \u0161kola u Po\u017eegi.<\/p>\n<p>Predavanje \u0107e se odr\u017eati u 15 sati u Dvorani bl. Alojzija Stepinca, a poslije predavanja imat \u0107emo kratko duhovno doga\u0111anje u Katedrali.<\/p>\n<p>Znam da je vrijeme kada smo ve\u0107 svi pomalo umorni od posta, pokore, natjecanja i ju\u017eine\u2026Valja nam zato zaviriti u dubine duhovnosti da prona\u0111emo i smisla i snage!!!<\/p>\n<p>Pozivam vas da se odazovete ovoj prilici koja nam se nudi, a i potrebna nam je. Radujem se zajedni\u010dkom dru\u017eenju i molitvi.<\/p>\n<p>Laudetur Iesus Christus!<\/p>\n","protected":false},"excerpt":{"rendered":"<p>Dana 29. velja\u010de 2016. godine mons. Ratko Peri\u0107 mostarsko-duvanjski biskup i apostolski upravitelj trebinjsko-mrkanski odr\u017eat \u0107e predavanje za sve djelatnike katoli\u010dkih \u0161kola u Po\u017eegi. Predavanje \u0107e se odr\u017eati u 15 sati u Dvorani bl. Alojzija Stepinca, a poslije predavanja imat \u0107emo kratko duhovno doga\u0111anje u Katedrali. Znam da je vrijeme kada smo ve\u0107 svi pomalo [&hellip;]<\/p>\n","protected":false},"author":41,"featured_media":3782,"comment_status":"closed","ping_status":"closed","sticky":false,"template":"","format":"standard","meta":{"footnotes":""},"categories":[3],"tags":[],"class_list":["post-3781","post","type-post","status-publish","format-standard","has-post-thumbnail","hentry","category-obavijesti"],"_links":{"self":[{"href":"https:\/\/katolicka-gimnazija.hr\/index.php\/wp-json\/wp\/v2\/posts\/3781","targetHints":{"allow":["GET"]}}],"collection":[{"href":"https:\/\/katolicka-gimnazija.hr\/index.php\/wp-json\/wp\/v2\/posts"}],"about":[{"href":"https:\/\/katolicka-gimnazija.hr\/index.php\/wp-json\/wp\/v2\/types\/post"}],"author":[{"embeddable":true,"href":"https:\/\/katolicka-gimnazija.hr\/index.php\/wp-json\/wp\/v2\/users\/41"}],"replies":[{"embeddable":true,"href":"https:\/\/katolicka-gimnazija.hr\/index.php\/wp-json\/wp\/v2\/comments?post=3781"}],"version-history":[{"count":1,"href":"https:\/\/katolicka-gimnazija.hr\/index.php\/wp-json\/wp\/v2\/posts\/3781\/revisions"}],"predecessor-version":[{"id":3783,"href":"https:\/\/katolicka-gimnazija.hr\/index.php\/wp-json\/wp\/v2\/posts\/3781\/revisions\/3783"}],"wp:featuredmedia":[{"embeddable":true,"href":"https:\/\/katolicka-gimnazija.hr\/index.php\/wp-json\/wp\/v2\/media\/3782"}],"wp:attachment":[{"href":"https:\/\/katolicka-gimnazija.hr\/index.php\/wp-json\/wp\/v2\/media?parent=3781"}],"wp:term":[{"taxonomy":"category","embeddable":true,"href":"https:\/\/katolicka-gimnazija.hr\/index.php\/wp-json\/wp\/v2\/categories?post=3781"},{"taxonomy":"post_tag","embeddable":true,"href":"https:\/\/katolicka-gimnazija.hr\/index.php\/wp-json\/wp\/v2\/tags?post=3781"}],"curies":[{"name":"wp","href":"https:\/\/api.w.org\/{rel}","templated":true}]}}