{"id":3837,"date":"2016-02-29T20:27:38","date_gmt":"2016-02-29T20:27:38","guid":{"rendered":"http:\/\/katolicka-gimnazija.hr\/?p=3837"},"modified":"2018-12-28T14:33:09","modified_gmt":"2018-12-28T14:33:09","slug":"bog-duh-mir-rad-dom-u-korizmenom-predavanju-msgr-ratka-perica","status":"publish","type":"post","link":"https:\/\/katolicka-gimnazija.hr\/index.php\/2016\/02\/29\/bog-duh-mir-rad-dom-u-korizmenom-predavanju-msgr-ratka-perica\/","title":{"rendered":"Bog, Duh, mir, rad, dom&#8230;u korizmenom predavanju msgr. Ratka Peri\u0107a"},"content":{"rendered":"<p><a href=\"http:\/\/katolicka-gimnazija.hr\/wp-content\/uploads\/2016\/02\/ratko-peric-biskup-0504-e1456777588438.jpg\" rel=\"attachment wp-att-3838\"><img loading=\"lazy\" decoding=\"async\" class=\"alignleft wp-image-3838 size-medium\" src=\"http:\/\/katolicka-gimnazija.hr\/wp-content\/uploads\/2016\/02\/ratko-peric-biskup-0504-e1456777588438-300x173.jpg\" alt=\"ratko-peric-biskup-0504\" width=\"300\" height=\"173\" srcset=\"https:\/\/katolicka-gimnazija.hr\/wp-content\/uploads\/2016\/02\/ratko-peric-biskup-0504-e1456777588438-300x173.jpg 300w, https:\/\/katolicka-gimnazija.hr\/wp-content\/uploads\/2016\/02\/ratko-peric-biskup-0504-e1456777588438-768x443.jpg 768w, https:\/\/katolicka-gimnazija.hr\/wp-content\/uploads\/2016\/02\/ratko-peric-biskup-0504-e1456777588438-1024x591.jpg 1024w, https:\/\/katolicka-gimnazija.hr\/wp-content\/uploads\/2016\/02\/ratko-peric-biskup-0504-e1456777588438-360x208.jpg 360w, https:\/\/katolicka-gimnazija.hr\/wp-content\/uploads\/2016\/02\/ratko-peric-biskup-0504-e1456777588438-750x433.jpg 750w, https:\/\/katolicka-gimnazija.hr\/wp-content\/uploads\/2016\/02\/ratko-peric-biskup-0504-e1456777588438-400x231.jpg 400w, https:\/\/katolicka-gimnazija.hr\/wp-content\/uploads\/2016\/02\/ratko-peric-biskup-0504-e1456777588438-430x248.jpg 430w, https:\/\/katolicka-gimnazija.hr\/wp-content\/uploads\/2016\/02\/ratko-peric-biskup-0504-e1456777588438-150x87.jpg 150w, https:\/\/katolicka-gimnazija.hr\/wp-content\/uploads\/2016\/02\/ratko-peric-biskup-0504-e1456777588438-100x58.jpg 100w, https:\/\/katolicka-gimnazija.hr\/wp-content\/uploads\/2016\/02\/ratko-peric-biskup-0504-e1456777588438.jpg 1500w\" sizes=\"auto, (max-width: 300px) 100vw, 300px\" \/><\/a>Dana 29. velja\u010de 2016. godine tradicionalno korizmeno predavanje djelatnicima Katoli\u010dke osnovne \u0161kole i Katoli\u010dke gimnazije u Po\u017eegi odr\u017eao je mons. Ratko Peri\u0107 mostarsko-duvanjski biskup i apostolski upravitelj trebinjsko-mrkanski. Po zavr\u0161etku predavanja, djelatnici su se katoli\u010dkih \u0161kola uputili u katedralu na molitveno-duhovni susret koji su predvodili njihovi vjerou\u010ditelji. <\/p>\n","protected":false},"excerpt":{"rendered":"<p>Dana 29. velja\u010de 2016. godine tradicionalno korizmeno predavanje djelatnicima Katoli\u010dke osnovne \u0161kole i Katoli\u010dke gimnazije u Po\u017eegi odr\u017eao je mons. Ratko Peri\u0107 mostarsko-duvanjski biskup i apostolski upravitelj trebinjsko-mrkanski. Po zavr\u0161etku predavanja, djelatnici su se katoli\u010dkih \u0161kola uputili u katedralu na molitveno-duhovni susret koji su predvodili njihovi vjerou\u010ditelji.<\/p>\n","protected":false},"author":2,"featured_media":3838,"comment_status":"closed","ping_status":"closed","sticky":false,"template":"","format":"standard","meta":{"footnotes":""},"categories":[2],"tags":[],"class_list":["post-3837","post","type-post","status-publish","format-standard","has-post-thumbnail","hentry","category-vijesti"],"_links":{"self":[{"href":"https:\/\/katolicka-gimnazija.hr\/index.php\/wp-json\/wp\/v2\/posts\/3837","targetHints":{"allow":["GET"]}}],"collection":[{"href":"https:\/\/katolicka-gimnazija.hr\/index.php\/wp-json\/wp\/v2\/posts"}],"about":[{"href":"https:\/\/katolicka-gimnazija.hr\/index.php\/wp-json\/wp\/v2\/types\/post"}],"author":[{"embeddable":true,"href":"https:\/\/katolicka-gimnazija.hr\/index.php\/wp-json\/wp\/v2\/users\/2"}],"replies":[{"embeddable":true,"href":"https:\/\/katolicka-gimnazija.hr\/index.php\/wp-json\/wp\/v2\/comments?post=3837"}],"version-history":[{"count":3,"href":"https:\/\/katolicka-gimnazija.hr\/index.php\/wp-json\/wp\/v2\/posts\/3837\/revisions"}],"predecessor-version":[{"id":15100,"href":"https:\/\/katolicka-gimnazija.hr\/index.php\/wp-json\/wp\/v2\/posts\/3837\/revisions\/15100"}],"wp:featuredmedia":[{"embeddable":true,"href":"https:\/\/katolicka-gimnazija.hr\/index.php\/wp-json\/wp\/v2\/media\/3838"}],"wp:attachment":[{"href":"https:\/\/katolicka-gimnazija.hr\/index.php\/wp-json\/wp\/v2\/media?parent=3837"}],"wp:term":[{"taxonomy":"category","embeddable":true,"href":"https:\/\/katolicka-gimnazija.hr\/index.php\/wp-json\/wp\/v2\/categories?post=3837"},{"taxonomy":"post_tag","embeddable":true,"href":"https:\/\/katolicka-gimnazija.hr\/index.php\/wp-json\/wp\/v2\/tags?post=3837"}],"curies":[{"name":"wp","href":"https:\/\/api.w.org\/{rel}","templated":true}]}}