{"id":3841,"date":"2016-02-29T21:01:57","date_gmt":"2016-02-29T21:01:57","guid":{"rendered":"http:\/\/katolicka-gimnazija.hr\/?p=3841"},"modified":"2018-12-28T14:33:01","modified_gmt":"2018-12-28T14:33:01","slug":"magnum-crimen-1945","status":"publish","type":"post","link":"https:\/\/katolicka-gimnazija.hr\/index.php\/2016\/02\/29\/magnum-crimen-1945\/","title":{"rendered":"Magnum crimen 1945."},"content":{"rendered":"<p>Dani Matice hrvatske ogranka u Po\u017eegi zavr\u0161eni su ovoga petka prikazivanjem dokumentarnog filma redateljice Nade Prka\u010din <em>Magnum crimen 1945.<\/em> u Dvorani svete Terezije Avilske. Film o bleibur\u0161koj tragediji hrvatskoga naroda u kojem je bez su\u0111enja na najbrutalniji na\u010din pobijeno na desetke tisu\u0107a Hrvata na po\u010detku i za vrijeme tzv. Kri\u017enog puta imali su priliku pogledati gimnazijalci obiju po\u017ee\u0161kih gimnazija.<\/p>\n<p><a href=\"http:\/\/katolicka-gimnazija.hr\/wp-content\/uploads\/2016\/02\/NadaPrkacin1.jpg\" rel=\"attachment wp-att-3842\"><img loading=\"lazy\" decoding=\"async\" class=\"alignleft size-medium wp-image-3842\" src=\"http:\/\/katolicka-gimnazija.hr\/wp-content\/uploads\/2016\/02\/NadaPrkacin1-300x123.jpg\" alt=\"NadaPrkacin1\" width=\"300\" height=\"123\" srcset=\"https:\/\/katolicka-gimnazija.hr\/wp-content\/uploads\/2016\/02\/NadaPrkacin1-300x123.jpg 300w, https:\/\/katolicka-gimnazija.hr\/wp-content\/uploads\/2016\/02\/NadaPrkacin1-768x315.jpg 768w, https:\/\/katolicka-gimnazija.hr\/wp-content\/uploads\/2016\/02\/NadaPrkacin1-1024x421.jpg 1024w, https:\/\/katolicka-gimnazija.hr\/wp-content\/uploads\/2016\/02\/NadaPrkacin1-360x148.jpg 360w, https:\/\/katolicka-gimnazija.hr\/wp-content\/uploads\/2016\/02\/NadaPrkacin1-750x308.jpg 750w, https:\/\/katolicka-gimnazija.hr\/wp-content\/uploads\/2016\/02\/NadaPrkacin1-400x164.jpg 400w, https:\/\/katolicka-gimnazija.hr\/wp-content\/uploads\/2016\/02\/NadaPrkacin1-430x177.jpg 430w, https:\/\/katolicka-gimnazija.hr\/wp-content\/uploads\/2016\/02\/NadaPrkacin1-150x62.jpg 150w, https:\/\/katolicka-gimnazija.hr\/wp-content\/uploads\/2016\/02\/NadaPrkacin1-100x41.jpg 100w, https:\/\/katolicka-gimnazija.hr\/wp-content\/uploads\/2016\/02\/NadaPrkacin1.jpg 1500w\" sizes=\"auto, (max-width: 300px) 100vw, 300px\" \/><\/a>U obra\u0107anju prisutnima redateljica filma Nada Prka\u010din naglasila je kako je njen rad samo mali doprinos u spa\u0161avanju i izno\u0161enju na svjetlo dana istine koja se desetlje\u0107ima namjerno pre\u0161u\u0107ivala, a u nekim svijestima jo\u0161 uvijek za nju nema mjesta. Film je tako\u0111er nastao s ciljem da se poku\u0161a vratiti dostojanstvo svim tim \u017ertvama \u010dije su kosti prosute po vi\u0161e od 1000 masovnih grobnica i jama \u0161irom biv\u0161ih jugoslavenskih dr\u017eava, ali i onih koji su desetlje\u0107ima morali \u0161utjeti o svojoj tragediji \u010dak i pred svojim najmilijima. O tim poratnim strahotama u filmu svjedo\u010de neki od pre\u017eivjelih koji su tih godina bili mla\u0111i od na\u0161ih srednjo\u0161kolaca. Mogla su se \u010duti i svjedo\u010danstva britanskih vojnika koji su na svoju sramotu, a po vi\u0161im zapovijedima, oko 200 000 ljudi, poglavito Hrvata, predali u ruke partizanima svjesni da ih tako osu\u0111uju na smrt. Dramati\u010dni prizori koji su posljedica izravnih zapovijedi najvi\u0161ih komunisti\u010dkih tijela jugoslavenskih vlasti na \u010delu s Josipom Brozom Titom, publiku nije ostavila ravnodu\u0161nom.<\/p>\n<p><a href=\"http:\/\/katolicka-gimnazija.hr\/wp-content\/uploads\/2016\/02\/DSC_0087-1.jpg\" rel=\"attachment wp-att-3828\"><img loading=\"lazy\" decoding=\"async\" class=\"alignleft size-medium wp-image-3828\" src=\"http:\/\/katolicka-gimnazija.hr\/wp-content\/uploads\/2016\/02\/DSC_0087-1-300x200.jpg\" alt=\"DSC_0087\" width=\"300\" height=\"200\" srcset=\"https:\/\/katolicka-gimnazija.hr\/wp-content\/uploads\/2016\/02\/DSC_0087-1-300x200.jpg 300w, https:\/\/katolicka-gimnazija.hr\/wp-content\/uploads\/2016\/02\/DSC_0087-1-768x512.jpg 768w, https:\/\/katolicka-gimnazija.hr\/wp-content\/uploads\/2016\/02\/DSC_0087-1-1024x683.jpg 1024w, https:\/\/katolicka-gimnazija.hr\/wp-content\/uploads\/2016\/02\/DSC_0087-1-360x240.jpg 360w, https:\/\/katolicka-gimnazija.hr\/wp-content\/uploads\/2016\/02\/DSC_0087-1-750x500.jpg 750w, https:\/\/katolicka-gimnazija.hr\/wp-content\/uploads\/2016\/02\/DSC_0087-1-400x267.jpg 400w, https:\/\/katolicka-gimnazija.hr\/wp-content\/uploads\/2016\/02\/DSC_0087-1-430x287.jpg 430w, https:\/\/katolicka-gimnazija.hr\/wp-content\/uploads\/2016\/02\/DSC_0087-1-150x100.jpg 150w, https:\/\/katolicka-gimnazija.hr\/wp-content\/uploads\/2016\/02\/DSC_0087-1-100x67.jpg 100w, https:\/\/katolicka-gimnazija.hr\/wp-content\/uploads\/2016\/02\/DSC_0087-1.jpg 1500w\" sizes=\"auto, (max-width: 300px) 100vw, 300px\" \/><\/a>Redateljica je tako\u0111er naglasila da je sastavni dio svakoga naroda njegova svijest o njemu samome a to zasigurno uklju\u010duje i njegovu povijest ma kakva ona bila. Stoga svatko tko nas poti\u010de da zaboravimo svoju pro\u0161lost i \u017eivimo samo u sada\u0161njosti i za budu\u0107nost vrlo vjerojatno \u017eeli skrenuti pozornost s onoga \u0161to bi mo\u017eda moglo biti otkriveno. Gospo\u0111a Prka\u010din nas uvjerava da bez pro\u0161losti narod ne mo\u017ee imati svoju budu\u0107nost, a ponosna je \u0161to je ovu istinu mogla podijeliti s tolikim mladima. <\/p>\n","protected":false},"excerpt":{"rendered":"<p>Dani Matice hrvatske ogranka u Po\u017eegi zavr\u0161eni su ovoga petka prikazivanjem dokumentarnog filma redateljice Nade Prka\u010din Magnum crimen 1945. u Dvorani svete Terezije Avilske. Film o bleibur\u0161koj tragediji hrvatskoga naroda u kojem je bez su\u0111enja na najbrutalniji na\u010din pobijeno na desetke tisu\u0107a Hrvata na po\u010detku i za vrijeme tzv. Kri\u017enog puta imali su priliku pogledati [&hellip;]<\/p>\n","protected":false},"author":2,"featured_media":3843,"comment_status":"closed","ping_status":"closed","sticky":false,"template":"","format":"standard","meta":{"footnotes":""},"categories":[2],"tags":[],"class_list":["post-3841","post","type-post","status-publish","format-standard","has-post-thumbnail","hentry","category-vijesti"],"_links":{"self":[{"href":"https:\/\/katolicka-gimnazija.hr\/index.php\/wp-json\/wp\/v2\/posts\/3841","targetHints":{"allow":["GET"]}}],"collection":[{"href":"https:\/\/katolicka-gimnazija.hr\/index.php\/wp-json\/wp\/v2\/posts"}],"about":[{"href":"https:\/\/katolicka-gimnazija.hr\/index.php\/wp-json\/wp\/v2\/types\/post"}],"author":[{"embeddable":true,"href":"https:\/\/katolicka-gimnazija.hr\/index.php\/wp-json\/wp\/v2\/users\/2"}],"replies":[{"embeddable":true,"href":"https:\/\/katolicka-gimnazija.hr\/index.php\/wp-json\/wp\/v2\/comments?post=3841"}],"version-history":[{"count":2,"href":"https:\/\/katolicka-gimnazija.hr\/index.php\/wp-json\/wp\/v2\/posts\/3841\/revisions"}],"predecessor-version":[{"id":15099,"href":"https:\/\/katolicka-gimnazija.hr\/index.php\/wp-json\/wp\/v2\/posts\/3841\/revisions\/15099"}],"wp:featuredmedia":[{"embeddable":true,"href":"https:\/\/katolicka-gimnazija.hr\/index.php\/wp-json\/wp\/v2\/media\/3843"}],"wp:attachment":[{"href":"https:\/\/katolicka-gimnazija.hr\/index.php\/wp-json\/wp\/v2\/media?parent=3841"}],"wp:term":[{"taxonomy":"category","embeddable":true,"href":"https:\/\/katolicka-gimnazija.hr\/index.php\/wp-json\/wp\/v2\/categories?post=3841"},{"taxonomy":"post_tag","embeddable":true,"href":"https:\/\/katolicka-gimnazija.hr\/index.php\/wp-json\/wp\/v2\/tags?post=3841"}],"curies":[{"name":"wp","href":"https:\/\/api.w.org\/{rel}","templated":true}]}}