{"id":38580,"date":"2026-09-01T08:36:56","date_gmt":"2026-09-01T06:36:56","guid":{"rendered":"https:\/\/katolicka-gimnazija.hr\/?p=38580"},"modified":"2026-09-01T08:45:38","modified_gmt":"2026-09-01T06:45:38","slug":"bolje-da-izumre-skola-nego-obicaj","status":"publish","type":"post","link":"https:\/\/katolicka-gimnazija.hr\/index.php\/2026\/09\/01\/bolje-da-izumre-skola-nego-obicaj\/","title":{"rendered":"Bolje da izumre \u0161kola nego obi\u010daj"},"content":{"rendered":"<p>Ima li ljep\u0161ega na\u010dina za jednoga kr\u0161\u0107anina\/kr\u0161\u0107anku jednu \u0161kolsku godinu zavr\u0161iti, a drugu zapo\u010deti zahvalnim hodo\u010da\u0161\u0107em? Naravno da je to retori\u010dko pitanje i naravno da bi se netko sjetio mo\u017eda nekog drugog na\u010dina, ali mi smo se dr\u017eali one stare &#8211; bolje da izumre \u0161kola nego obi\u010daj!<\/p>\n<p>I sve \u0161to smo zadnjih desetak godina ba\u0161tinili, to smo i ove godine ponovili &#8211; petnaestak hodo\u010dasnika, mladih i starih, biv\u0161ih, sada\u0161njih i budu\u0107ih u\u010denika, prijatelja \u0161kole&#8230;prehodalo je nekih 16 kilometara Gospi od Suza preko po\u017ee\u0161kih, vidova\u010dkih, kuzmi\u010dkih&#8230;vi\u0161kova\u010dkih i pleterni\u010dkih brda.<\/p>\n<p>Kao i u \u017eivotu &#8211; uspone i padove, glad i \u017ee\u0111 (hvala Miroslavu Peroutki), sunce i jo\u0161 malo sunca lak\u0161e smo podnijeli zajedno. Dijele\u0107i iskustva, slatko i slano, bunare i hladovinu, ljepotu Po\u017ee\u0161ke gore prehodali smo zajedno 6,5 sati do najposje\u0107enijeg sveti\u0161ta na\u0161e biskupije.<\/p>\n<p>Nagrada je bila okrjepa koju smo na\u0161li u ispovijedi, za stolom Bo\u017eje rije\u010di koju je razlomio fra Jozo Grbe\u0161 i, na koncu, blagovanjem Kruha \u017divota.<\/p>\n<p>Dao Bog da tu mladost &#8211; biv\u0161e, sada\u0161nje i budu\u0107e, a zapravo vje\u010dne KG-ovce &#8211; nosi ista vjera koja ih je taj dan nosila, krijepi hrana koja ih je te ve\u010deri krijepila. Amen.<\/p>\n<div id='gallery-1' class='gallery galleryid-38580 gallery-columns-3 gallery-size-medium'><figure class='gallery-item'>\n\t\t\t<div class='gallery-icon portrait'>\n\t\t\t\t<a href='https:\/\/katolicka-gimnazija.hr\/wp-content\/uploads\/2026\/09\/WhatsApp-Image-2026-08-31-at-08.36.08-6-e1788245043892.jpeg'><img loading=\"lazy\" decoding=\"async\" width=\"217\" height=\"300\" src=\"https:\/\/katolicka-gimnazija.hr\/wp-content\/uploads\/2026\/09\/WhatsApp-Image-2026-08-31-at-08.36.08-6-e1788245043892-217x300.jpeg\" class=\"attachment-medium size-medium\" alt=\"\" srcset=\"https:\/\/katolicka-gimnazija.hr\/wp-content\/uploads\/2026\/09\/WhatsApp-Image-2026-08-31-at-08.36.08-6-e1788245043892-217x300.jpeg 217w, https:\/\/katolicka-gimnazija.hr\/wp-content\/uploads\/2026\/09\/WhatsApp-Image-2026-08-31-at-08.36.08-6-e1788245043892-739x1024.jpeg 739w, https:\/\/katolicka-gimnazija.hr\/wp-content\/uploads\/2026\/09\/WhatsApp-Image-2026-08-31-at-08.36.08-6-e1788245043892-768x1064.jpeg 768w, https:\/\/katolicka-gimnazija.hr\/wp-content\/uploads\/2026\/09\/WhatsApp-Image-2026-08-31-at-08.36.08-6-e1788245043892-1109x1536.jpeg 1109w, https:\/\/katolicka-gimnazija.hr\/wp-content\/uploads\/2026\/09\/WhatsApp-Image-2026-08-31-at-08.36.08-6-e1788245043892.jpeg 1126w\" sizes=\"auto, (max-width: 217px) 100vw, 217px\" \/><\/a>\n\t\t\t<\/div><\/figure><figure class='gallery-item'>\n\t\t\t<div class='gallery-icon landscape'>\n\t\t\t\t<a href='https:\/\/katolicka-gimnazija.hr\/wp-content\/uploads\/2026\/09\/WhatsApp-Image-2026-08-31-at-08.36.08-5.jpeg'><img loading=\"lazy\" decoding=\"async\" width=\"300\" height=\"169\" src=\"https:\/\/katolicka-gimnazija.hr\/wp-content\/uploads\/2026\/09\/WhatsApp-Image-2026-08-31-at-08.36.08-5-300x169.jpeg\" class=\"attachment-medium size-medium\" alt=\"\" srcset=\"https:\/\/katolicka-gimnazija.hr\/wp-content\/uploads\/2026\/09\/WhatsApp-Image-2026-08-31-at-08.36.08-5-300x169.jpeg 300w, https:\/\/katolicka-gimnazija.hr\/wp-content\/uploads\/2026\/09\/WhatsApp-Image-2026-08-31-at-08.36.08-5-1024x577.jpeg 1024w, https:\/\/katolicka-gimnazija.hr\/wp-content\/uploads\/2026\/09\/WhatsApp-Image-2026-08-31-at-08.36.08-5-768x432.jpeg 768w, https:\/\/katolicka-gimnazija.hr\/wp-content\/uploads\/2026\/09\/WhatsApp-Image-2026-08-31-at-08.36.08-5-1536x865.jpeg 1536w, https:\/\/katolicka-gimnazija.hr\/wp-content\/uploads\/2026\/09\/WhatsApp-Image-2026-08-31-at-08.36.08-5-400x225.jpeg 400w, https:\/\/katolicka-gimnazija.hr\/wp-content\/uploads\/2026\/09\/WhatsApp-Image-2026-08-31-at-08.36.08-5.jpeg 2000w\" sizes=\"auto, (max-width: 300px) 100vw, 300px\" \/><\/a>\n\t\t\t<\/div><\/figure><figure class='gallery-item'>\n\t\t\t<div class='gallery-icon landscape'>\n\t\t\t\t<a href='https:\/\/katolicka-gimnazija.hr\/wp-content\/uploads\/2026\/09\/WhatsApp-Image-2026-08-31-at-08.36.08-8.jpeg'><img loading=\"lazy\" decoding=\"async\" width=\"300\" height=\"169\" src=\"https:\/\/katolicka-gimnazija.hr\/wp-content\/uploads\/2026\/09\/WhatsApp-Image-2026-08-31-at-08.36.08-8-300x169.jpeg\" class=\"attachment-medium size-medium\" alt=\"\" srcset=\"https:\/\/katolicka-gimnazija.hr\/wp-content\/uploads\/2026\/09\/WhatsApp-Image-2026-08-31-at-08.36.08-8-300x169.jpeg 300w, https:\/\/katolicka-gimnazija.hr\/wp-content\/uploads\/2026\/09\/WhatsApp-Image-2026-08-31-at-08.36.08-8-1024x577.jpeg 1024w, https:\/\/katolicka-gimnazija.hr\/wp-content\/uploads\/2026\/09\/WhatsApp-Image-2026-08-31-at-08.36.08-8-768x432.jpeg 768w, https:\/\/katolicka-gimnazija.hr\/wp-content\/uploads\/2026\/09\/WhatsApp-Image-2026-08-31-at-08.36.08-8-1536x865.jpeg 1536w, https:\/\/katolicka-gimnazija.hr\/wp-content\/uploads\/2026\/09\/WhatsApp-Image-2026-08-31-at-08.36.08-8-400x225.jpeg 400w, https:\/\/katolicka-gimnazija.hr\/wp-content\/uploads\/2026\/09\/WhatsApp-Image-2026-08-31-at-08.36.08-8.jpeg 2000w\" sizes=\"auto, (max-width: 300px) 100vw, 300px\" \/><\/a>\n\t\t\t<\/div><\/figure><figure class='gallery-item'>\n\t\t\t<div class='gallery-icon portrait'>\n\t\t\t\t<a href='https:\/\/katolicka-gimnazija.hr\/wp-content\/uploads\/2026\/09\/WhatsApp-Image-2026-08-31-at-08.36.05.jpeg'><img loading=\"lazy\" decoding=\"async\" width=\"169\" height=\"300\" src=\"https:\/\/katolicka-gimnazija.hr\/wp-content\/uploads\/2026\/09\/WhatsApp-Image-2026-08-31-at-08.36.05-169x300.jpeg\" class=\"attachment-medium size-medium\" alt=\"\" srcset=\"https:\/\/katolicka-gimnazija.hr\/wp-content\/uploads\/2026\/09\/WhatsApp-Image-2026-08-31-at-08.36.05-169x300.jpeg 169w, https:\/\/katolicka-gimnazija.hr\/wp-content\/uploads\/2026\/09\/WhatsApp-Image-2026-08-31-at-08.36.05-577x1024.jpeg 577w, https:\/\/katolicka-gimnazija.hr\/wp-content\/uploads\/2026\/09\/WhatsApp-Image-2026-08-31-at-08.36.05-768x1364.jpeg 768w, https:\/\/katolicka-gimnazija.hr\/wp-content\/uploads\/2026\/09\/WhatsApp-Image-2026-08-31-at-08.36.05-865x1536.jpeg 865w, https:\/\/katolicka-gimnazija.hr\/wp-content\/uploads\/2026\/09\/WhatsApp-Image-2026-08-31-at-08.36.05.jpeg 1126w\" sizes=\"auto, (max-width: 169px) 100vw, 169px\" \/><\/a>\n\t\t\t<\/div><\/figure><figure class='gallery-item'>\n\t\t\t<div class='gallery-icon landscape'>\n\t\t\t\t<a href='https:\/\/katolicka-gimnazija.hr\/wp-content\/uploads\/2026\/09\/WhatsApp-Image-2026-08-31-at-08.36.08-7.jpeg'><img loading=\"lazy\" decoding=\"async\" width=\"300\" height=\"169\" src=\"https:\/\/katolicka-gimnazija.hr\/wp-content\/uploads\/2026\/09\/WhatsApp-Image-2026-08-31-at-08.36.08-7-300x169.jpeg\" class=\"attachment-medium size-medium\" alt=\"\" srcset=\"https:\/\/katolicka-gimnazija.hr\/wp-content\/uploads\/2026\/09\/WhatsApp-Image-2026-08-31-at-08.36.08-7-300x169.jpeg 300w, https:\/\/katolicka-gimnazija.hr\/wp-content\/uploads\/2026\/09\/WhatsApp-Image-2026-08-31-at-08.36.08-7-1024x577.jpeg 1024w, https:\/\/katolicka-gimnazija.hr\/wp-content\/uploads\/2026\/09\/WhatsApp-Image-2026-08-31-at-08.36.08-7-768x432.jpeg 768w, https:\/\/katolicka-gimnazija.hr\/wp-content\/uploads\/2026\/09\/WhatsApp-Image-2026-08-31-at-08.36.08-7-1536x865.jpeg 1536w, https:\/\/katolicka-gimnazija.hr\/wp-content\/uploads\/2026\/09\/WhatsApp-Image-2026-08-31-at-08.36.08-7-400x225.jpeg 400w, https:\/\/katolicka-gimnazija.hr\/wp-content\/uploads\/2026\/09\/WhatsApp-Image-2026-08-31-at-08.36.08-7.jpeg 2000w\" sizes=\"auto, (max-width: 300px) 100vw, 300px\" \/><\/a>\n\t\t\t<\/div><\/figure><figure class='gallery-item'>\n\t\t\t<div class='gallery-icon landscape'>\n\t\t\t\t<a href='https:\/\/katolicka-gimnazija.hr\/wp-content\/uploads\/2026\/09\/WhatsApp-Image-2026-08-31-at-08.36.08-4.jpeg'><img loading=\"lazy\" decoding=\"async\" width=\"300\" height=\"169\" src=\"https:\/\/katolicka-gimnazija.hr\/wp-content\/uploads\/2026\/09\/WhatsApp-Image-2026-08-31-at-08.36.08-4-300x169.jpeg\" class=\"attachment-medium size-medium\" alt=\"\" srcset=\"https:\/\/katolicka-gimnazija.hr\/wp-content\/uploads\/2026\/09\/WhatsApp-Image-2026-08-31-at-08.36.08-4-300x169.jpeg 300w, https:\/\/katolicka-gimnazija.hr\/wp-content\/uploads\/2026\/09\/WhatsApp-Image-2026-08-31-at-08.36.08-4-1024x577.jpeg 1024w, https:\/\/katolicka-gimnazija.hr\/wp-content\/uploads\/2026\/09\/WhatsApp-Image-2026-08-31-at-08.36.08-4-768x432.jpeg 768w, https:\/\/katolicka-gimnazija.hr\/wp-content\/uploads\/2026\/09\/WhatsApp-Image-2026-08-31-at-08.36.08-4-1536x865.jpeg 1536w, https:\/\/katolicka-gimnazija.hr\/wp-content\/uploads\/2026\/09\/WhatsApp-Image-2026-08-31-at-08.36.08-4-400x225.jpeg 400w, https:\/\/katolicka-gimnazija.hr\/wp-content\/uploads\/2026\/09\/WhatsApp-Image-2026-08-31-at-08.36.08-4.jpeg 2000w\" sizes=\"auto, (max-width: 300px) 100vw, 300px\" \/><\/a>\n\t\t\t<\/div><\/figure><figure class='gallery-item'>\n\t\t\t<div class='gallery-icon landscape'>\n\t\t\t\t<a href='https:\/\/katolicka-gimnazija.hr\/wp-content\/uploads\/2026\/09\/WhatsApp-Image-2026-08-31-at-08.38.39.jpeg'><img loading=\"lazy\" decoding=\"async\" width=\"300\" height=\"169\" src=\"https:\/\/katolicka-gimnazija.hr\/wp-content\/uploads\/2026\/09\/WhatsApp-Image-2026-08-31-at-08.38.39-300x169.jpeg\" class=\"attachment-medium size-medium\" alt=\"\" srcset=\"https:\/\/katolicka-gimnazija.hr\/wp-content\/uploads\/2026\/09\/WhatsApp-Image-2026-08-31-at-08.38.39-300x169.jpeg 300w, https:\/\/katolicka-gimnazija.hr\/wp-content\/uploads\/2026\/09\/WhatsApp-Image-2026-08-31-at-08.38.39-1024x576.jpeg 1024w, https:\/\/katolicka-gimnazija.hr\/wp-content\/uploads\/2026\/09\/WhatsApp-Image-2026-08-31-at-08.38.39-768x432.jpeg 768w, https:\/\/katolicka-gimnazija.hr\/wp-content\/uploads\/2026\/09\/WhatsApp-Image-2026-08-31-at-08.38.39-1536x864.jpeg 1536w, https:\/\/katolicka-gimnazija.hr\/wp-content\/uploads\/2026\/09\/WhatsApp-Image-2026-08-31-at-08.38.39-400x225.jpeg 400w, https:\/\/katolicka-gimnazija.hr\/wp-content\/uploads\/2026\/09\/WhatsApp-Image-2026-08-31-at-08.38.39.jpeg 1600w\" sizes=\"auto, (max-width: 300px) 100vw, 300px\" \/><\/a>\n\t\t\t<\/div><\/figure><figure class='gallery-item'>\n\t\t\t<div class='gallery-icon portrait'>\n\t\t\t\t<a href='https:\/\/katolicka-gimnazija.hr\/wp-content\/uploads\/2026\/09\/WhatsApp-Image-2026-08-31-at-08.36.07-1.jpeg'><img loading=\"lazy\" decoding=\"async\" width=\"169\" height=\"300\" src=\"https:\/\/katolicka-gimnazija.hr\/wp-content\/uploads\/2026\/09\/WhatsApp-Image-2026-08-31-at-08.36.07-1-169x300.jpeg\" class=\"attachment-medium size-medium\" alt=\"\" srcset=\"https:\/\/katolicka-gimnazija.hr\/wp-content\/uploads\/2026\/09\/WhatsApp-Image-2026-08-31-at-08.36.07-1-169x300.jpeg 169w, https:\/\/katolicka-gimnazija.hr\/wp-content\/uploads\/2026\/09\/WhatsApp-Image-2026-08-31-at-08.36.07-1-577x1024.jpeg 577w, https:\/\/katolicka-gimnazija.hr\/wp-content\/uploads\/2026\/09\/WhatsApp-Image-2026-08-31-at-08.36.07-1-768x1364.jpeg 768w, https:\/\/katolicka-gimnazija.hr\/wp-content\/uploads\/2026\/09\/WhatsApp-Image-2026-08-31-at-08.36.07-1-865x1536.jpeg 865w, https:\/\/katolicka-gimnazija.hr\/wp-content\/uploads\/2026\/09\/WhatsApp-Image-2026-08-31-at-08.36.07-1.jpeg 1126w\" sizes=\"auto, (max-width: 169px) 100vw, 169px\" \/><\/a>\n\t\t\t<\/div><\/figure><figure class='gallery-item'>\n\t\t\t<div class='gallery-icon portrait'>\n\t\t\t\t<a href='https:\/\/katolicka-gimnazija.hr\/wp-content\/uploads\/2026\/09\/WhatsApp-Image-2026-08-31-at-08.36.04.jpeg'><img loading=\"lazy\" decoding=\"async\" width=\"225\" height=\"300\" src=\"https:\/\/katolicka-gimnazija.hr\/wp-content\/uploads\/2026\/09\/WhatsApp-Image-2026-08-31-at-08.36.04-225x300.jpeg\" class=\"attachment-medium size-medium\" alt=\"\" srcset=\"https:\/\/katolicka-gimnazija.hr\/wp-content\/uploads\/2026\/09\/WhatsApp-Image-2026-08-31-at-08.36.04-225x300.jpeg 225w, https:\/\/katolicka-gimnazija.hr\/wp-content\/uploads\/2026\/09\/WhatsApp-Image-2026-08-31-at-08.36.04-768x1024.jpeg 768w, https:\/\/katolicka-gimnazija.hr\/wp-content\/uploads\/2026\/09\/WhatsApp-Image-2026-08-31-at-08.36.04-1152x1536.jpeg 1152w, https:\/\/katolicka-gimnazija.hr\/wp-content\/uploads\/2026\/09\/WhatsApp-Image-2026-08-31-at-08.36.04.jpeg 1500w\" sizes=\"auto, (max-width: 225px) 100vw, 225px\" \/><\/a>\n\t\t\t<\/div><\/figure><figure class='gallery-item'>\n\t\t\t<div class='gallery-icon portrait'>\n\t\t\t\t<a href='https:\/\/katolicka-gimnazija.hr\/wp-content\/uploads\/2026\/09\/WhatsApp-Image-2026-08-31-at-08.36.08-2.jpeg'><img loading=\"lazy\" decoding=\"async\" width=\"169\" height=\"300\" src=\"https:\/\/katolicka-gimnazija.hr\/wp-content\/uploads\/2026\/09\/WhatsApp-Image-2026-08-31-at-08.36.08-2-169x300.jpeg\" class=\"attachment-medium size-medium\" alt=\"\" srcset=\"https:\/\/katolicka-gimnazija.hr\/wp-content\/uploads\/2026\/09\/WhatsApp-Image-2026-08-31-at-08.36.08-2-169x300.jpeg 169w, https:\/\/katolicka-gimnazija.hr\/wp-content\/uploads\/2026\/09\/WhatsApp-Image-2026-08-31-at-08.36.08-2-577x1024.jpeg 577w, https:\/\/katolicka-gimnazija.hr\/wp-content\/uploads\/2026\/09\/WhatsApp-Image-2026-08-31-at-08.36.08-2-768x1364.jpeg 768w, https:\/\/katolicka-gimnazija.hr\/wp-content\/uploads\/2026\/09\/WhatsApp-Image-2026-08-31-at-08.36.08-2-865x1536.jpeg 865w, https:\/\/katolicka-gimnazija.hr\/wp-content\/uploads\/2026\/09\/WhatsApp-Image-2026-08-31-at-08.36.08-2.jpeg 1126w\" sizes=\"auto, (max-width: 169px) 100vw, 169px\" \/><\/a>\n\t\t\t<\/div><\/figure><figure class='gallery-item'>\n\t\t\t<div class='gallery-icon portrait'>\n\t\t\t\t<a href='https:\/\/katolicka-gimnazija.hr\/wp-content\/uploads\/2026\/09\/WhatsApp-Image-2026-08-31-at-08.36.08-3.jpeg'><img loading=\"lazy\" decoding=\"async\" width=\"169\" height=\"300\" src=\"https:\/\/katolicka-gimnazija.hr\/wp-content\/uploads\/2026\/09\/WhatsApp-Image-2026-08-31-at-08.36.08-3-169x300.jpeg\" class=\"attachment-medium size-medium\" alt=\"\" srcset=\"https:\/\/katolicka-gimnazija.hr\/wp-content\/uploads\/2026\/09\/WhatsApp-Image-2026-08-31-at-08.36.08-3-169x300.jpeg 169w, https:\/\/katolicka-gimnazija.hr\/wp-content\/uploads\/2026\/09\/WhatsApp-Image-2026-08-31-at-08.36.08-3-577x1024.jpeg 577w, https:\/\/katolicka-gimnazija.hr\/wp-content\/uploads\/2026\/09\/WhatsApp-Image-2026-08-31-at-08.36.08-3-768x1364.jpeg 768w, https:\/\/katolicka-gimnazija.hr\/wp-content\/uploads\/2026\/09\/WhatsApp-Image-2026-08-31-at-08.36.08-3-865x1536.jpeg 865w, https:\/\/katolicka-gimnazija.hr\/wp-content\/uploads\/2026\/09\/WhatsApp-Image-2026-08-31-at-08.36.08-3.jpeg 1126w\" sizes=\"auto, (max-width: 169px) 100vw, 169px\" \/><\/a>\n\t\t\t<\/div><\/figure><figure class='gallery-item'>\n\t\t\t<div class='gallery-icon portrait'>\n\t\t\t\t<a href='https:\/\/katolicka-gimnazija.hr\/wp-content\/uploads\/2026\/09\/WhatsApp-Image-2026-08-31-at-08.36.05-1.jpeg'><img loading=\"lazy\" decoding=\"async\" width=\"169\" height=\"300\" src=\"https:\/\/katolicka-gimnazija.hr\/wp-content\/uploads\/2026\/09\/WhatsApp-Image-2026-08-31-at-08.36.05-1-169x300.jpeg\" class=\"attachment-medium size-medium\" alt=\"\" srcset=\"https:\/\/katolicka-gimnazija.hr\/wp-content\/uploads\/2026\/09\/WhatsApp-Image-2026-08-31-at-08.36.05-1-169x300.jpeg 169w, https:\/\/katolicka-gimnazija.hr\/wp-content\/uploads\/2026\/09\/WhatsApp-Image-2026-08-31-at-08.36.05-1-577x1024.jpeg 577w, https:\/\/katolicka-gimnazija.hr\/wp-content\/uploads\/2026\/09\/WhatsApp-Image-2026-08-31-at-08.36.05-1-768x1364.jpeg 768w, https:\/\/katolicka-gimnazija.hr\/wp-content\/uploads\/2026\/09\/WhatsApp-Image-2026-08-31-at-08.36.05-1-865x1536.jpeg 865w, https:\/\/katolicka-gimnazija.hr\/wp-content\/uploads\/2026\/09\/WhatsApp-Image-2026-08-31-at-08.36.05-1.jpeg 1126w\" sizes=\"auto, (max-width: 169px) 100vw, 169px\" \/><\/a>\n\t\t\t<\/div><\/figure><figure class='gallery-item'>\n\t\t\t<div class='gallery-icon portrait'>\n\t\t\t\t<a href='https:\/\/katolicka-gimnazija.hr\/wp-content\/uploads\/2026\/09\/WhatsApp-Image-2026-08-31-at-08.36.08-9.jpeg'><img loading=\"lazy\" decoding=\"async\" width=\"169\" height=\"300\" src=\"https:\/\/katolicka-gimnazija.hr\/wp-content\/uploads\/2026\/09\/WhatsApp-Image-2026-08-31-at-08.36.08-9-169x300.jpeg\" class=\"attachment-medium size-medium\" alt=\"\" srcset=\"https:\/\/katolicka-gimnazija.hr\/wp-content\/uploads\/2026\/09\/WhatsApp-Image-2026-08-31-at-08.36.08-9-169x300.jpeg 169w, https:\/\/katolicka-gimnazija.hr\/wp-content\/uploads\/2026\/09\/WhatsApp-Image-2026-08-31-at-08.36.08-9-577x1024.jpeg 577w, https:\/\/katolicka-gimnazija.hr\/wp-content\/uploads\/2026\/09\/WhatsApp-Image-2026-08-31-at-08.36.08-9-768x1364.jpeg 768w, https:\/\/katolicka-gimnazija.hr\/wp-content\/uploads\/2026\/09\/WhatsApp-Image-2026-08-31-at-08.36.08-9-865x1536.jpeg 865w, https:\/\/katolicka-gimnazija.hr\/wp-content\/uploads\/2026\/09\/WhatsApp-Image-2026-08-31-at-08.36.08-9.jpeg 1126w\" sizes=\"auto, (max-width: 169px) 100vw, 169px\" \/><\/a>\n\t\t\t<\/div><\/figure><figure class='gallery-item'>\n\t\t\t<div class='gallery-icon landscape'>\n\t\t\t\t<a href='https:\/\/katolicka-gimnazija.hr\/wp-content\/uploads\/2026\/09\/WhatsApp-Image-2026-08-31-at-08.36.04-2.jpeg'><img loading=\"lazy\" decoding=\"async\" width=\"300\" height=\"225\" src=\"https:\/\/katolicka-gimnazija.hr\/wp-content\/uploads\/2026\/09\/WhatsApp-Image-2026-08-31-at-08.36.04-2-300x225.jpeg\" class=\"attachment-medium size-medium\" alt=\"\" srcset=\"https:\/\/katolicka-gimnazija.hr\/wp-content\/uploads\/2026\/09\/WhatsApp-Image-2026-08-31-at-08.36.04-2-300x225.jpeg 300w, https:\/\/katolicka-gimnazija.hr\/wp-content\/uploads\/2026\/09\/WhatsApp-Image-2026-08-31-at-08.36.04-2-1024x768.jpeg 1024w, https:\/\/katolicka-gimnazija.hr\/wp-content\/uploads\/2026\/09\/WhatsApp-Image-2026-08-31-at-08.36.04-2-768x576.jpeg 768w, https:\/\/katolicka-gimnazija.hr\/wp-content\/uploads\/2026\/09\/WhatsApp-Image-2026-08-31-at-08.36.04-2-1536x1152.jpeg 1536w, https:\/\/katolicka-gimnazija.hr\/wp-content\/uploads\/2026\/09\/WhatsApp-Image-2026-08-31-at-08.36.04-2-400x300.jpeg 400w, https:\/\/katolicka-gimnazija.hr\/wp-content\/uploads\/2026\/09\/WhatsApp-Image-2026-08-31-at-08.36.04-2.jpeg 2000w\" sizes=\"auto, (max-width: 300px) 100vw, 300px\" \/><\/a>\n\t\t\t<\/div><\/figure><figure class='gallery-item'>\n\t\t\t<div class='gallery-icon portrait'>\n\t\t\t\t<a href='https:\/\/katolicka-gimnazija.hr\/wp-content\/uploads\/2026\/09\/WhatsApp-Image-2026-08-31-at-08.36.07.jpeg'><img loading=\"lazy\" decoding=\"async\" width=\"169\" height=\"300\" src=\"https:\/\/katolicka-gimnazija.hr\/wp-content\/uploads\/2026\/09\/WhatsApp-Image-2026-08-31-at-08.36.07-169x300.jpeg\" class=\"attachment-medium size-medium\" alt=\"\" srcset=\"https:\/\/katolicka-gimnazija.hr\/wp-content\/uploads\/2026\/09\/WhatsApp-Image-2026-08-31-at-08.36.07-169x300.jpeg 169w, https:\/\/katolicka-gimnazija.hr\/wp-content\/uploads\/2026\/09\/WhatsApp-Image-2026-08-31-at-08.36.07-577x1024.jpeg 577w, https:\/\/katolicka-gimnazija.hr\/wp-content\/uploads\/2026\/09\/WhatsApp-Image-2026-08-31-at-08.36.07-768x1364.jpeg 768w, https:\/\/katolicka-gimnazija.hr\/wp-content\/uploads\/2026\/09\/WhatsApp-Image-2026-08-31-at-08.36.07-865x1536.jpeg 865w, https:\/\/katolicka-gimnazija.hr\/wp-content\/uploads\/2026\/09\/WhatsApp-Image-2026-08-31-at-08.36.07.jpeg 1126w\" sizes=\"auto, (max-width: 169px) 100vw, 169px\" \/><\/a>\n\t\t\t<\/div><\/figure><figure class='gallery-item'>\n\t\t\t<div class='gallery-icon portrait'>\n\t\t\t\t<a href='https:\/\/katolicka-gimnazija.hr\/wp-content\/uploads\/2026\/09\/WhatsApp-Image-2026-08-31-at-08.36.08.jpeg'><img loading=\"lazy\" decoding=\"async\" width=\"169\" height=\"300\" src=\"https:\/\/katolicka-gimnazija.hr\/wp-content\/uploads\/2026\/09\/WhatsApp-Image-2026-08-31-at-08.36.08-169x300.jpeg\" class=\"attachment-medium size-medium\" alt=\"\" srcset=\"https:\/\/katolicka-gimnazija.hr\/wp-content\/uploads\/2026\/09\/WhatsApp-Image-2026-08-31-at-08.36.08-169x300.jpeg 169w, https:\/\/katolicka-gimnazija.hr\/wp-content\/uploads\/2026\/09\/WhatsApp-Image-2026-08-31-at-08.36.08-577x1024.jpeg 577w, https:\/\/katolicka-gimnazija.hr\/wp-content\/uploads\/2026\/09\/WhatsApp-Image-2026-08-31-at-08.36.08-768x1364.jpeg 768w, https:\/\/katolicka-gimnazija.hr\/wp-content\/uploads\/2026\/09\/WhatsApp-Image-2026-08-31-at-08.36.08-865x1536.jpeg 865w, https:\/\/katolicka-gimnazija.hr\/wp-content\/uploads\/2026\/09\/WhatsApp-Image-2026-08-31-at-08.36.08.jpeg 1126w\" sizes=\"auto, (max-width: 169px) 100vw, 169px\" \/><\/a>\n\t\t\t<\/div><\/figure><figure class='gallery-item'>\n\t\t\t<div class='gallery-icon portrait'>\n\t\t\t\t<a href='https:\/\/katolicka-gimnazija.hr\/wp-content\/uploads\/2026\/09\/WhatsApp-Image-2026-08-31-at-08.36.08-1.jpeg'><img loading=\"lazy\" decoding=\"async\" width=\"169\" height=\"300\" src=\"https:\/\/katolicka-gimnazija.hr\/wp-content\/uploads\/2026\/09\/WhatsApp-Image-2026-08-31-at-08.36.08-1-169x300.jpeg\" class=\"attachment-medium size-medium\" alt=\"\" srcset=\"https:\/\/katolicka-gimnazija.hr\/wp-content\/uploads\/2026\/09\/WhatsApp-Image-2026-08-31-at-08.36.08-1-169x300.jpeg 169w, https:\/\/katolicka-gimnazija.hr\/wp-content\/uploads\/2026\/09\/WhatsApp-Image-2026-08-31-at-08.36.08-1-577x1024.jpeg 577w, https:\/\/katolicka-gimnazija.hr\/wp-content\/uploads\/2026\/09\/WhatsApp-Image-2026-08-31-at-08.36.08-1-768x1364.jpeg 768w, https:\/\/katolicka-gimnazija.hr\/wp-content\/uploads\/2026\/09\/WhatsApp-Image-2026-08-31-at-08.36.08-1-865x1536.jpeg 865w, https:\/\/katolicka-gimnazija.hr\/wp-content\/uploads\/2026\/09\/WhatsApp-Image-2026-08-31-at-08.36.08-1.jpeg 1126w\" sizes=\"auto, (max-width: 169px) 100vw, 169px\" \/><\/a>\n\t\t\t<\/div><\/figure><figure class='gallery-item'>\n\t\t\t<div class='gallery-icon portrait'>\n\t\t\t\t<a href='https:\/\/katolicka-gimnazija.hr\/wp-content\/uploads\/2026\/09\/WhatsApp-Image-2026-08-31-at-08.36.04-1.jpeg'><img loading=\"lazy\" decoding=\"async\" width=\"169\" height=\"300\" src=\"https:\/\/katolicka-gimnazija.hr\/wp-content\/uploads\/2026\/09\/WhatsApp-Image-2026-08-31-at-08.36.04-1-169x300.jpeg\" class=\"attachment-medium size-medium\" alt=\"\" srcset=\"https:\/\/katolicka-gimnazija.hr\/wp-content\/uploads\/2026\/09\/WhatsApp-Image-2026-08-31-at-08.36.04-1-169x300.jpeg 169w, https:\/\/katolicka-gimnazija.hr\/wp-content\/uploads\/2026\/09\/WhatsApp-Image-2026-08-31-at-08.36.04-1-577x1024.jpeg 577w, https:\/\/katolicka-gimnazija.hr\/wp-content\/uploads\/2026\/09\/WhatsApp-Image-2026-08-31-at-08.36.04-1-768x1364.jpeg 768w, https:\/\/katolicka-gimnazija.hr\/wp-content\/uploads\/2026\/09\/WhatsApp-Image-2026-08-31-at-08.36.04-1-865x1536.jpeg 865w, https:\/\/katolicka-gimnazija.hr\/wp-content\/uploads\/2026\/09\/WhatsApp-Image-2026-08-31-at-08.36.04-1.jpeg 1126w\" sizes=\"auto, (max-width: 169px) 100vw, 169px\" \/><\/a>\n\t\t\t<\/div><\/figure>\n\t\t<\/div>\n\n<p>&nbsp;<\/p>\n","protected":false},"excerpt":{"rendered":"<p>Ima li ljep\u0161ega na\u010dina za jednoga kr\u0161\u0107anina\/kr\u0161\u0107anku jednu \u0161kolsku godinu zavr\u0161iti, a drugu zapo\u010deti zahvalnim hodo\u010da\u0161\u0107em? Naravno da je to retori\u010dko pitanje i naravno da bi se netko sjetio mo\u017eda nekog drugog na\u010dina, ali mi smo se dr\u017eali one stare &#8211; bolje da izumre \u0161kola nego obi\u010daj! I sve \u0161to smo zadnjih desetak godina ba\u0161tinili, [&hellip;]<\/p>\n","protected":false},"author":2,"featured_media":38582,"comment_status":"closed","ping_status":"closed","sticky":false,"template":"","format":"standard","meta":{"footnotes":""},"categories":[207,4,213,2],"tags":[],"class_list":["post-38580","post","type-post","status-publish","format-standard","has-post-thumbnail","hentry","category-duhovno","category-fotogalerije","category-putovanja","category-vijesti"],"_links":{"self":[{"href":"https:\/\/katolicka-gimnazija.hr\/index.php\/wp-json\/wp\/v2\/posts\/38580","targetHints":{"allow":["GET"]}}],"collection":[{"href":"https:\/\/katolicka-gimnazija.hr\/index.php\/wp-json\/wp\/v2\/posts"}],"about":[{"href":"https:\/\/katolicka-gimnazija.hr\/index.php\/wp-json\/wp\/v2\/types\/post"}],"author":[{"embeddable":true,"href":"https:\/\/katolicka-gimnazija.hr\/index.php\/wp-json\/wp\/v2\/users\/2"}],"replies":[{"embeddable":true,"href":"https:\/\/katolicka-gimnazija.hr\/index.php\/wp-json\/wp\/v2\/comments?post=38580"}],"version-history":[{"count":2,"href":"https:\/\/katolicka-gimnazija.hr\/index.php\/wp-json\/wp\/v2\/posts\/38580\/revisions"}],"predecessor-version":[{"id":38600,"href":"https:\/\/katolicka-gimnazija.hr\/index.php\/wp-json\/wp\/v2\/posts\/38580\/revisions\/38600"}],"wp:featuredmedia":[{"embeddable":true,"href":"https:\/\/katolicka-gimnazija.hr\/index.php\/wp-json\/wp\/v2\/media\/38582"}],"wp:attachment":[{"href":"https:\/\/katolicka-gimnazija.hr\/index.php\/wp-json\/wp\/v2\/media?parent=38580"}],"wp:term":[{"taxonomy":"category","embeddable":true,"href":"https:\/\/katolicka-gimnazija.hr\/index.php\/wp-json\/wp\/v2\/categories?post=38580"},{"taxonomy":"post_tag","embeddable":true,"href":"https:\/\/katolicka-gimnazija.hr\/index.php\/wp-json\/wp\/v2\/tags?post=38580"}],"curies":[{"name":"wp","href":"https:\/\/api.w.org\/{rel}","templated":true}]}}