{"id":38601,"date":"2026-09-04T09:03:40","date_gmt":"2026-09-04T07:03:40","guid":{"rendered":"https:\/\/katolicka-gimnazija.hr\/?p=38601"},"modified":"2026-09-04T09:04:25","modified_gmt":"2026-09-04T07:04:25","slug":"dragi-ucenici-duc-in-altum","status":"publish","type":"post","link":"https:\/\/katolicka-gimnazija.hr\/index.php\/2026\/09\/04\/dragi-ucenici-duc-in-altum\/","title":{"rendered":"Dragi u\u010denici, duc in altum!"},"content":{"rendered":"<p>Dragi u\u010denici!<br \/>\nNastava za u\u010denike po\u010dinje 7. rujna u 8.00 h.<br \/>\nU\u010denici prvih razreda okupljaju se u kabinetu gdje \u0107e ih do\u010dekati razrednice, a u\u010denici ostalih razreda u svojim razredima. Raspored nastave bit \u0107e objavljen prvi dan nastave.<\/p>\n<p>Raspored u\u010dionica na drugom katu.<\/p>\n<table style=\"height: 319px;\" width=\"821\">\n<tbody>\n<tr>\n<td width=\"90\">1A (14)<\/p>\n<p>Pr\u0161a<\/td>\n<td width=\"90\">1B (12)<\/p>\n<p>Soldo Obu\u0107ina<\/td>\n<td width=\"90\">2A<\/p>\n<p>Tonkovi\u0107<\/td>\n<td width=\"90\">2B<\/p>\n<p>Budi\u0107<\/td>\n<td width=\"90\">3B<\/p>\n<p>Ragu\u017e<\/td>\n<td width=\"90\">3A<\/p>\n<p>Grgi\u0107 Mate\u0161i\u0107<\/td>\n<td width=\"90\">KABINET<\/p>\n<p>&nbsp;<\/td>\n<\/tr>\n<tr>\n<td colspan=\"6\" rowspan=\"2\" width=\"539\"><\/td>\n<td width=\"90\">4a (12)<\/p>\n<p>Franji\u0107<\/td>\n<\/tr>\n<tr>\n<td width=\"90\">4B (26)<\/p>\n<p>Zovko<\/td>\n<\/tr>\n<\/tbody>\n<\/table>\n","protected":false},"excerpt":{"rendered":"<p>Dragi u\u010denici! Nastava za u\u010denike po\u010dinje 7. rujna u 8.00 h. U\u010denici prvih razreda okupljaju se u kabinetu gdje \u0107e ih do\u010dekati razrednice, a u\u010denici ostalih razreda u svojim razredima. Raspored nastave bit \u0107e objavljen prvi dan nastave. Raspored u\u010dionica na drugom katu. 1A (14) Pr\u0161a 1B (12) Soldo Obu\u0107ina 2A Tonkovi\u0107 2B Budi\u0107 3B [&hellip;]<\/p>\n","protected":false},"author":28,"featured_media":38603,"comment_status":"closed","ping_status":"closed","sticky":false,"template":"","format":"standard","meta":{"footnotes":""},"categories":[3,211,2],"tags":[],"class_list":["post-38601","post","type-post","status-publish","format-standard","has-post-thumbnail","hentry","category-obavijesti","category-predavanja","category-vijesti"],"_links":{"self":[{"href":"https:\/\/katolicka-gimnazija.hr\/index.php\/wp-json\/wp\/v2\/posts\/38601","targetHints":{"allow":["GET"]}}],"collection":[{"href":"https:\/\/katolicka-gimnazija.hr\/index.php\/wp-json\/wp\/v2\/posts"}],"about":[{"href":"https:\/\/katolicka-gimnazija.hr\/index.php\/wp-json\/wp\/v2\/types\/post"}],"author":[{"embeddable":true,"href":"https:\/\/katolicka-gimnazija.hr\/index.php\/wp-json\/wp\/v2\/users\/28"}],"replies":[{"embeddable":true,"href":"https:\/\/katolicka-gimnazija.hr\/index.php\/wp-json\/wp\/v2\/comments?post=38601"}],"version-history":[{"count":1,"href":"https:\/\/katolicka-gimnazija.hr\/index.php\/wp-json\/wp\/v2\/posts\/38601\/revisions"}],"predecessor-version":[{"id":38604,"href":"https:\/\/katolicka-gimnazija.hr\/index.php\/wp-json\/wp\/v2\/posts\/38601\/revisions\/38604"}],"wp:featuredmedia":[{"embeddable":true,"href":"https:\/\/katolicka-gimnazija.hr\/index.php\/wp-json\/wp\/v2\/media\/38603"}],"wp:attachment":[{"href":"https:\/\/katolicka-gimnazija.hr\/index.php\/wp-json\/wp\/v2\/media?parent=38601"}],"wp:term":[{"taxonomy":"category","embeddable":true,"href":"https:\/\/katolicka-gimnazija.hr\/index.php\/wp-json\/wp\/v2\/categories?post=38601"},{"taxonomy":"post_tag","embeddable":true,"href":"https:\/\/katolicka-gimnazija.hr\/index.php\/wp-json\/wp\/v2\/tags?post=38601"}],"curies":[{"name":"wp","href":"https:\/\/api.w.org\/{rel}","templated":true}]}}