{"id":3964,"date":"2016-03-04T07:13:36","date_gmt":"2016-03-04T07:13:36","guid":{"rendered":"http:\/\/katolicka-gimnazija.hr\/?p=3964"},"modified":"2018-12-28T14:31:08","modified_gmt":"2018-12-28T14:31:08","slug":"turnir-nisi-sam-na-radijskog-postaji-sundset-pozega","status":"publish","type":"post","link":"https:\/\/katolicka-gimnazija.hr\/index.php\/2016\/03\/04\/turnir-nisi-sam-na-radijskog-postaji-sundset-pozega\/","title":{"rendered":"Turnir &#8220;Nisi sam&#8221; na radijskoj postaji Sundset Po\u017eega"},"content":{"rendered":"<p><img loading=\"lazy\" decoding=\"async\" class=\"alignleft size-medium wp-image-3965\" src=\"http:\/\/katolicka-gimnazija.hr\/wp-content\/uploads\/2016\/03\/soundset-Po\u017eega-300x300.jpg\" alt=\"Soundset Po\u017eega\" width=\"300\" height=\"300\" srcset=\"https:\/\/katolicka-gimnazija.hr\/wp-content\/uploads\/2016\/03\/soundset-Po\u017eega-300x300.jpg 300w, https:\/\/katolicka-gimnazija.hr\/wp-content\/uploads\/2016\/03\/soundset-Po\u017eega-150x150.jpg 150w, https:\/\/katolicka-gimnazija.hr\/wp-content\/uploads\/2016\/03\/soundset-Po\u017eega-360x360.jpg 360w, https:\/\/katolicka-gimnazija.hr\/wp-content\/uploads\/2016\/03\/soundset-Po\u017eega-400x400.jpg 400w, https:\/\/katolicka-gimnazija.hr\/wp-content\/uploads\/2016\/03\/soundset-Po\u017eega-430x430.jpg 430w, https:\/\/katolicka-gimnazija.hr\/wp-content\/uploads\/2016\/03\/soundset-Po\u017eega-100x100.jpg 100w, https:\/\/katolicka-gimnazija.hr\/wp-content\/uploads\/2016\/03\/soundset-Po\u017eega.jpg 531w\" sizes=\"auto, (max-width: 300px) 100vw, 300px\" \/><br \/>\nU organizaciji Katoli\u010dke gimnazije, pod vodstvom prof. Maria Ragu\u017ea, u subotu 5. o\u017eujka odr\u017eava se ve\u0107 tradicionalni humanitarni malonogometni turnir \u201cNisi sam\u201d. Turnir koji \u0107e se odigrati u sportskoj dvorani Tomislav Pirc u Po\u017eegi, zapo\u010dinje u 7,30 i traje do 16 sati. Sva prikupljena sredstva na turniru namijenjena su za pomo\u0107 Stjepanu Sege\u010di\u0107u.<br \/>\nOva\u00a0hvale vrijedna inicijativa Katoli\u010dke gimnazije i Po\u017ee\u0161ke biskupije dobila je i medijsku podr\u0161ku po\u017ee\u0161ke radijske postaje Soundset. U kratkom intervjuu organizacijski odbor u\u010denika i prof. Ragu\u017e dobili su priliku detaljnije informirati i jo\u0161 jednom pozvati sve gra\u0111ane da se uklju\u010de i podr\u017ee humanitarni malonogometni turnir.<\/p>\n<p>&nbsp;<\/p>\n<p>Zahvaljuju\u0107i redakciji radijske postaje <strong>intervju u cijelosti po\u017eete poslu\u0161ati ovdje.<\/strong><\/p>\n<div class=\"su-audio\" data-id=\"su_audio_player_69f0e0c5b1d10\" data-audio=\"http:\/\/katolicka-gimnazija.hr\/wp-content\/uploads\/2016\/03\/Soundset-intervju-KG.3gpp\" data-swf=\"https:\/\/katolicka-gimnazija.hr\/wp-content\/plugins\/shortcodes-ultimate\/vendor\/jplayer\/jplayer.swf\" data-autoplay=\"no\" data-loop=\"no\" style=\"\"><div id=\"su_audio_player_69f0e0c5b1d10\" class=\"jp-jplayer\"><\/div><div id=\"su_audio_player_69f0e0c5b1d10_container\" class=\"jp-audio\"><div class=\"jp-type-single\"><div class=\"jp-gui jp-interface\"><div class=\"jp-controls\"><span class=\"jp-play\"><\/span><span class=\"jp-pause\"><\/span><span class=\"jp-stop\"><\/span><span class=\"jp-mute\"><\/span><span class=\"jp-unmute\"><\/span><span class=\"jp-volume-max\"><\/span><\/div><div class=\"jp-progress\"><div class=\"jp-seek-bar\"><div class=\"jp-play-bar\"><\/div><\/div><\/div><div class=\"jp-volume-bar\"><div class=\"jp-volume-bar-value\"><\/div><\/div><div class=\"jp-current-time\"><\/div><div class=\"jp-duration\"><\/div><\/div><div class=\"jp-title\"><\/div><\/div><\/div><\/div>\n","protected":false},"excerpt":{"rendered":"<p>U organizaciji Katoli\u010dke gimnazije, pod vodstvom prof. Maria Ragu\u017ea, u subotu 5. o\u017eujka odr\u017eava se ve\u0107 tradicionalni humanitarni malonogometni turnir \u201cNisi sam\u201d. Turnir koji \u0107e se odigrati u sportskoj dvorani Tomislav Pirc u Po\u017eegi, zapo\u010dinje u 7,30 i traje do 16 sati. Sva prikupljena sredstva na turniru namijenjena su za pomo\u0107 Stjepanu Sege\u010di\u0107u. Ova\u00a0hvale vrijedna [&hellip;]<\/p>\n","protected":false},"author":1,"featured_media":3965,"comment_status":"closed","ping_status":"closed","sticky":false,"template":"","format":"standard","meta":{"footnotes":""},"categories":[2],"tags":[],"class_list":["post-3964","post","type-post","status-publish","format-standard","has-post-thumbnail","hentry","category-vijesti"],"_links":{"self":[{"href":"https:\/\/katolicka-gimnazija.hr\/index.php\/wp-json\/wp\/v2\/posts\/3964","targetHints":{"allow":["GET"]}}],"collection":[{"href":"https:\/\/katolicka-gimnazija.hr\/index.php\/wp-json\/wp\/v2\/posts"}],"about":[{"href":"https:\/\/katolicka-gimnazija.hr\/index.php\/wp-json\/wp\/v2\/types\/post"}],"author":[{"embeddable":true,"href":"https:\/\/katolicka-gimnazija.hr\/index.php\/wp-json\/wp\/v2\/users\/1"}],"replies":[{"embeddable":true,"href":"https:\/\/katolicka-gimnazija.hr\/index.php\/wp-json\/wp\/v2\/comments?post=3964"}],"version-history":[{"count":7,"href":"https:\/\/katolicka-gimnazija.hr\/index.php\/wp-json\/wp\/v2\/posts\/3964\/revisions"}],"predecessor-version":[{"id":15091,"href":"https:\/\/katolicka-gimnazija.hr\/index.php\/wp-json\/wp\/v2\/posts\/3964\/revisions\/15091"}],"wp:featuredmedia":[{"embeddable":true,"href":"https:\/\/katolicka-gimnazija.hr\/index.php\/wp-json\/wp\/v2\/media\/3965"}],"wp:attachment":[{"href":"https:\/\/katolicka-gimnazija.hr\/index.php\/wp-json\/wp\/v2\/media?parent=3964"}],"wp:term":[{"taxonomy":"category","embeddable":true,"href":"https:\/\/katolicka-gimnazija.hr\/index.php\/wp-json\/wp\/v2\/categories?post=3964"},{"taxonomy":"post_tag","embeddable":true,"href":"https:\/\/katolicka-gimnazija.hr\/index.php\/wp-json\/wp\/v2\/tags?post=3964"}],"curies":[{"name":"wp","href":"https:\/\/api.w.org\/{rel}","templated":true}]}}