{"id":4231,"date":"2016-03-10T08:19:22","date_gmt":"2016-03-10T08:19:22","guid":{"rendered":"http:\/\/katolicka-gimnazija.hr\/?p=4231"},"modified":"2018-12-28T14:30:03","modified_gmt":"2018-12-28T14:30:03","slug":"maturanti-spasavaju","status":"publish","type":"post","link":"https:\/\/katolicka-gimnazija.hr\/index.php\/2016\/03\/10\/maturanti-spasavaju\/","title":{"rendered":"Jedna du\u0161a u dva tijela"},"content":{"rendered":"<p>Pod vodstvom prof. Frane Bari\u0161i\u0107a i ovogodi\u0161nji su maturanti iskoristili privilegiju punoljetnosti kako bi\u00a0pomogli drugima i to\u00a0darivanjem krvi. Krv je jedina teku\u0107ina koja se ne mo\u017ee stvoriti umjetnim putem, ve\u0107 njene zalihe ovise upravo o dobrovoljnim darivateljima krvi. U Po\u017eegi darivanje krvi organizira Crveni kri\u017e u suradnji s Hrvatskim zavodom za transfuzijsku medicinu iz kultne Petrove 3. Sve o darivanju krvi mo\u017eete saznati upravo na njihovim stranicama www.hztm.hr. I ove godine na\u0161a \u0161kola iznjedrila je nekoliko novih darivateljica i darivatelja s kojima se ponosimo kao i sa svima onima koji su nakon srednjo\u0161kolskih dana nastavili darivati krv u gradovima u kojima su nastavili \u0161kolovanje.<\/p>\n<div id='gallery-1' class='gallery galleryid-4231 gallery-columns-3 gallery-size-medium'><figure class='gallery-item'>\n\t\t\t<div class='gallery-icon portrait'>\n\t\t\t\t<a href='https:\/\/katolicka-gimnazija.hr\/wp-content\/uploads\/2016\/03\/1025931_10208746660528116_427179685402214956_o.jpg'><img loading=\"lazy\" decoding=\"async\" width=\"169\" height=\"300\" src=\"https:\/\/katolicka-gimnazija.hr\/wp-content\/uploads\/2016\/03\/1025931_10208746660528116_427179685402214956_o-169x300.jpg\" class=\"attachment-medium size-medium\" alt=\"\" srcset=\"https:\/\/katolicka-gimnazija.hr\/wp-content\/uploads\/2016\/03\/1025931_10208746660528116_427179685402214956_o-169x300.jpg 169w, https:\/\/katolicka-gimnazija.hr\/wp-content\/uploads\/2016\/03\/1025931_10208746660528116_427179685402214956_o-768x1365.jpg 768w, https:\/\/katolicka-gimnazija.hr\/wp-content\/uploads\/2016\/03\/1025931_10208746660528116_427179685402214956_o-576x1024.jpg 576w, https:\/\/katolicka-gimnazija.hr\/wp-content\/uploads\/2016\/03\/1025931_10208746660528116_427179685402214956_o-360x640.jpg 360w, https:\/\/katolicka-gimnazija.hr\/wp-content\/uploads\/2016\/03\/1025931_10208746660528116_427179685402214956_o-750x1333.jpg 750w, https:\/\/katolicka-gimnazija.hr\/wp-content\/uploads\/2016\/03\/1025931_10208746660528116_427179685402214956_o-400x711.jpg 400w, https:\/\/katolicka-gimnazija.hr\/wp-content\/uploads\/2016\/03\/1025931_10208746660528116_427179685402214956_o-430x764.jpg 430w, https:\/\/katolicka-gimnazija.hr\/wp-content\/uploads\/2016\/03\/1025931_10208746660528116_427179685402214956_o-150x267.jpg 150w, https:\/\/katolicka-gimnazija.hr\/wp-content\/uploads\/2016\/03\/1025931_10208746660528116_427179685402214956_o-100x178.jpg 100w, https:\/\/katolicka-gimnazija.hr\/wp-content\/uploads\/2016\/03\/1025931_10208746660528116_427179685402214956_o.jpg 1152w\" sizes=\"auto, (max-width: 169px) 100vw, 169px\" \/><\/a>\n\t\t\t<\/div><\/figure><figure class='gallery-item'>\n\t\t\t<div class='gallery-icon landscape'>\n\t\t\t\t<a href='https:\/\/katolicka-gimnazija.hr\/wp-content\/uploads\/2016\/03\/12828487_10208746487643794_8390498099960197920_o.jpg'><img loading=\"lazy\" decoding=\"async\" width=\"300\" height=\"169\" src=\"https:\/\/katolicka-gimnazija.hr\/wp-content\/uploads\/2016\/03\/12828487_10208746487643794_8390498099960197920_o-300x169.jpg\" class=\"attachment-medium size-medium\" alt=\"\" srcset=\"https:\/\/katolicka-gimnazija.hr\/wp-content\/uploads\/2016\/03\/12828487_10208746487643794_8390498099960197920_o-300x169.jpg 300w, https:\/\/katolicka-gimnazija.hr\/wp-content\/uploads\/2016\/03\/12828487_10208746487643794_8390498099960197920_o-768x432.jpg 768w, https:\/\/katolicka-gimnazija.hr\/wp-content\/uploads\/2016\/03\/12828487_10208746487643794_8390498099960197920_o-1024x576.jpg 1024w, https:\/\/katolicka-gimnazija.hr\/wp-content\/uploads\/2016\/03\/12828487_10208746487643794_8390498099960197920_o-360x203.jpg 360w, https:\/\/katolicka-gimnazija.hr\/wp-content\/uploads\/2016\/03\/12828487_10208746487643794_8390498099960197920_o-750x422.jpg 750w, https:\/\/katolicka-gimnazija.hr\/wp-content\/uploads\/2016\/03\/12828487_10208746487643794_8390498099960197920_o-400x225.jpg 400w, https:\/\/katolicka-gimnazija.hr\/wp-content\/uploads\/2016\/03\/12828487_10208746487643794_8390498099960197920_o-430x242.jpg 430w, https:\/\/katolicka-gimnazija.hr\/wp-content\/uploads\/2016\/03\/12828487_10208746487643794_8390498099960197920_o-150x84.jpg 150w, https:\/\/katolicka-gimnazija.hr\/wp-content\/uploads\/2016\/03\/12828487_10208746487643794_8390498099960197920_o-100x56.jpg 100w, https:\/\/katolicka-gimnazija.hr\/wp-content\/uploads\/2016\/03\/12828487_10208746487643794_8390498099960197920_o.jpg 2048w\" sizes=\"auto, (max-width: 300px) 100vw, 300px\" \/><\/a>\n\t\t\t<\/div><\/figure><figure class='gallery-item'>\n\t\t\t<div class='gallery-icon landscape'>\n\t\t\t\t<a href='https:\/\/katolicka-gimnazija.hr\/wp-content\/uploads\/2016\/03\/11155079_10208746565285735_805723602827607016_o.jpg'><img loading=\"lazy\" decoding=\"async\" width=\"300\" height=\"169\" src=\"https:\/\/katolicka-gimnazija.hr\/wp-content\/uploads\/2016\/03\/11155079_10208746565285735_805723602827607016_o-300x169.jpg\" class=\"attachment-medium size-medium\" alt=\"\" srcset=\"https:\/\/katolicka-gimnazija.hr\/wp-content\/uploads\/2016\/03\/11155079_10208746565285735_805723602827607016_o-300x169.jpg 300w, https:\/\/katolicka-gimnazija.hr\/wp-content\/uploads\/2016\/03\/11155079_10208746565285735_805723602827607016_o-768x432.jpg 768w, https:\/\/katolicka-gimnazija.hr\/wp-content\/uploads\/2016\/03\/11155079_10208746565285735_805723602827607016_o-1024x576.jpg 1024w, https:\/\/katolicka-gimnazija.hr\/wp-content\/uploads\/2016\/03\/11155079_10208746565285735_805723602827607016_o-360x203.jpg 360w, https:\/\/katolicka-gimnazija.hr\/wp-content\/uploads\/2016\/03\/11155079_10208746565285735_805723602827607016_o-750x422.jpg 750w, https:\/\/katolicka-gimnazija.hr\/wp-content\/uploads\/2016\/03\/11155079_10208746565285735_805723602827607016_o-400x225.jpg 400w, https:\/\/katolicka-gimnazija.hr\/wp-content\/uploads\/2016\/03\/11155079_10208746565285735_805723602827607016_o-430x242.jpg 430w, https:\/\/katolicka-gimnazija.hr\/wp-content\/uploads\/2016\/03\/11155079_10208746565285735_805723602827607016_o-150x84.jpg 150w, https:\/\/katolicka-gimnazija.hr\/wp-content\/uploads\/2016\/03\/11155079_10208746565285735_805723602827607016_o-100x56.jpg 100w, https:\/\/katolicka-gimnazija.hr\/wp-content\/uploads\/2016\/03\/11155079_10208746565285735_805723602827607016_o.jpg 2048w\" sizes=\"auto, (max-width: 300px) 100vw, 300px\" \/><\/a>\n\t\t\t<\/div><\/figure><figure class='gallery-item'>\n\t\t\t<div class='gallery-icon landscape'>\n\t\t\t\t<a href='https:\/\/katolicka-gimnazija.hr\/wp-content\/uploads\/2016\/03\/12819420_10208746465763247_3483593406519308336_o.jpg'><img loading=\"lazy\" decoding=\"async\" width=\"300\" height=\"169\" src=\"https:\/\/katolicka-gimnazija.hr\/wp-content\/uploads\/2016\/03\/12819420_10208746465763247_3483593406519308336_o-300x169.jpg\" class=\"attachment-medium size-medium\" alt=\"\" srcset=\"https:\/\/katolicka-gimnazija.hr\/wp-content\/uploads\/2016\/03\/12819420_10208746465763247_3483593406519308336_o-300x169.jpg 300w, https:\/\/katolicka-gimnazija.hr\/wp-content\/uploads\/2016\/03\/12819420_10208746465763247_3483593406519308336_o-768x432.jpg 768w, https:\/\/katolicka-gimnazija.hr\/wp-content\/uploads\/2016\/03\/12819420_10208746465763247_3483593406519308336_o-1024x576.jpg 1024w, https:\/\/katolicka-gimnazija.hr\/wp-content\/uploads\/2016\/03\/12819420_10208746465763247_3483593406519308336_o-360x203.jpg 360w, https:\/\/katolicka-gimnazija.hr\/wp-content\/uploads\/2016\/03\/12819420_10208746465763247_3483593406519308336_o-750x422.jpg 750w, https:\/\/katolicka-gimnazija.hr\/wp-content\/uploads\/2016\/03\/12819420_10208746465763247_3483593406519308336_o-400x225.jpg 400w, https:\/\/katolicka-gimnazija.hr\/wp-content\/uploads\/2016\/03\/12819420_10208746465763247_3483593406519308336_o-430x242.jpg 430w, https:\/\/katolicka-gimnazija.hr\/wp-content\/uploads\/2016\/03\/12819420_10208746465763247_3483593406519308336_o-150x84.jpg 150w, https:\/\/katolicka-gimnazija.hr\/wp-content\/uploads\/2016\/03\/12819420_10208746465763247_3483593406519308336_o-100x56.jpg 100w, https:\/\/katolicka-gimnazija.hr\/wp-content\/uploads\/2016\/03\/12819420_10208746465763247_3483593406519308336_o.jpg 2048w\" sizes=\"auto, (max-width: 300px) 100vw, 300px\" \/><\/a>\n\t\t\t<\/div><\/figure><figure class='gallery-item'>\n\t\t\t<div class='gallery-icon portrait'>\n\t\t\t\t<a href='https:\/\/katolicka-gimnazija.hr\/wp-content\/uploads\/2016\/03\/12783686_10208746590486365_2225097622395337814_o.jpg'><img loading=\"lazy\" decoding=\"async\" width=\"169\" height=\"300\" src=\"https:\/\/katolicka-gimnazija.hr\/wp-content\/uploads\/2016\/03\/12783686_10208746590486365_2225097622395337814_o-169x300.jpg\" class=\"attachment-medium size-medium\" alt=\"\" srcset=\"https:\/\/katolicka-gimnazija.hr\/wp-content\/uploads\/2016\/03\/12783686_10208746590486365_2225097622395337814_o-169x300.jpg 169w, https:\/\/katolicka-gimnazija.hr\/wp-content\/uploads\/2016\/03\/12783686_10208746590486365_2225097622395337814_o-768x1365.jpg 768w, https:\/\/katolicka-gimnazija.hr\/wp-content\/uploads\/2016\/03\/12783686_10208746590486365_2225097622395337814_o-576x1024.jpg 576w, https:\/\/katolicka-gimnazija.hr\/wp-content\/uploads\/2016\/03\/12783686_10208746590486365_2225097622395337814_o-360x640.jpg 360w, https:\/\/katolicka-gimnazija.hr\/wp-content\/uploads\/2016\/03\/12783686_10208746590486365_2225097622395337814_o-750x1333.jpg 750w, https:\/\/katolicka-gimnazija.hr\/wp-content\/uploads\/2016\/03\/12783686_10208746590486365_2225097622395337814_o-400x711.jpg 400w, https:\/\/katolicka-gimnazija.hr\/wp-content\/uploads\/2016\/03\/12783686_10208746590486365_2225097622395337814_o-430x764.jpg 430w, https:\/\/katolicka-gimnazija.hr\/wp-content\/uploads\/2016\/03\/12783686_10208746590486365_2225097622395337814_o-150x267.jpg 150w, https:\/\/katolicka-gimnazija.hr\/wp-content\/uploads\/2016\/03\/12783686_10208746590486365_2225097622395337814_o-100x178.jpg 100w, https:\/\/katolicka-gimnazija.hr\/wp-content\/uploads\/2016\/03\/12783686_10208746590486365_2225097622395337814_o.jpg 1152w\" sizes=\"auto, (max-width: 169px) 100vw, 169px\" \/><\/a>\n\t\t\t<\/div><\/figure><figure class='gallery-item'>\n\t\t\t<div class='gallery-icon portrait'>\n\t\t\t\t<a href='https:\/\/katolicka-gimnazija.hr\/wp-content\/uploads\/2016\/03\/12795181_10208746653887950_4548076898356722293_o.jpg'><img loading=\"lazy\" decoding=\"async\" width=\"169\" height=\"300\" src=\"https:\/\/katolicka-gimnazija.hr\/wp-content\/uploads\/2016\/03\/12795181_10208746653887950_4548076898356722293_o-169x300.jpg\" class=\"attachment-medium size-medium\" alt=\"\" srcset=\"https:\/\/katolicka-gimnazija.hr\/wp-content\/uploads\/2016\/03\/12795181_10208746653887950_4548076898356722293_o-169x300.jpg 169w, https:\/\/katolicka-gimnazija.hr\/wp-content\/uploads\/2016\/03\/12795181_10208746653887950_4548076898356722293_o-768x1365.jpg 768w, https:\/\/katolicka-gimnazija.hr\/wp-content\/uploads\/2016\/03\/12795181_10208746653887950_4548076898356722293_o-576x1024.jpg 576w, https:\/\/katolicka-gimnazija.hr\/wp-content\/uploads\/2016\/03\/12795181_10208746653887950_4548076898356722293_o-360x640.jpg 360w, https:\/\/katolicka-gimnazija.hr\/wp-content\/uploads\/2016\/03\/12795181_10208746653887950_4548076898356722293_o-750x1333.jpg 750w, https:\/\/katolicka-gimnazija.hr\/wp-content\/uploads\/2016\/03\/12795181_10208746653887950_4548076898356722293_o-400x711.jpg 400w, https:\/\/katolicka-gimnazija.hr\/wp-content\/uploads\/2016\/03\/12795181_10208746653887950_4548076898356722293_o-430x764.jpg 430w, https:\/\/katolicka-gimnazija.hr\/wp-content\/uploads\/2016\/03\/12795181_10208746653887950_4548076898356722293_o-150x267.jpg 150w, https:\/\/katolicka-gimnazija.hr\/wp-content\/uploads\/2016\/03\/12795181_10208746653887950_4548076898356722293_o-100x178.jpg 100w, https:\/\/katolicka-gimnazija.hr\/wp-content\/uploads\/2016\/03\/12795181_10208746653887950_4548076898356722293_o.jpg 1152w\" sizes=\"auto, (max-width: 169px) 100vw, 169px\" \/><\/a>\n\t\t\t<\/div><\/figure><figure class='gallery-item'>\n\t\t\t<div class='gallery-icon portrait'>\n\t\t\t\t<a href='https:\/\/katolicka-gimnazija.hr\/wp-content\/uploads\/2016\/03\/12792162_10208746571205883_2264080172489311230_o.jpg'><img loading=\"lazy\" decoding=\"async\" width=\"169\" height=\"300\" src=\"https:\/\/katolicka-gimnazija.hr\/wp-content\/uploads\/2016\/03\/12792162_10208746571205883_2264080172489311230_o-169x300.jpg\" class=\"attachment-medium size-medium\" alt=\"\" srcset=\"https:\/\/katolicka-gimnazija.hr\/wp-content\/uploads\/2016\/03\/12792162_10208746571205883_2264080172489311230_o-169x300.jpg 169w, https:\/\/katolicka-gimnazija.hr\/wp-content\/uploads\/2016\/03\/12792162_10208746571205883_2264080172489311230_o-768x1365.jpg 768w, https:\/\/katolicka-gimnazija.hr\/wp-content\/uploads\/2016\/03\/12792162_10208746571205883_2264080172489311230_o-576x1024.jpg 576w, https:\/\/katolicka-gimnazija.hr\/wp-content\/uploads\/2016\/03\/12792162_10208746571205883_2264080172489311230_o-360x640.jpg 360w, https:\/\/katolicka-gimnazija.hr\/wp-content\/uploads\/2016\/03\/12792162_10208746571205883_2264080172489311230_o-750x1333.jpg 750w, https:\/\/katolicka-gimnazija.hr\/wp-content\/uploads\/2016\/03\/12792162_10208746571205883_2264080172489311230_o-400x711.jpg 400w, https:\/\/katolicka-gimnazija.hr\/wp-content\/uploads\/2016\/03\/12792162_10208746571205883_2264080172489311230_o-430x764.jpg 430w, https:\/\/katolicka-gimnazija.hr\/wp-content\/uploads\/2016\/03\/12792162_10208746571205883_2264080172489311230_o-150x267.jpg 150w, https:\/\/katolicka-gimnazija.hr\/wp-content\/uploads\/2016\/03\/12792162_10208746571205883_2264080172489311230_o-100x178.jpg 100w, https:\/\/katolicka-gimnazija.hr\/wp-content\/uploads\/2016\/03\/12792162_10208746571205883_2264080172489311230_o.jpg 1152w\" sizes=\"auto, (max-width: 169px) 100vw, 169px\" \/><\/a>\n\t\t\t<\/div><\/figure>\n\t\t<\/div>\n\n","protected":false},"excerpt":{"rendered":"<p>Pod vodstvom prof. Frane Bari\u0161i\u0107a i ovogodi\u0161nji su maturanti iskoristili privilegiju punoljetnosti kako bi\u00a0pomogli drugima i to\u00a0darivanjem krvi. Krv je jedina teku\u0107ina koja se ne mo\u017ee stvoriti umjetnim putem, ve\u0107 njene zalihe ovise upravo o dobrovoljnim darivateljima krvi. U Po\u017eegi darivanje krvi organizira Crveni kri\u017e u suradnji s Hrvatskim zavodom za transfuzijsku medicinu iz kultne [&hellip;]<\/p>\n","protected":false},"author":12,"featured_media":4237,"comment_status":"closed","ping_status":"closed","sticky":false,"template":"","format":"standard","meta":{"footnotes":""},"categories":[2],"tags":[],"class_list":["post-4231","post","type-post","status-publish","format-standard","has-post-thumbnail","hentry","category-vijesti"],"_links":{"self":[{"href":"https:\/\/katolicka-gimnazija.hr\/index.php\/wp-json\/wp\/v2\/posts\/4231","targetHints":{"allow":["GET"]}}],"collection":[{"href":"https:\/\/katolicka-gimnazija.hr\/index.php\/wp-json\/wp\/v2\/posts"}],"about":[{"href":"https:\/\/katolicka-gimnazija.hr\/index.php\/wp-json\/wp\/v2\/types\/post"}],"author":[{"embeddable":true,"href":"https:\/\/katolicka-gimnazija.hr\/index.php\/wp-json\/wp\/v2\/users\/12"}],"replies":[{"embeddable":true,"href":"https:\/\/katolicka-gimnazija.hr\/index.php\/wp-json\/wp\/v2\/comments?post=4231"}],"version-history":[{"count":5,"href":"https:\/\/katolicka-gimnazija.hr\/index.php\/wp-json\/wp\/v2\/posts\/4231\/revisions"}],"predecessor-version":[{"id":18223,"href":"https:\/\/katolicka-gimnazija.hr\/index.php\/wp-json\/wp\/v2\/posts\/4231\/revisions\/18223"}],"wp:featuredmedia":[{"embeddable":true,"href":"https:\/\/katolicka-gimnazija.hr\/index.php\/wp-json\/wp\/v2\/media\/4237"}],"wp:attachment":[{"href":"https:\/\/katolicka-gimnazija.hr\/index.php\/wp-json\/wp\/v2\/media?parent=4231"}],"wp:term":[{"taxonomy":"category","embeddable":true,"href":"https:\/\/katolicka-gimnazija.hr\/index.php\/wp-json\/wp\/v2\/categories?post=4231"},{"taxonomy":"post_tag","embeddable":true,"href":"https:\/\/katolicka-gimnazija.hr\/index.php\/wp-json\/wp\/v2\/tags?post=4231"}],"curies":[{"name":"wp","href":"https:\/\/api.w.org\/{rel}","templated":true}]}}