{"id":4368,"date":"2016-03-15T11:13:20","date_gmt":"2016-03-15T11:13:20","guid":{"rendered":"http:\/\/katolicka-gimnazija.hr\/?p=4368"},"modified":"2016-03-15T21:19:09","modified_gmt":"2016-03-15T21:19:09","slug":"najava-promjena-u-radu-i-organizaciji-tijekom-proljetnog-odmora-ucenika","status":"publish","type":"post","link":"https:\/\/katolicka-gimnazija.hr\/index.php\/2016\/03\/15\/najava-promjena-u-radu-i-organizaciji-tijekom-proljetnog-odmora-ucenika\/","title":{"rendered":"Najava promjena u radu i organizaciji tijekom proljetnog odmora u\u010denika"},"content":{"rendered":"<p id=\"yui_3_16_0_1_1458040182905_1989\" class=\"yiv7753554686MsoNormal\"><b><img loading=\"lazy\" decoding=\"async\" class=\"size-medium wp-image-4369 alignright\" src=\"http:\/\/katolicka-gimnazija.hr\/wp-content\/uploads\/2016\/03\/sakura-300x300.jpg\" alt=\"Proljetni praznici\" width=\"300\" height=\"300\" srcset=\"https:\/\/katolicka-gimnazija.hr\/wp-content\/uploads\/2016\/03\/sakura-300x300.jpg 300w, https:\/\/katolicka-gimnazija.hr\/wp-content\/uploads\/2016\/03\/sakura-150x150.jpg 150w, https:\/\/katolicka-gimnazija.hr\/wp-content\/uploads\/2016\/03\/sakura-360x360.jpg 360w, https:\/\/katolicka-gimnazija.hr\/wp-content\/uploads\/2016\/03\/sakura-400x400.jpg 400w, https:\/\/katolicka-gimnazija.hr\/wp-content\/uploads\/2016\/03\/sakura-430x430.jpg 430w, https:\/\/katolicka-gimnazija.hr\/wp-content\/uploads\/2016\/03\/sakura-100x100.jpg 100w, https:\/\/katolicka-gimnazija.hr\/wp-content\/uploads\/2016\/03\/sakura.jpg 597w\" sizes=\"auto, (max-width: 300px) 100vw, 300px\" \/><\/b><span id=\"yui_3_16_0_1_1458040182905_1966\">Proljetni odmor u\u010denika u \u0161kolskoj godini 2015.\/2016. zapo\u010det \u0107e 21. o\u017eujka 2016. godine.<\/span><\/p>\n<p id=\"yui_3_16_0_1_1458040182905_1973\" class=\"yiv7753554686MsoNormal\"><span id=\"yui_3_16_0_1_1458040182905_1972\">Roditeljima u\u010denika i u\u010denicima najavljujemo promjene u radu i organizaciji zaposlenih u \u0161kolskoj slu\u017ebi koji \u0107e zbog proljetnog odmora u\u010denika i godi\u0161njih odmora radnika Katoli\u010dke gimnazije s pravom javnosti promijeniti radno vrijeme s roditeljima u\u010denika, u\u010denicima i strankama.<\/span><\/p>\n<p id=\"yui_3_16_0_1_1458040182905_1974\" class=\"yiv7753554686MsoNormal\"><b id=\"yui_3_16_0_1_1458040182905_1978\"><i id=\"yui_3_16_0_1_1458040182905_1977\"><u id=\"yui_3_16_0_1_1458040182905_1976\"><span id=\"yui_3_16_0_1_1458040182905_1975\">Tajni\u0161tvo \u0107e raditi od 21. do 23. o\u017eujka 2016. godine od 08:00 do 14:00 sati.<\/span><\/u><\/i><\/b><\/p>\n<p id=\"yui_3_16_0_1_1458040182905_1981\" class=\"yiv7753554686MsoNormal\"><span id=\"yui_3_16_0_1_1458040182905_1980\">Roditelje u\u010denika i u\u010denike pozivamo da\u00a0administrativne radnje (izdavanje potvrda, ovjeru dokumenata, ispunjavanje i ovjeru obrazaca te drugo) zahtijevaju u radno vrijeme tajni\u0161tva.<\/span><\/p>\n<p id=\"yui_3_16_0_1_1458040182905_1982\" class=\"yiv7753554686MsoNormal\"><span id=\"yui_3_16_0_1_1458040182905_1983\">Informacije o radnom vremenu ostalih zaposlenih u \u0161kolskoj slu\u017ebi mogu se dobiti u radno vrijeme tajni\u0161tva osobno, putem telefona ili adrese e-po\u0161te <a href=\"mailto:tajnistvo@katolicka-gimnazija.hr\" target=\"_blank\" rel=\"nofollow\">tajnistvo@katolicka-gimnazija.hr<\/a>.<\/span><\/p>\n<p id=\"yui_3_16_0_1_1458040182905_2019\" class=\"yiv7753554686MsoNormal\"><strong><span id=\"yui_3_16_0_1_1458040182905_2020\">Proljetni odmor u\u010denika u \u0161kolskoj godini 2015.\/2016. zavr\u0161it \u0107e 25. o\u017eujka 2016. godine.<\/span><\/strong><\/p>\n<p id=\"yui_3_16_0_1_1458040182905_2023\" class=\"yiv7753554686MsoNormal\"><span id=\"yui_3_16_0_1_1458040182905_2022\">28. o\u017eujka 2016. godine Uskrsni je ponedjeljak i blagdan Republike Hrvatske te nenastavni dan.<\/span><\/p>\n<p id=\"yui_3_16_0_1_1458040182905_2025\" class=\"yiv7753554686MsoNormal\"><span id=\"yui_3_16_0_1_1458040182905_2024\">Nakon proljetnog odmora u\u010denika, od 29. o\u017eujka 2016. godine nastava se izvr\u0161ava prema redovitom rasporedu sati, a zaposleni u \u0161kolskoj slu\u017ebi rade prema redovitom radnom vremenu.<\/span><\/p>\n","protected":false},"excerpt":{"rendered":"<p>Proljetni odmor u\u010denika u \u0161kolskoj godini 2015.\/2016. zapo\u010det \u0107e 21. o\u017eujka 2016. godine. Roditeljima u\u010denika i u\u010denicima najavljujemo promjene u radu i organizaciji zaposlenih u \u0161kolskoj slu\u017ebi koji \u0107e zbog proljetnog odmora u\u010denika i godi\u0161njih odmora radnika Katoli\u010dke gimnazije s pravom javnosti promijeniti radno vrijeme s roditeljima u\u010denika, u\u010denicima i strankama. Tajni\u0161tvo \u0107e raditi od [&hellip;]<\/p>\n","protected":false},"author":39,"featured_media":4369,"comment_status":"closed","ping_status":"closed","sticky":false,"template":"","format":"standard","meta":{"footnotes":""},"categories":[3],"tags":[],"class_list":["post-4368","post","type-post","status-publish","format-standard","has-post-thumbnail","hentry","category-obavijesti"],"_links":{"self":[{"href":"https:\/\/katolicka-gimnazija.hr\/index.php\/wp-json\/wp\/v2\/posts\/4368","targetHints":{"allow":["GET"]}}],"collection":[{"href":"https:\/\/katolicka-gimnazija.hr\/index.php\/wp-json\/wp\/v2\/posts"}],"about":[{"href":"https:\/\/katolicka-gimnazija.hr\/index.php\/wp-json\/wp\/v2\/types\/post"}],"author":[{"embeddable":true,"href":"https:\/\/katolicka-gimnazija.hr\/index.php\/wp-json\/wp\/v2\/users\/39"}],"replies":[{"embeddable":true,"href":"https:\/\/katolicka-gimnazija.hr\/index.php\/wp-json\/wp\/v2\/comments?post=4368"}],"version-history":[{"count":3,"href":"https:\/\/katolicka-gimnazija.hr\/index.php\/wp-json\/wp\/v2\/posts\/4368\/revisions"}],"predecessor-version":[{"id":4380,"href":"https:\/\/katolicka-gimnazija.hr\/index.php\/wp-json\/wp\/v2\/posts\/4368\/revisions\/4380"}],"wp:featuredmedia":[{"embeddable":true,"href":"https:\/\/katolicka-gimnazija.hr\/index.php\/wp-json\/wp\/v2\/media\/4369"}],"wp:attachment":[{"href":"https:\/\/katolicka-gimnazija.hr\/index.php\/wp-json\/wp\/v2\/media?parent=4368"}],"wp:term":[{"taxonomy":"category","embeddable":true,"href":"https:\/\/katolicka-gimnazija.hr\/index.php\/wp-json\/wp\/v2\/categories?post=4368"},{"taxonomy":"post_tag","embeddable":true,"href":"https:\/\/katolicka-gimnazija.hr\/index.php\/wp-json\/wp\/v2\/tags?post=4368"}],"curies":[{"name":"wp","href":"https:\/\/api.w.org\/{rel}","templated":true}]}}