{"id":4398,"date":"2016-03-16T22:25:11","date_gmt":"2016-03-16T22:25:11","guid":{"rendered":"http:\/\/katolicka-gimnazija.hr\/?p=4398"},"modified":"2018-12-28T14:28:29","modified_gmt":"2018-12-28T14:28:29","slug":"profesor-latinskog-jezika","status":"publish","type":"post","link":"https:\/\/katolicka-gimnazija.hr\/index.php\/2016\/03\/16\/profesor-latinskog-jezika\/","title":{"rendered":"Profesor latinskog jezika"},"content":{"rendered":"<p>Na temelju \u010dlanka 107. Zakona o odgoju i obrazovanju u osnovnoj i srednjoj \u0161koli (Narodne novine broj 87\/08., 86\/09., 92\/10., 105\/10.-Ispravak, 90\/11., 16\/12., 86\/12., 94\/13. i 152\/14.), KATOLI\u010cKA GIMNAZIJA S PRAVOM JAVNOSTI objavljuje<\/p>\n<p style=\"text-align: center;\">NATJE\u010cAJ<br \/>\nZA ZASNIVANJE RADNOG ODNOSA<\/p>\n<p>1. PROFESOR LATINSKOG JEZIKA, 1 izvr\u0161itelj\/izvr\u0161iteljica, s 18 sati nastave tjedno na odre\u0111eno nepuno radno vrijeme zbog zamjene do prestanka mandata osobe imenovane za ravnatelja \u0161kole<\/p>\n<p>Uz prijavu na natje\u010daj i \u017eivotopis, kandidati trebaju dostaviti preslike dokumenata:<br \/>\n&#8211; rodnog lista,<br \/>\n&#8211; domovnice,<br \/>\n&#8211; dokaza o stru\u010dnoj spremi,<br \/>\n&#8211; potvrde Hrvatskog zavoda za mirovinsko osiguranje o prethodnom zaposlenju i sta\u017eu i<br \/>\n&#8211; dokaza o nepostojanju zapreka za zasnivanje radnog odnosa u \u0161kolskoj ustanovi (ne starijeg od 6 mjeseci).<br \/>\nKandidat koji ostvaruje pravo prednosti pri zapo\u0161ljavanju prema posebnom zakonu du\u017ean je u prijavi na natje\u010daj pozvati se na to pravo te uz prijavu, \u017eivotopis i dokumentaciju o ispunjavanju tra\u017eenih uvjeta za radno mjesto prilo\u017eiti i dokaze o ostvarivanju prava prednosti pri zapo\u0161ljavanju na koje se poziva.<br \/>\nRok za primanje prijava kandidata je osam (8) dana od dana objave natje\u010daja, od 16. do 24. o\u017eujka 2016. godine.<br \/>\nPrijave i \u017eivotopise s potrebnim preslikama dokumenata o ispunjavanju uvjeta dostaviti na adresu: Katoli\u010dka gimnazija s pravom javnosti, Pape Ivana Pavla II. 6, 34000 Po\u017eega, s naznakom &#8220;za natje\u010daj&#8221;.<br \/>\nNepravovremene i nepotpune prijave ne\u0107e se razmatrati.<\/p>\n<p>Uvjeti su prema Zakonu o odgoju i obrazovanju u osnovnoj i srednjoj \u0161koli i Pravilniku o stru\u010dnoj spremi i pedago\u0161ko-psiholo\u0161kom obrazovanju nastavnika u srednjem \u0161kolstvu.<\/p>\n<p>KLASA: 112-01\/16-01\/42<br \/>\nURBROJ: 2177-2-01\/1-16-3<\/p>\n<p>U Po\u017eegi 16. o\u017eujka 2016. godine <\/p>\n","protected":false},"excerpt":{"rendered":"<p>Na temelju \u010dlanka 107. Zakona o odgoju i obrazovanju u osnovnoj i srednjoj \u0161koli (Narodne novine broj 87\/08., 86\/09., 92\/10., 105\/10.-Ispravak, 90\/11., 16\/12., 86\/12., 94\/13. i 152\/14.), KATOLI\u010cKA GIMNAZIJA S PRAVOM JAVNOSTI objavljuje NATJE\u010cAJ ZA ZASNIVANJE RADNOG ODNOSA 1. PROFESOR LATINSKOG JEZIKA, 1 izvr\u0161itelj\/izvr\u0161iteljica, s 18 sati nastave tjedno na odre\u0111eno nepuno radno vrijeme zbog [&hellip;]<\/p>\n","protected":false},"author":1,"featured_media":0,"comment_status":"closed","ping_status":"closed","sticky":false,"template":"","format":"standard","meta":{"footnotes":""},"categories":[192],"tags":[],"class_list":["post-4398","post","type-post","status-publish","format-standard","hentry","category-natjecaji"],"_links":{"self":[{"href":"https:\/\/katolicka-gimnazija.hr\/index.php\/wp-json\/wp\/v2\/posts\/4398","targetHints":{"allow":["GET"]}}],"collection":[{"href":"https:\/\/katolicka-gimnazija.hr\/index.php\/wp-json\/wp\/v2\/posts"}],"about":[{"href":"https:\/\/katolicka-gimnazija.hr\/index.php\/wp-json\/wp\/v2\/types\/post"}],"author":[{"embeddable":true,"href":"https:\/\/katolicka-gimnazija.hr\/index.php\/wp-json\/wp\/v2\/users\/1"}],"replies":[{"embeddable":true,"href":"https:\/\/katolicka-gimnazija.hr\/index.php\/wp-json\/wp\/v2\/comments?post=4398"}],"version-history":[{"count":2,"href":"https:\/\/katolicka-gimnazija.hr\/index.php\/wp-json\/wp\/v2\/posts\/4398\/revisions"}],"predecessor-version":[{"id":15079,"href":"https:\/\/katolicka-gimnazija.hr\/index.php\/wp-json\/wp\/v2\/posts\/4398\/revisions\/15079"}],"wp:attachment":[{"href":"https:\/\/katolicka-gimnazija.hr\/index.php\/wp-json\/wp\/v2\/media?parent=4398"}],"wp:term":[{"taxonomy":"category","embeddable":true,"href":"https:\/\/katolicka-gimnazija.hr\/index.php\/wp-json\/wp\/v2\/categories?post=4398"},{"taxonomy":"post_tag","embeddable":true,"href":"https:\/\/katolicka-gimnazija.hr\/index.php\/wp-json\/wp\/v2\/tags?post=4398"}],"curies":[{"name":"wp","href":"https:\/\/api.w.org\/{rel}","templated":true}]}}