{"id":4429,"date":"2016-03-19T17:05:55","date_gmt":"2016-03-19T17:05:55","guid":{"rendered":"http:\/\/katolicka-gimnazija.hr\/?p=4429"},"modified":"2018-12-28T14:28:14","modified_gmt":"2018-12-28T14:28:14","slug":"biologija-na-zupanijskom","status":"publish","type":"post","link":"https:\/\/katolicka-gimnazija.hr\/index.php\/2016\/03\/19\/biologija-na-zupanijskom\/","title":{"rendered":"BIOLOGIJA NA \u017dUPANIJSKOM"},"content":{"rendered":"<p>\u017dUPANIJSKO IZ BIOLOGIJE<\/p>\n<p>Na ju\u010der odr\u017eanom \u017dupanijskom natjecanju iz biologije koje se odr\u017ealo u O\u0160 Antuna Kani\u017eli\u0107a u Po\u017eegi na\u0161i su \u0111aci ostvarili sljede\u0107e rezultate.<\/p>\n<p>Prvi razred<span class=\"text_exposed_show\"><br \/>\n1. mjesto osvojila je Matea Paukovi\u0107<\/span><\/p>\n<div class=\"text_exposed_show\">\n<p>Drugi razred<br \/>\n3. mjesto osvojio je Mario Jankovi\u0107<\/p>\n<p>Tre\u0107i razred<br \/>\n3. mjesto osvojio je Petar Glava\u0161<\/p>\n<p>\u010cetvrti razred<br \/>\n2. mjesto osvojila je Karla \u010cmelar<br \/>\n3. mjesto osvojila je Natalija Babi\u0107<\/p>\n<p>\u010cESTITAMO!!!<\/p>\n<p><a href=\"http:\/\/katolicka-gimnazija.hr\/wp-content\/uploads\/2016\/03\/DSC_0660.jpg\" rel=\"attachment wp-att-4433\"><img loading=\"lazy\" decoding=\"async\" class=\"alignleft size-medium wp-image-4433\" src=\"http:\/\/katolicka-gimnazija.hr\/wp-content\/uploads\/2016\/03\/DSC_0660-199x300.jpg\" alt=\"DSC_0660\" width=\"199\" height=\"300\" srcset=\"https:\/\/katolicka-gimnazija.hr\/wp-content\/uploads\/2016\/03\/DSC_0660-199x300.jpg 199w, https:\/\/katolicka-gimnazija.hr\/wp-content\/uploads\/2016\/03\/DSC_0660-768x1160.jpg 768w, https:\/\/katolicka-gimnazija.hr\/wp-content\/uploads\/2016\/03\/DSC_0660-678x1024.jpg 678w, https:\/\/katolicka-gimnazija.hr\/wp-content\/uploads\/2016\/03\/DSC_0660-360x544.jpg 360w, https:\/\/katolicka-gimnazija.hr\/wp-content\/uploads\/2016\/03\/DSC_0660-750x1133.jpg 750w, https:\/\/katolicka-gimnazija.hr\/wp-content\/uploads\/2016\/03\/DSC_0660-400x604.jpg 400w, https:\/\/katolicka-gimnazija.hr\/wp-content\/uploads\/2016\/03\/DSC_0660-430x649.jpg 430w, https:\/\/katolicka-gimnazija.hr\/wp-content\/uploads\/2016\/03\/DSC_0660-150x227.jpg 150w, https:\/\/katolicka-gimnazija.hr\/wp-content\/uploads\/2016\/03\/DSC_0660-100x151.jpg 100w, https:\/\/katolicka-gimnazija.hr\/wp-content\/uploads\/2016\/03\/DSC_0660.jpg 1500w\" sizes=\"auto, (max-width: 199px) 100vw, 199px\" \/><\/a> <a href=\"http:\/\/katolicka-gimnazija.hr\/wp-content\/uploads\/2016\/03\/DSC_0636.jpg\" rel=\"attachment wp-att-4432\"><img loading=\"lazy\" decoding=\"async\" class=\"alignleft size-medium wp-image-4432\" src=\"http:\/\/katolicka-gimnazija.hr\/wp-content\/uploads\/2016\/03\/DSC_0636-300x199.jpg\" alt=\"DSC_0636\" width=\"300\" height=\"199\" srcset=\"https:\/\/katolicka-gimnazija.hr\/wp-content\/uploads\/2016\/03\/DSC_0636-300x199.jpg 300w, https:\/\/katolicka-gimnazija.hr\/wp-content\/uploads\/2016\/03\/DSC_0636-768x508.jpg 768w, https:\/\/katolicka-gimnazija.hr\/wp-content\/uploads\/2016\/03\/DSC_0636-1024x678.jpg 1024w, https:\/\/katolicka-gimnazija.hr\/wp-content\/uploads\/2016\/03\/DSC_0636-360x238.jpg 360w, https:\/\/katolicka-gimnazija.hr\/wp-content\/uploads\/2016\/03\/DSC_0636-750x497.jpg 750w, https:\/\/katolicka-gimnazija.hr\/wp-content\/uploads\/2016\/03\/DSC_0636-400x265.jpg 400w, https:\/\/katolicka-gimnazija.hr\/wp-content\/uploads\/2016\/03\/DSC_0636-430x285.jpg 430w, https:\/\/katolicka-gimnazija.hr\/wp-content\/uploads\/2016\/03\/DSC_0636-150x99.jpg 150w, https:\/\/katolicka-gimnazija.hr\/wp-content\/uploads\/2016\/03\/DSC_0636-100x66.jpg 100w, https:\/\/katolicka-gimnazija.hr\/wp-content\/uploads\/2016\/03\/DSC_0636.jpg 1500w\" sizes=\"auto, (max-width: 300px) 100vw, 300px\" \/><\/a> <a href=\"http:\/\/katolicka-gimnazija.hr\/wp-content\/uploads\/2016\/03\/DSC_0629.jpg\" rel=\"attachment wp-att-4431\"><img loading=\"lazy\" decoding=\"async\" class=\"alignleft size-medium wp-image-4431\" src=\"http:\/\/katolicka-gimnazija.hr\/wp-content\/uploads\/2016\/03\/DSC_0629-300x199.jpg\" alt=\"DSC_0629\" width=\"300\" height=\"199\" srcset=\"https:\/\/katolicka-gimnazija.hr\/wp-content\/uploads\/2016\/03\/DSC_0629-300x199.jpg 300w, https:\/\/katolicka-gimnazija.hr\/wp-content\/uploads\/2016\/03\/DSC_0629-768x508.jpg 768w, https:\/\/katolicka-gimnazija.hr\/wp-content\/uploads\/2016\/03\/DSC_0629-1024x678.jpg 1024w, https:\/\/katolicka-gimnazija.hr\/wp-content\/uploads\/2016\/03\/DSC_0629-360x238.jpg 360w, https:\/\/katolicka-gimnazija.hr\/wp-content\/uploads\/2016\/03\/DSC_0629-750x497.jpg 750w, https:\/\/katolicka-gimnazija.hr\/wp-content\/uploads\/2016\/03\/DSC_0629-400x265.jpg 400w, https:\/\/katolicka-gimnazija.hr\/wp-content\/uploads\/2016\/03\/DSC_0629-430x285.jpg 430w, https:\/\/katolicka-gimnazija.hr\/wp-content\/uploads\/2016\/03\/DSC_0629-150x99.jpg 150w, https:\/\/katolicka-gimnazija.hr\/wp-content\/uploads\/2016\/03\/DSC_0629-100x66.jpg 100w, https:\/\/katolicka-gimnazija.hr\/wp-content\/uploads\/2016\/03\/DSC_0629.jpg 1500w\" sizes=\"auto, (max-width: 300px) 100vw, 300px\" \/><\/a> <a href=\"http:\/\/katolicka-gimnazija.hr\/wp-content\/uploads\/2016\/03\/DSC_0505.jpg\" rel=\"attachment wp-att-4430\"><img loading=\"lazy\" decoding=\"async\" class=\"alignleft size-medium wp-image-4430\" src=\"http:\/\/katolicka-gimnazija.hr\/wp-content\/uploads\/2016\/03\/DSC_0505-300x199.jpg\" alt=\"DSC_0505\" width=\"300\" height=\"199\" srcset=\"https:\/\/katolicka-gimnazija.hr\/wp-content\/uploads\/2016\/03\/DSC_0505-300x199.jpg 300w, https:\/\/katolicka-gimnazija.hr\/wp-content\/uploads\/2016\/03\/DSC_0505-768x508.jpg 768w, https:\/\/katolicka-gimnazija.hr\/wp-content\/uploads\/2016\/03\/DSC_0505-1024x678.jpg 1024w, https:\/\/katolicka-gimnazija.hr\/wp-content\/uploads\/2016\/03\/DSC_0505-360x238.jpg 360w, https:\/\/katolicka-gimnazija.hr\/wp-content\/uploads\/2016\/03\/DSC_0505-750x497.jpg 750w, https:\/\/katolicka-gimnazija.hr\/wp-content\/uploads\/2016\/03\/DSC_0505-400x265.jpg 400w, https:\/\/katolicka-gimnazija.hr\/wp-content\/uploads\/2016\/03\/DSC_0505-430x285.jpg 430w, https:\/\/katolicka-gimnazija.hr\/wp-content\/uploads\/2016\/03\/DSC_0505-150x99.jpg 150w, https:\/\/katolicka-gimnazija.hr\/wp-content\/uploads\/2016\/03\/DSC_0505-100x66.jpg 100w, https:\/\/katolicka-gimnazija.hr\/wp-content\/uploads\/2016\/03\/DSC_0505.jpg 1500w\" sizes=\"auto, (max-width: 300px) 100vw, 300px\" \/><\/a><\/p>\n<p>&nbsp;<\/p>\n","protected":false},"excerpt":{"rendered":"<p>\u017dUPANIJSKO IZ BIOLOGIJE Na ju\u010der odr\u017eanom \u017dupanijskom natjecanju iz biologije koje se odr\u017ealo u O\u0160 Antuna Kani\u017eli\u0107a u Po\u017eegi na\u0161i su \u0111aci ostvarili sljede\u0107e rezultate. Prvi razred 1. mjesto osvojila je Matea Paukovi\u0107 Drugi razred 3. mjesto osvojio je Mario Jankovi\u0107 Tre\u0107i razred 3. mjesto osvojio je Petar Glava\u0161 \u010cetvrti razred 2. mjesto osvojila je [&hellip;]<\/p>\n","protected":false},"author":2,"featured_media":4431,"comment_status":"closed","ping_status":"closed","sticky":false,"template":"","format":"standard","meta":{"footnotes":""},"categories":[4,2],"tags":[],"class_list":["post-4429","post","type-post","status-publish","format-standard","has-post-thumbnail","hentry","category-fotogalerije","category-vijesti"],"_links":{"self":[{"href":"https:\/\/katolicka-gimnazija.hr\/index.php\/wp-json\/wp\/v2\/posts\/4429","targetHints":{"allow":["GET"]}}],"collection":[{"href":"https:\/\/katolicka-gimnazija.hr\/index.php\/wp-json\/wp\/v2\/posts"}],"about":[{"href":"https:\/\/katolicka-gimnazija.hr\/index.php\/wp-json\/wp\/v2\/types\/post"}],"author":[{"embeddable":true,"href":"https:\/\/katolicka-gimnazija.hr\/index.php\/wp-json\/wp\/v2\/users\/2"}],"replies":[{"embeddable":true,"href":"https:\/\/katolicka-gimnazija.hr\/index.php\/wp-json\/wp\/v2\/comments?post=4429"}],"version-history":[{"count":4,"href":"https:\/\/katolicka-gimnazija.hr\/index.php\/wp-json\/wp\/v2\/posts\/4429\/revisions"}],"predecessor-version":[{"id":15078,"href":"https:\/\/katolicka-gimnazija.hr\/index.php\/wp-json\/wp\/v2\/posts\/4429\/revisions\/15078"}],"wp:featuredmedia":[{"embeddable":true,"href":"https:\/\/katolicka-gimnazija.hr\/index.php\/wp-json\/wp\/v2\/media\/4431"}],"wp:attachment":[{"href":"https:\/\/katolicka-gimnazija.hr\/index.php\/wp-json\/wp\/v2\/media?parent=4429"}],"wp:term":[{"taxonomy":"category","embeddable":true,"href":"https:\/\/katolicka-gimnazija.hr\/index.php\/wp-json\/wp\/v2\/categories?post=4429"},{"taxonomy":"post_tag","embeddable":true,"href":"https:\/\/katolicka-gimnazija.hr\/index.php\/wp-json\/wp\/v2\/tags?post=4429"}],"curies":[{"name":"wp","href":"https:\/\/api.w.org\/{rel}","templated":true}]}}