{"id":4613,"date":"2016-03-30T12:34:01","date_gmt":"2016-03-30T12:34:01","guid":{"rendered":"http:\/\/katolicka-gimnazija.hr\/?p=4613"},"modified":"2018-12-28T14:28:06","modified_gmt":"2018-12-28T14:28:06","slug":"informacije-o-2-sjednici-razrednog-vijeca-skolske-godine-2015-2016","status":"publish","type":"post","link":"https:\/\/katolicka-gimnazija.hr\/index.php\/2016\/03\/30\/informacije-o-2-sjednici-razrednog-vijeca-skolske-godine-2015-2016\/","title":{"rendered":"Informacije o radu 2. sjednice Razrednog vije\u0107a \u0161kolske godine 2015.\/2016."},"content":{"rendered":"<p>2. sjednica Razrednog vije\u0107a razrednih odjela 4.a i 4.b Katoli\u010dke gimnazije s pravom javnosti u \u0161kolskoj godini 2015.\/2016. dana 30. o\u017eujka 2016. godine s po\u010detkom u 15:00 sati<\/p>\n<p><strong>Dnevni red:<\/strong><br \/>\n1. Usvajanje Zapisnika s prethodne sjednice Razrednog vije\u0107a Katoli\u010dke gimnazije s pravom javnosti<br \/>\n2. Analiziranje odgoja i obrazovanja u\u010denika razrednih odjela 4.a i 4.b pred zavr\u0161etak nastavne godine 2015.\/2016. za maturante<br \/>\n3. Razno <\/p>\n","protected":false},"excerpt":{"rendered":"<p>2. sjednica Razrednog vije\u0107a razrednih odjela 4.a i 4.b Katoli\u010dke gimnazije s pravom javnosti u \u0161kolskoj godini 2015.\/2016. dana 30. o\u017eujka 2016. godine s po\u010detkom u 15:00 sati Dnevni red: 1. Usvajanje Zapisnika s prethodne sjednice Razrednog vije\u0107a Katoli\u010dke gimnazije s pravom javnosti 2. Analiziranje odgoja i obrazovanja u\u010denika razrednih odjela 4.a i 4.b pred [&hellip;]<\/p>\n","protected":false},"author":1,"featured_media":0,"comment_status":"closed","ping_status":"closed","sticky":false,"template":"","format":"standard","meta":{"footnotes":""},"categories":[2],"tags":[],"class_list":["post-4613","post","type-post","status-publish","format-standard","hentry","category-vijesti"],"_links":{"self":[{"href":"https:\/\/katolicka-gimnazija.hr\/index.php\/wp-json\/wp\/v2\/posts\/4613","targetHints":{"allow":["GET"]}}],"collection":[{"href":"https:\/\/katolicka-gimnazija.hr\/index.php\/wp-json\/wp\/v2\/posts"}],"about":[{"href":"https:\/\/katolicka-gimnazija.hr\/index.php\/wp-json\/wp\/v2\/types\/post"}],"author":[{"embeddable":true,"href":"https:\/\/katolicka-gimnazija.hr\/index.php\/wp-json\/wp\/v2\/users\/1"}],"replies":[{"embeddable":true,"href":"https:\/\/katolicka-gimnazija.hr\/index.php\/wp-json\/wp\/v2\/comments?post=4613"}],"version-history":[{"count":3,"href":"https:\/\/katolicka-gimnazija.hr\/index.php\/wp-json\/wp\/v2\/posts\/4613\/revisions"}],"predecessor-version":[{"id":15077,"href":"https:\/\/katolicka-gimnazija.hr\/index.php\/wp-json\/wp\/v2\/posts\/4613\/revisions\/15077"}],"wp:attachment":[{"href":"https:\/\/katolicka-gimnazija.hr\/index.php\/wp-json\/wp\/v2\/media?parent=4613"}],"wp:term":[{"taxonomy":"category","embeddable":true,"href":"https:\/\/katolicka-gimnazija.hr\/index.php\/wp-json\/wp\/v2\/categories?post=4613"},{"taxonomy":"post_tag","embeddable":true,"href":"https:\/\/katolicka-gimnazija.hr\/index.php\/wp-json\/wp\/v2\/tags?post=4613"}],"curies":[{"name":"wp","href":"https:\/\/api.w.org\/{rel}","templated":true}]}}