{"id":4633,"date":"2016-04-07T15:18:49","date_gmt":"2016-04-07T15:18:49","guid":{"rendered":"http:\/\/katolicka-gimnazija.hr\/?p=4633"},"modified":"2018-12-28T14:27:42","modified_gmt":"2018-12-28T14:27:42","slug":"trece-mjesto-na-medunarodnom-literarnom-natjecaju","status":"publish","type":"post","link":"https:\/\/katolicka-gimnazija.hr\/index.php\/2016\/04\/07\/trece-mjesto-na-medunarodnom-literarnom-natjecaju\/","title":{"rendered":"Tre\u0107e mjesto na me\u0111unarodnom literarnom natje\u010daju"},"content":{"rendered":"<p><img loading=\"lazy\" decoding=\"async\" class=\"alignleft size-medium wp-image-4634\" src=\"http:\/\/katolicka-gimnazija.hr\/wp-content\/uploads\/2016\/04\/ivan-merz-300x200.jpg\" alt=\"Natje\u010daj &quot;Bla\u017eeni Ivan Merz&quot;\" width=\"300\" height=\"200\" srcset=\"https:\/\/katolicka-gimnazija.hr\/wp-content\/uploads\/2016\/04\/ivan-merz-300x200.jpg 300w, https:\/\/katolicka-gimnazija.hr\/wp-content\/uploads\/2016\/04\/ivan-merz-768x512.jpg 768w, https:\/\/katolicka-gimnazija.hr\/wp-content\/uploads\/2016\/04\/ivan-merz-360x240.jpg 360w, https:\/\/katolicka-gimnazija.hr\/wp-content\/uploads\/2016\/04\/ivan-merz-750x500.jpg 750w, https:\/\/katolicka-gimnazija.hr\/wp-content\/uploads\/2016\/04\/ivan-merz-400x267.jpg 400w, https:\/\/katolicka-gimnazija.hr\/wp-content\/uploads\/2016\/04\/ivan-merz-430x287.jpg 430w, https:\/\/katolicka-gimnazija.hr\/wp-content\/uploads\/2016\/04\/ivan-merz-150x100.jpg 150w, https:\/\/katolicka-gimnazija.hr\/wp-content\/uploads\/2016\/04\/ivan-merz-100x67.jpg 100w, https:\/\/katolicka-gimnazija.hr\/wp-content\/uploads\/2016\/04\/ivan-merz.jpg 900w\" sizes=\"auto, (max-width: 300px) 100vw, 300px\" \/>Ve\u0107 \u010detrnaestu godinu zaredom Nadbiskupska klasi\u010dna gimnazija u Zagrebu organizira me\u0111unarodni Literarni natje\u010daj &#8220;Bla\u017eeni Ivan Merz&#8221;. Tema koju su svi mladi literati vrlo uspje\u0161no obradili bila je preuzeta iz dnevnika Ivana Merza, a glasila je: &#8220;Volim \u010dovje\u010danstvo, volim male, nepoznate ljude, koji na svojim le\u0111ima nose sav teret historije&#8221;. U konkurenciji od 44 pristigla srednjo\u0161kolska rada iz Hrvatske i Bosne i Hercegovine, tre\u0107e mjesto osvojila je na\u0161a Jelena Dori\u0107. \u010cestitamo Jeleni na ostvarenom uspjehu i odli\u010dnom predstavljanju na\u0161e \u0161kole.<\/p>\n<p>Prvo mjesto osvojila je Lea Bo\u0161njak (Katoli\u010dki \u0161kolski centar \u00bbSv. Josip\u00ab u Sarajevu), drugo mjesto pripalo je Jeleni Juri\u0107 (XII. gimnazija u Zagrebu), a tre\u0107e mjesto s Jelenom dijeli Doris Jagarinac (KKG u Virovitici).<br \/>\nSpomenutim u\u010denicama nagrade \u0107e biti uru\u010dene 16. travnja 2016. na Prigodnoj akademiji u Nadbiskupskoj katoli\u010dkoj gimnaziji u Zagrebu. <\/p>\n","protected":false},"excerpt":{"rendered":"<p>Ve\u0107 \u010detrnaestu godinu zaredom Nadbiskupska klasi\u010dna gimnazija u Zagrebu organizira me\u0111unarodni Literarni natje\u010daj &#8220;Bla\u017eeni Ivan Merz&#8221;. Tema koju su svi mladi literati vrlo uspje\u0161no obradili bila je preuzeta iz dnevnika Ivana Merza, a glasila je: &#8220;Volim \u010dovje\u010danstvo, volim male, nepoznate ljude, koji na svojim le\u0111ima nose sav teret historije&#8221;. U konkurenciji od 44 pristigla srednjo\u0161kolska [&hellip;]<\/p>\n","protected":false},"author":1,"featured_media":4634,"comment_status":"closed","ping_status":"closed","sticky":false,"template":"","format":"standard","meta":{"footnotes":""},"categories":[2],"tags":[],"class_list":["post-4633","post","type-post","status-publish","format-standard","has-post-thumbnail","hentry","category-vijesti"],"_links":{"self":[{"href":"https:\/\/katolicka-gimnazija.hr\/index.php\/wp-json\/wp\/v2\/posts\/4633","targetHints":{"allow":["GET"]}}],"collection":[{"href":"https:\/\/katolicka-gimnazija.hr\/index.php\/wp-json\/wp\/v2\/posts"}],"about":[{"href":"https:\/\/katolicka-gimnazija.hr\/index.php\/wp-json\/wp\/v2\/types\/post"}],"author":[{"embeddable":true,"href":"https:\/\/katolicka-gimnazija.hr\/index.php\/wp-json\/wp\/v2\/users\/1"}],"replies":[{"embeddable":true,"href":"https:\/\/katolicka-gimnazija.hr\/index.php\/wp-json\/wp\/v2\/comments?post=4633"}],"version-history":[{"count":2,"href":"https:\/\/katolicka-gimnazija.hr\/index.php\/wp-json\/wp\/v2\/posts\/4633\/revisions"}],"predecessor-version":[{"id":15074,"href":"https:\/\/katolicka-gimnazija.hr\/index.php\/wp-json\/wp\/v2\/posts\/4633\/revisions\/15074"}],"wp:featuredmedia":[{"embeddable":true,"href":"https:\/\/katolicka-gimnazija.hr\/index.php\/wp-json\/wp\/v2\/media\/4634"}],"wp:attachment":[{"href":"https:\/\/katolicka-gimnazija.hr\/index.php\/wp-json\/wp\/v2\/media?parent=4633"}],"wp:term":[{"taxonomy":"category","embeddable":true,"href":"https:\/\/katolicka-gimnazija.hr\/index.php\/wp-json\/wp\/v2\/categories?post=4633"},{"taxonomy":"post_tag","embeddable":true,"href":"https:\/\/katolicka-gimnazija.hr\/index.php\/wp-json\/wp\/v2\/tags?post=4633"}],"curies":[{"name":"wp","href":"https:\/\/api.w.org\/{rel}","templated":true}]}}