{"id":4640,"date":"2016-04-09T20:56:01","date_gmt":"2016-04-09T20:56:01","guid":{"rendered":"http:\/\/katolicka-gimnazija.hr\/?p=4640"},"modified":"2018-12-28T14:27:35","modified_gmt":"2018-12-28T14:27:35","slug":"duh-i-duhovnost-ucitelja-i-djelatnika-katolicke-skole","status":"publish","type":"post","link":"https:\/\/katolicka-gimnazija.hr\/index.php\/2016\/04\/09\/duh-i-duhovnost-ucitelja-i-djelatnika-katolicke-skole\/","title":{"rendered":"Duh i duhovnost u\u010ditelja i djelatnika katoli\u010dke \u0161kole"},"content":{"rendered":"<p><img loading=\"lazy\" decoding=\"async\" class=\"alignleft size-medium wp-image-4641\" src=\"http:\/\/katolicka-gimnazija.hr\/wp-content\/uploads\/2016\/04\/strucno2-300x225.jpg\" alt=\"strucno2\" width=\"300\" height=\"225\" srcset=\"https:\/\/katolicka-gimnazija.hr\/wp-content\/uploads\/2016\/04\/strucno2-300x225.jpg 300w, https:\/\/katolicka-gimnazija.hr\/wp-content\/uploads\/2016\/04\/strucno2-768x576.jpg 768w, https:\/\/katolicka-gimnazija.hr\/wp-content\/uploads\/2016\/04\/strucno2-1024x768.jpg 1024w, https:\/\/katolicka-gimnazija.hr\/wp-content\/uploads\/2016\/04\/strucno2-360x270.jpg 360w, https:\/\/katolicka-gimnazija.hr\/wp-content\/uploads\/2016\/04\/strucno2-750x563.jpg 750w, https:\/\/katolicka-gimnazija.hr\/wp-content\/uploads\/2016\/04\/strucno2-400x300.jpg 400w, https:\/\/katolicka-gimnazija.hr\/wp-content\/uploads\/2016\/04\/strucno2-430x323.jpg 430w, https:\/\/katolicka-gimnazija.hr\/wp-content\/uploads\/2016\/04\/strucno2-150x113.jpg 150w, https:\/\/katolicka-gimnazija.hr\/wp-content\/uploads\/2016\/04\/strucno2-100x75.jpg 100w, https:\/\/katolicka-gimnazija.hr\/wp-content\/uploads\/2016\/04\/strucno2.jpg 1280w\" sizes=\"auto, (max-width: 300px) 100vw, 300px\" \/><br \/>\nU subotu, 9. travnja u prostoru Me\u0111ubiskupijskog sjemeni\u0161ta i Nadbiskupske klasi\u010dne gimnazije u Zagrebu odr\u017eano je stru\u010dno usavr\u0161avanje djelatnika katoli\u010dkih osnovnih i srednih \u0161kola u Republici Hrvatskoj. Tema stru\u010dnoga skupa na kojem su aktivno sudjelovali i djelatnici na\u0161e Katoli\u010dke gimnazije bila je &#8220;Duh i duhovnost u\u010ditelja i djelatnika katoli\u010dke \u0161kole&#8221;.<\/p>\n<p>Nakon kratkog pozdrava i uputa voditeljice Nacionalnog ureda za katoli\u010dke \u0161kole Ivane Petrak, prisutnima se obratio biskup Antuna \u0160kvor\u010devi\u0107a koji je predsjednik<br \/>\nVije\u0107a HBK za za <img loading=\"lazy\" decoding=\"async\" class=\"size-medium wp-image-4642 alignleft\" src=\"http:\/\/katolicka-gimnazija.hr\/wp-content\/uploads\/2016\/04\/strucno-300x225.jpg\" alt=\"strucno\" width=\"300\" height=\"225\" srcset=\"https:\/\/katolicka-gimnazija.hr\/wp-content\/uploads\/2016\/04\/strucno-300x225.jpg 300w, https:\/\/katolicka-gimnazija.hr\/wp-content\/uploads\/2016\/04\/strucno-768x576.jpg 768w, https:\/\/katolicka-gimnazija.hr\/wp-content\/uploads\/2016\/04\/strucno-360x270.jpg 360w, https:\/\/katolicka-gimnazija.hr\/wp-content\/uploads\/2016\/04\/strucno-750x563.jpg 750w, https:\/\/katolicka-gimnazija.hr\/wp-content\/uploads\/2016\/04\/strucno-400x300.jpg 400w, https:\/\/katolicka-gimnazija.hr\/wp-content\/uploads\/2016\/04\/strucno-430x323.jpg 430w, https:\/\/katolicka-gimnazija.hr\/wp-content\/uploads\/2016\/04\/strucno-150x113.jpg 150w, https:\/\/katolicka-gimnazija.hr\/wp-content\/uploads\/2016\/04\/strucno-100x75.jpg 100w, https:\/\/katolicka-gimnazija.hr\/wp-content\/uploads\/2016\/04\/strucno.jpg 1016w\" sizes=\"auto, (max-width: 300px) 100vw, 300px\" \/>katoli\u010dki odgoj i obrazovanje.<\/p>\n<p>U dopodnevnom dijelu skupa predavanja su odr\u017eali doc. dr. sc. Dario Toki\u0107 sa Katoli\u010dkog bogoslovnog fakulteta u Zagrebu i doc. dr. sc. Niko Bili\u0107 sa Filozofskog fakulteta dru\u017ebe Isusove u Zagrebu.<br \/>\nNakon kratke pauze za ru\u010dak uslijedile su tematske radionce u kojima se prvenstveno raspravljalo o kurikularnj reformi s posebnim naglaskom na katoli\u010dke \u0161kole. Skup je zaklju\u010den zajedni\u010dkim euharistijskim slavljem u kripti sjemeni\u0161ne crkve sv. Antuna Padovanskog, a predvodio ju je biskup Antun \u0160kovr\u010devi\u0107 u koncelebraciji s prisutnim sve\u0107enicima. <\/p>\n","protected":false},"excerpt":{"rendered":"<p>U subotu, 9. travnja u prostoru Me\u0111ubiskupijskog sjemeni\u0161ta i Nadbiskupske klasi\u010dne gimnazije u Zagrebu odr\u017eano je stru\u010dno usavr\u0161avanje djelatnika katoli\u010dkih osnovnih i srednih \u0161kola u Republici Hrvatskoj. Tema stru\u010dnoga skupa na kojem su aktivno sudjelovali i djelatnici na\u0161e Katoli\u010dke gimnazije bila je &#8220;Duh i duhovnost u\u010ditelja i djelatnika katoli\u010dke \u0161kole&#8221;. Nakon kratkog pozdrava i uputa [&hellip;]<\/p>\n","protected":false},"author":1,"featured_media":4642,"comment_status":"closed","ping_status":"closed","sticky":false,"template":"","format":"standard","meta":{"footnotes":""},"categories":[2],"tags":[],"class_list":["post-4640","post","type-post","status-publish","format-standard","has-post-thumbnail","hentry","category-vijesti"],"_links":{"self":[{"href":"https:\/\/katolicka-gimnazija.hr\/index.php\/wp-json\/wp\/v2\/posts\/4640","targetHints":{"allow":["GET"]}}],"collection":[{"href":"https:\/\/katolicka-gimnazija.hr\/index.php\/wp-json\/wp\/v2\/posts"}],"about":[{"href":"https:\/\/katolicka-gimnazija.hr\/index.php\/wp-json\/wp\/v2\/types\/post"}],"author":[{"embeddable":true,"href":"https:\/\/katolicka-gimnazija.hr\/index.php\/wp-json\/wp\/v2\/users\/1"}],"replies":[{"embeddable":true,"href":"https:\/\/katolicka-gimnazija.hr\/index.php\/wp-json\/wp\/v2\/comments?post=4640"}],"version-history":[{"count":4,"href":"https:\/\/katolicka-gimnazija.hr\/index.php\/wp-json\/wp\/v2\/posts\/4640\/revisions"}],"predecessor-version":[{"id":15073,"href":"https:\/\/katolicka-gimnazija.hr\/index.php\/wp-json\/wp\/v2\/posts\/4640\/revisions\/15073"}],"wp:featuredmedia":[{"embeddable":true,"href":"https:\/\/katolicka-gimnazija.hr\/index.php\/wp-json\/wp\/v2\/media\/4642"}],"wp:attachment":[{"href":"https:\/\/katolicka-gimnazija.hr\/index.php\/wp-json\/wp\/v2\/media?parent=4640"}],"wp:term":[{"taxonomy":"category","embeddable":true,"href":"https:\/\/katolicka-gimnazija.hr\/index.php\/wp-json\/wp\/v2\/categories?post=4640"},{"taxonomy":"post_tag","embeddable":true,"href":"https:\/\/katolicka-gimnazija.hr\/index.php\/wp-json\/wp\/v2\/tags?post=4640"}],"curies":[{"name":"wp","href":"https:\/\/api.w.org\/{rel}","templated":true}]}}