{"id":4646,"date":"2016-04-11T07:04:49","date_gmt":"2016-04-11T07:04:49","guid":{"rendered":"http:\/\/katolicka-gimnazija.hr\/?p=4646"},"modified":"2016-04-11T07:04:49","modified_gmt":"2016-04-11T07:04:49","slug":"dan-otvorenih-vrata-skole","status":"publish","type":"post","link":"https:\/\/katolicka-gimnazija.hr\/index.php\/2016\/04\/11\/dan-otvorenih-vrata-skole\/","title":{"rendered":"Dan otvorenih vrata \u0161kole"},"content":{"rendered":"<p style=\"text-align: center;\"><strong>U petak, 22. travnja 2016. godine odr\u017eava se Dan otvorenih vrata Katoli\u010dke gimnazije s pravom javnosti u Po\u017eegi. <\/strong><\/p>\n<p style=\"text-align: center;\"><strong>Program zapo\u010dinje u 10, a traje do 15 sati.<\/strong><\/p>\n<p style=\"text-align: center;\"><strong>\u010cast nam je pozvati Vas da nas posjetite i budete na\u0161 gost toga dana.<\/strong><\/p>\n<p><img loading=\"lazy\" decoding=\"async\" class=\"alignleft size-medium wp-image-4647\" src=\"http:\/\/katolicka-gimnazija.hr\/wp-content\/uploads\/2016\/04\/Otvorena-vrata-\u0161kole-212x300.jpg\" alt=\"Otvorena vrata \u0161kole\" width=\"212\" height=\"300\" srcset=\"https:\/\/katolicka-gimnazija.hr\/wp-content\/uploads\/2016\/04\/Otvorena-vrata-\u0161kole-212x300.jpg 212w, https:\/\/katolicka-gimnazija.hr\/wp-content\/uploads\/2016\/04\/Otvorena-vrata-\u0161kole-360x509.jpg 360w, https:\/\/katolicka-gimnazija.hr\/wp-content\/uploads\/2016\/04\/Otvorena-vrata-\u0161kole-400x566.jpg 400w, https:\/\/katolicka-gimnazija.hr\/wp-content\/uploads\/2016\/04\/Otvorena-vrata-\u0161kole-430x608.jpg 430w, https:\/\/katolicka-gimnazija.hr\/wp-content\/uploads\/2016\/04\/Otvorena-vrata-\u0161kole-150x212.jpg 150w, https:\/\/katolicka-gimnazija.hr\/wp-content\/uploads\/2016\/04\/Otvorena-vrata-\u0161kole-100x141.jpg 100w, https:\/\/katolicka-gimnazija.hr\/wp-content\/uploads\/2016\/04\/Otvorena-vrata-\u0161kole.jpg 679w\" sizes=\"auto, (max-width: 212px) 100vw, 212px\" \/>Cilj nam je pokazati prostore na\u0161e \u0161kole svim zainteresiranima, ali jo\u0161 vi\u0161e \u017eelimo posvjedo\u010diti otvorenost na\u0161ih u\u010denika, profesora i djelatnika koji se raduju susretu s posjetiteljima. Na neformalan, zabavan i doista raznolik na\u010din \u017eelimo predstaviti na\u0161e aktivnosti i \u017eivot \u0161kole ponajprije osnovno\u0161kolcima. Bit \u0107e tu caffe bar, upoznavanje anti\u010dke kulture i jezika, kreativne radionice, nagradna natjecanja, predstava, zabavna matematika, dru\u0161tvene igre, obilazak zgrade, kemijski i fizikalni eksperimenti i jo\u0161 mnogo toga.<br \/>\n\u010cekamo vas :)!<\/p>\n<p>Za sve ostale informacije obratite nam se putem emaila\u00a0<strong><a href=\"mailto:tajnistvo@katolicka-gimnazija.hr\">tajnistvo@katolicka-gimnazija.hr<\/a><\/strong> ili na nasoj <strong><a href=\"https:\/\/www.facebook.com\/Nautes-KG-Po%C5%BEega-206809962671415\/\">FB stranici<\/a><\/strong>.<\/p>\n","protected":false},"excerpt":{"rendered":"<p>U petak, 22. travnja 2016. godine odr\u017eava se Dan otvorenih vrata Katoli\u010dke gimnazije s pravom javnosti u Po\u017eegi. Program zapo\u010dinje u 10, a traje do 15 sati. \u010cast nam je pozvati Vas da nas posjetite i budete na\u0161 gost toga dana. Cilj nam je pokazati prostore na\u0161e \u0161kole svim zainteresiranima, ali jo\u0161 vi\u0161e \u017eelimo posvjedo\u010diti [&hellip;]<\/p>\n","protected":false},"author":1,"featured_media":4647,"comment_status":"closed","ping_status":"closed","sticky":false,"template":"","format":"standard","meta":{"footnotes":""},"categories":[3],"tags":[],"class_list":["post-4646","post","type-post","status-publish","format-standard","has-post-thumbnail","hentry","category-obavijesti"],"_links":{"self":[{"href":"https:\/\/katolicka-gimnazija.hr\/index.php\/wp-json\/wp\/v2\/posts\/4646","targetHints":{"allow":["GET"]}}],"collection":[{"href":"https:\/\/katolicka-gimnazija.hr\/index.php\/wp-json\/wp\/v2\/posts"}],"about":[{"href":"https:\/\/katolicka-gimnazija.hr\/index.php\/wp-json\/wp\/v2\/types\/post"}],"author":[{"embeddable":true,"href":"https:\/\/katolicka-gimnazija.hr\/index.php\/wp-json\/wp\/v2\/users\/1"}],"replies":[{"embeddable":true,"href":"https:\/\/katolicka-gimnazija.hr\/index.php\/wp-json\/wp\/v2\/comments?post=4646"}],"version-history":[{"count":1,"href":"https:\/\/katolicka-gimnazija.hr\/index.php\/wp-json\/wp\/v2\/posts\/4646\/revisions"}],"predecessor-version":[{"id":4648,"href":"https:\/\/katolicka-gimnazija.hr\/index.php\/wp-json\/wp\/v2\/posts\/4646\/revisions\/4648"}],"wp:featuredmedia":[{"embeddable":true,"href":"https:\/\/katolicka-gimnazija.hr\/index.php\/wp-json\/wp\/v2\/media\/4647"}],"wp:attachment":[{"href":"https:\/\/katolicka-gimnazija.hr\/index.php\/wp-json\/wp\/v2\/media?parent=4646"}],"wp:term":[{"taxonomy":"category","embeddable":true,"href":"https:\/\/katolicka-gimnazija.hr\/index.php\/wp-json\/wp\/v2\/categories?post=4646"},{"taxonomy":"post_tag","embeddable":true,"href":"https:\/\/katolicka-gimnazija.hr\/index.php\/wp-json\/wp\/v2\/tags?post=4646"}],"curies":[{"name":"wp","href":"https:\/\/api.w.org\/{rel}","templated":true}]}}