{"id":4651,"date":"2016-04-11T07:20:53","date_gmt":"2016-04-11T07:20:53","guid":{"rendered":"http:\/\/katolicka-gimnazija.hr\/?p=4651"},"modified":"2018-12-28T14:27:19","modified_gmt":"2018-12-28T14:27:19","slug":"informacije-o-radu-3-sjednice-razrednog-vijeca-razrednog-odjela-4-a","status":"publish","type":"post","link":"https:\/\/katolicka-gimnazija.hr\/index.php\/2016\/04\/11\/informacije-o-radu-3-sjednice-razrednog-vijeca-razrednog-odjela-4-a\/","title":{"rendered":"Informacije o radu 3. sjednice Razrednog vije\u0107a razrednog odjela 4.a"},"content":{"rendered":"<p>3. sjednica Razrednog vije\u0107a razrednog odjela 4.a Katoli\u010dke gimnazije s pravom javnosti u \u0161kolskoj godini 2015.\/2016. dana 12. travnja 2016. godine s po\u010detkom u 14:30 sati<\/p>\n<p><strong>Dnevni red:<\/strong><br \/>\n1. Usvajanje Zapisnika s prethodne sjednice Razrednog vije\u0107a Katoli\u010dke gimnazije s pravom javnosti<br \/>\n2. Izricanje pedago\u0161ke mjere ukora<br \/>\n3. Razno <\/p>\n","protected":false},"excerpt":{"rendered":"<p>3. sjednica Razrednog vije\u0107a razrednog odjela 4.a Katoli\u010dke gimnazije s pravom javnosti u \u0161kolskoj godini 2015.\/2016. dana 12. travnja 2016. godine s po\u010detkom u 14:30 sati Dnevni red: 1. Usvajanje Zapisnika s prethodne sjednice Razrednog vije\u0107a Katoli\u010dke gimnazije s pravom javnosti 2. Izricanje pedago\u0161ke mjere ukora 3. Razno<\/p>\n","protected":false},"author":1,"featured_media":0,"comment_status":"closed","ping_status":"closed","sticky":false,"template":"","format":"standard","meta":{"footnotes":""},"categories":[2],"tags":[],"class_list":["post-4651","post","type-post","status-publish","format-standard","hentry","category-vijesti"],"_links":{"self":[{"href":"https:\/\/katolicka-gimnazija.hr\/index.php\/wp-json\/wp\/v2\/posts\/4651","targetHints":{"allow":["GET"]}}],"collection":[{"href":"https:\/\/katolicka-gimnazija.hr\/index.php\/wp-json\/wp\/v2\/posts"}],"about":[{"href":"https:\/\/katolicka-gimnazija.hr\/index.php\/wp-json\/wp\/v2\/types\/post"}],"author":[{"embeddable":true,"href":"https:\/\/katolicka-gimnazija.hr\/index.php\/wp-json\/wp\/v2\/users\/1"}],"replies":[{"embeddable":true,"href":"https:\/\/katolicka-gimnazija.hr\/index.php\/wp-json\/wp\/v2\/comments?post=4651"}],"version-history":[{"count":2,"href":"https:\/\/katolicka-gimnazija.hr\/index.php\/wp-json\/wp\/v2\/posts\/4651\/revisions"}],"predecessor-version":[{"id":15071,"href":"https:\/\/katolicka-gimnazija.hr\/index.php\/wp-json\/wp\/v2\/posts\/4651\/revisions\/15071"}],"wp:attachment":[{"href":"https:\/\/katolicka-gimnazija.hr\/index.php\/wp-json\/wp\/v2\/media?parent=4651"}],"wp:term":[{"taxonomy":"category","embeddable":true,"href":"https:\/\/katolicka-gimnazija.hr\/index.php\/wp-json\/wp\/v2\/categories?post=4651"},{"taxonomy":"post_tag","embeddable":true,"href":"https:\/\/katolicka-gimnazija.hr\/index.php\/wp-json\/wp\/v2\/tags?post=4651"}],"curies":[{"name":"wp","href":"https:\/\/api.w.org\/{rel}","templated":true}]}}