{"id":4662,"date":"2016-04-11T20:05:24","date_gmt":"2016-04-11T20:05:24","guid":{"rendered":"http:\/\/katolicka-gimnazija.hr\/?p=4662"},"modified":"2018-12-28T14:26:56","modified_gmt":"2018-12-28T14:26:56","slug":"kiklop-i-nautes-u-sibeniku","status":"publish","type":"post","link":"https:\/\/katolicka-gimnazija.hr\/index.php\/2016\/04\/11\/kiklop-i-nautes-u-sibeniku\/","title":{"rendered":"Kiklop i Nautes u \u0160ibeniku"},"content":{"rendered":"<p>Kao \u0161to smo i najavljivali, od 6. do 8. travnja u \u0160ibeniku se odr\u017eala dr\u017eavna smotra literarnog, dramskog i novinarskog izri\u010daja, poznatija kao LiDraNo. U\u010denici srednjih \u0161kola iz cijele Hrvatske koji su zadovoljili kriterije stru\u010dnog vije\u0107a \u017eupanijskoga LiDraNa na\u0161li su se u Solaris Beach Resortu, ljetovali\u0161tu nedaleko turisti\u010dkog i povijesnog grada \u0160ibenika. Srednjo\u0161kolci su, zajedno sa svojim mentorima, zaslu\u017eeno u\u017eivali tri dana u \u0160ibeniku, pla\u017eama, dru\u017eenju, hotelskom smje\u0161taju i svemu ostalomu. Budu\u0107i da je sudjelovala i na\u0161a Katoli\u010dka gimnazija, i na\u0161i su se KG-ovci odli\u010dno proveli.<\/p>\n<p><a href=\"http:\/\/katolicka-gimnazija.hr\/wp-content\/uploads\/2016\/04\/13007367_1178275245524877_6735560795398510182_n.jpg\" rel=\"attachment wp-att-4667\"><img loading=\"lazy\" decoding=\"async\" class=\"alignleft size-medium wp-image-4667\" src=\"http:\/\/katolicka-gimnazija.hr\/wp-content\/uploads\/2016\/04\/13007367_1178275245524877_6735560795398510182_n-300x200.jpg\" alt=\"13007367_1178275245524877_6735560795398510182_n\" width=\"300\" height=\"200\" srcset=\"https:\/\/katolicka-gimnazija.hr\/wp-content\/uploads\/2016\/04\/13007367_1178275245524877_6735560795398510182_n-300x200.jpg 300w, https:\/\/katolicka-gimnazija.hr\/wp-content\/uploads\/2016\/04\/13007367_1178275245524877_6735560795398510182_n-768x512.jpg 768w, https:\/\/katolicka-gimnazija.hr\/wp-content\/uploads\/2016\/04\/13007367_1178275245524877_6735560795398510182_n-360x240.jpg 360w, https:\/\/katolicka-gimnazija.hr\/wp-content\/uploads\/2016\/04\/13007367_1178275245524877_6735560795398510182_n-750x500.jpg 750w, https:\/\/katolicka-gimnazija.hr\/wp-content\/uploads\/2016\/04\/13007367_1178275245524877_6735560795398510182_n-400x267.jpg 400w, https:\/\/katolicka-gimnazija.hr\/wp-content\/uploads\/2016\/04\/13007367_1178275245524877_6735560795398510182_n-430x287.jpg 430w, https:\/\/katolicka-gimnazija.hr\/wp-content\/uploads\/2016\/04\/13007367_1178275245524877_6735560795398510182_n-150x100.jpg 150w, https:\/\/katolicka-gimnazija.hr\/wp-content\/uploads\/2016\/04\/13007367_1178275245524877_6735560795398510182_n-100x67.jpg 100w, https:\/\/katolicka-gimnazija.hr\/wp-content\/uploads\/2016\/04\/13007367_1178275245524877_6735560795398510182_n.jpg 960w\" sizes=\"auto, (max-width: 300px) 100vw, 300px\" \/><\/a>Svi sudionici u Solaris su stigli u srijedu tijekom prijepodneva. Poslijepodne je bilo rezervirano za pokuse pojedina\u010dnih i skupnih scenskih nastupa, dok je sve\u010dano otvorenje bilo u ve\u010dernjim satima, a nakon toga prvi nastupi pojedinaca. Sutradan, nakon doru\u010dka, slijedio je nastavak nastupa pojedinaca te otvaranje izlo\u017ebe \u0161kolskih listova, a potom i okrugli stolovi za novinarski i literarni izri\u010daj. Nakon ve\u010dere svi su mogli prisustvovati slu\u0161anje radijskih emisija. Posljednji dan odr\u017ean je okrugli stol za dramske skupine i pojedince te sve\u010dano zatvaranje smotre.<\/p>\n<p>Predstavnik na\u0161e dramske dru\u017eine bio je Petar Petrovi\u0107 pod vodstvom mentorice Marijane \u0106orluke. Kao \u0161to mo\u017eete vidjeti, Petar je sudjelovao u dramskom izri\u010daju i to izvo\u0111enjem monologa Kiklop R. Marinkovi\u0107a. Njegovu mentoricu, profesoricu \u0106orluku, pitali smo za dojam ovogodi\u0161njeg LiDraNa. \u201eOvogodi\u0161nji sudionici LiDraNa najbolji su promicatelji kreativnosti i mladena\u010dkih zanosa. Svojim izri\u010dajima kvalitetno i osebujno promi\u0161ljaju o svijetu koji ih okru\u017euje. Upravo zato \u0161to su osebujni, na\u0161li su se na dr\u017eavnoj smotri, a jesu li se mo\u017eda neki na njoj na\u0161li jer su bili slabiji ili mo\u017eda u odnosu na neke prosje\u010dni, te\u0161ko je odgovoriti upravo radi osobitosti smotre koja u sebi nosi primjesu subjektivne procjene. Ipak,\u00a0 radove je procijenilo dr\u017eavno povjerenstvo i u tom kontekstu bi se moglo re\u0107i da su doista svi pokazali bar djeli\u0107 onoga \u0161to je njihov izri\u010daj u\u010dinilo iznimnim.<\/p>\n<p><a href=\"http:\/\/katolicka-gimnazija.hr\/wp-content\/uploads\/2016\/04\/13001177_1178274655524936_8204325900082789264_n.jpg\" rel=\"attachment wp-att-4665\"><img loading=\"lazy\" decoding=\"async\" class=\"size-medium wp-image-4665 alignright\" src=\"http:\/\/katolicka-gimnazija.hr\/wp-content\/uploads\/2016\/04\/13001177_1178274655524936_8204325900082789264_n-300x200.jpg\" alt=\"13001177_1178274655524936_8204325900082789264_n\" width=\"300\" height=\"200\" srcset=\"https:\/\/katolicka-gimnazija.hr\/wp-content\/uploads\/2016\/04\/13001177_1178274655524936_8204325900082789264_n-300x200.jpg 300w, https:\/\/katolicka-gimnazija.hr\/wp-content\/uploads\/2016\/04\/13001177_1178274655524936_8204325900082789264_n-768x512.jpg 768w, https:\/\/katolicka-gimnazija.hr\/wp-content\/uploads\/2016\/04\/13001177_1178274655524936_8204325900082789264_n-1024x683.jpg 1024w, https:\/\/katolicka-gimnazija.hr\/wp-content\/uploads\/2016\/04\/13001177_1178274655524936_8204325900082789264_n-360x240.jpg 360w, https:\/\/katolicka-gimnazija.hr\/wp-content\/uploads\/2016\/04\/13001177_1178274655524936_8204325900082789264_n-750x500.jpg 750w, https:\/\/katolicka-gimnazija.hr\/wp-content\/uploads\/2016\/04\/13001177_1178274655524936_8204325900082789264_n-400x267.jpg 400w, https:\/\/katolicka-gimnazija.hr\/wp-content\/uploads\/2016\/04\/13001177_1178274655524936_8204325900082789264_n-430x287.jpg 430w, https:\/\/katolicka-gimnazija.hr\/wp-content\/uploads\/2016\/04\/13001177_1178274655524936_8204325900082789264_n-150x100.jpg 150w, https:\/\/katolicka-gimnazija.hr\/wp-content\/uploads\/2016\/04\/13001177_1178274655524936_8204325900082789264_n-100x67.jpg 100w, https:\/\/katolicka-gimnazija.hr\/wp-content\/uploads\/2016\/04\/13001177_1178274655524936_8204325900082789264_n.jpg 1500w\" sizes=\"auto, (max-width: 300px) 100vw, 300px\" \/><\/a>Dramski dio smotre odgledala sam u cijelosti uspore\u0111uju\u0107i svoj rad s onim \u0161to sam vidjela, a Petrov nastup valja prokomentirati rije\u010dima glumice Vlaste Ramljak: \u201eDobro vozi. Talentiran de\u010dko.\u201c pa na tragu toga mogu re\u0107i da je Petar, prate\u0107i i ostale izvedbe, dobio neprocjenjivi dar \u2013 novo iskustvo na sceni i mogu\u0107nost samoprocjene, a komentar \u010dlanice dr\u017eavnoga povjerenstva vjetar je u le\u0111a koji mu potiho poru\u010duje da ne zanemari talente kojima ga je Bog obdario, no i da ne zaboravi iste te talente njegovati i dalje razvijati. Kada se spoji talent i ustrajnost, rezultati ne izostaju.<\/p>\n<p>\u0160ibenik je ovom smotrom pokazao svoju srda\u010dnost, otvorenost te dobru organiziranost. Idealno bi bilo da cijela smotra nije vremenski ograni\u010dena\u00a0 jer bi onda ostalo prostora za neki izlet kojemu bi se zasigurno svi najiskrenije radovali. To je, me\u0111utim, dio neke druge pri\u010de koja nema veze sa \u0160ibenikom, a koja uvijek zasjeni ljepotu koju LiDraNo u sebi nosi \u2013 ljepotu mladosti, rada, energije, ljepotu koju bi trebali vidjeti i oni koji svaki poku\u0161aj odr\u017eavanja kulture odvode u nekom drugom smjeru.\u201c<\/p>\n<p><a href=\"http:\/\/katolicka-gimnazija.hr\/wp-content\/uploads\/2016\/04\/13006555_1178277968857938_1176508209247453777_n.jpg\" rel=\"attachment wp-att-4666\"><img loading=\"lazy\" decoding=\"async\" class=\"alignleft size-medium wp-image-4666\" src=\"http:\/\/katolicka-gimnazija.hr\/wp-content\/uploads\/2016\/04\/13006555_1178277968857938_1176508209247453777_n-300x200.jpg\" alt=\"13006555_1178277968857938_1176508209247453777_n\" width=\"300\" height=\"200\" srcset=\"https:\/\/katolicka-gimnazija.hr\/wp-content\/uploads\/2016\/04\/13006555_1178277968857938_1176508209247453777_n-300x200.jpg 300w, https:\/\/katolicka-gimnazija.hr\/wp-content\/uploads\/2016\/04\/13006555_1178277968857938_1176508209247453777_n-768x512.jpg 768w, https:\/\/katolicka-gimnazija.hr\/wp-content\/uploads\/2016\/04\/13006555_1178277968857938_1176508209247453777_n-1024x683.jpg 1024w, https:\/\/katolicka-gimnazija.hr\/wp-content\/uploads\/2016\/04\/13006555_1178277968857938_1176508209247453777_n-360x240.jpg 360w, https:\/\/katolicka-gimnazija.hr\/wp-content\/uploads\/2016\/04\/13006555_1178277968857938_1176508209247453777_n-750x500.jpg 750w, https:\/\/katolicka-gimnazija.hr\/wp-content\/uploads\/2016\/04\/13006555_1178277968857938_1176508209247453777_n-400x267.jpg 400w, https:\/\/katolicka-gimnazija.hr\/wp-content\/uploads\/2016\/04\/13006555_1178277968857938_1176508209247453777_n-430x287.jpg 430w, https:\/\/katolicka-gimnazija.hr\/wp-content\/uploads\/2016\/04\/13006555_1178277968857938_1176508209247453777_n-150x100.jpg 150w, https:\/\/katolicka-gimnazija.hr\/wp-content\/uploads\/2016\/04\/13006555_1178277968857938_1176508209247453777_n-100x67.jpg 100w, https:\/\/katolicka-gimnazija.hr\/wp-content\/uploads\/2016\/04\/13006555_1178277968857938_1176508209247453777_n.jpg 1500w\" sizes=\"auto, (max-width: 300px) 100vw, 300px\" \/><\/a>Osim u dramskom izri\u010daju, sudjelovali smo i u novinarskom, u kategoriji \u0161kolskih listova i to po prvi put. Na\u0161 su \u0161kolski list Nautes u \u0160ibeniku predstavljali urednica \u010dasopisa Jana Julari\u0107 te njezin mentor Miroslav Pauli\u0107. Oboje su zadovoljni pozitivnim komentarima vije\u0107a te podr\u0161kom da nastave s radom i, ako su u mogu\u0107nosti, s tiskanjem lista posebno zbog toga \u0161to je ovo tek drugi broj lista, a ve\u0107 je dostigao kvalitetu za dr\u017eavnu razinu. Na smotri je uz na\u0161 Nautes sudjelovalo deset \u010dasopisa od 44 pristiglih dr\u017eavnom povjerenstvu. Na okruglom stolu povjerenstvo je predstavilo svaki list nakon \u010dega se vodila izuzetno bogata i konstruktivna diskusija koja je mnogima, osobito onima s manje iskustva, bila dragocjena za rad koji im predstoji nakon povratka u \u0161kolske klupe.<\/p>\n<p>Sve u svemu put u \u0160ibenik pro\u0161ao je i vi\u0161e nego korisno budu\u0107i da je bio odli\u010dna prigoda za upoznavanje novih ljudi, posjet novome mjestu, te jedno veliko iskustvo za pam\u0107enje ali i napredovanje. Tri dana u \u0160ibeniku su vrlo brzo pro\u0161la, no mi se nadamo da \u0107e na\u0161a \u0161kola i sljede\u0107e godine imati predstavnika na dr\u017eavnom LiDraNu 2017. <\/p>\n","protected":false},"excerpt":{"rendered":"<p>Kao \u0161to smo i najavljivali, od 6. do 8. travnja u \u0160ibeniku se odr\u017eala dr\u017eavna smotra literarnog, dramskog i novinarskog izri\u010daja, poznatija kao LiDraNo. U\u010denici srednjih \u0161kola iz cijele Hrvatske koji su zadovoljili kriterije stru\u010dnog vije\u0107a \u017eupanijskoga LiDraNa na\u0161li su se u Solaris Beach Resortu, ljetovali\u0161tu nedaleko turisti\u010dkog i povijesnog grada \u0160ibenika. Srednjo\u0161kolci su, zajedno [&hellip;]<\/p>\n","protected":false},"author":1,"featured_media":4664,"comment_status":"closed","ping_status":"closed","sticky":false,"template":"","format":"standard","meta":{"footnotes":""},"categories":[4,2],"tags":[],"class_list":["post-4662","post","type-post","status-publish","format-standard","has-post-thumbnail","hentry","category-fotogalerije","category-vijesti"],"_links":{"self":[{"href":"https:\/\/katolicka-gimnazija.hr\/index.php\/wp-json\/wp\/v2\/posts\/4662","targetHints":{"allow":["GET"]}}],"collection":[{"href":"https:\/\/katolicka-gimnazija.hr\/index.php\/wp-json\/wp\/v2\/posts"}],"about":[{"href":"https:\/\/katolicka-gimnazija.hr\/index.php\/wp-json\/wp\/v2\/types\/post"}],"author":[{"embeddable":true,"href":"https:\/\/katolicka-gimnazija.hr\/index.php\/wp-json\/wp\/v2\/users\/1"}],"replies":[{"embeddable":true,"href":"https:\/\/katolicka-gimnazija.hr\/index.php\/wp-json\/wp\/v2\/comments?post=4662"}],"version-history":[{"count":3,"href":"https:\/\/katolicka-gimnazija.hr\/index.php\/wp-json\/wp\/v2\/posts\/4662\/revisions"}],"predecessor-version":[{"id":15068,"href":"https:\/\/katolicka-gimnazija.hr\/index.php\/wp-json\/wp\/v2\/posts\/4662\/revisions\/15068"}],"wp:featuredmedia":[{"embeddable":true,"href":"https:\/\/katolicka-gimnazija.hr\/index.php\/wp-json\/wp\/v2\/media\/4664"}],"wp:attachment":[{"href":"https:\/\/katolicka-gimnazija.hr\/index.php\/wp-json\/wp\/v2\/media?parent=4662"}],"wp:term":[{"taxonomy":"category","embeddable":true,"href":"https:\/\/katolicka-gimnazija.hr\/index.php\/wp-json\/wp\/v2\/categories?post=4662"},{"taxonomy":"post_tag","embeddable":true,"href":"https:\/\/katolicka-gimnazija.hr\/index.php\/wp-json\/wp\/v2\/tags?post=4662"}],"curies":[{"name":"wp","href":"https:\/\/api.w.org\/{rel}","templated":true}]}}