{"id":523,"date":"2015-09-26T14:27:08","date_gmt":"2015-09-26T14:27:08","guid":{"rendered":"http:\/\/katolicka-gimnazija.hr\/?p=523"},"modified":"2018-12-28T15:10:46","modified_gmt":"2018-12-28T15:10:46","slug":"europski-dan-jezika-u-europskoj-kg","status":"publish","type":"post","link":"https:\/\/katolicka-gimnazija.hr\/index.php\/2015\/09\/26\/europski-dan-jezika-u-europskoj-kg\/","title":{"rendered":"Europski dan jezika u europskoj KG"},"content":{"rendered":"<figure id=\"attachment_524\" aria-describedby=\"caption-attachment-524\" style=\"width: 300px\" class=\"wp-caption alignleft\"><a href=\"http:\/\/katolicka-gimnazija.hr\/wp-content\/uploads\/2015\/09\/DSC_00622.jpg\"><img loading=\"lazy\" decoding=\"async\" class=\"wp-image-524 size-medium\" src=\"http:\/\/katolicka-gimnazija.hr\/wp-content\/uploads\/2015\/09\/DSC_00622-300x200.jpg\" alt=\"DSC_0062\" width=\"300\" height=\"200\" srcset=\"https:\/\/katolicka-gimnazija.hr\/wp-content\/uploads\/2015\/09\/DSC_00622-300x200.jpg 300w, https:\/\/katolicka-gimnazija.hr\/wp-content\/uploads\/2015\/09\/DSC_00622-768x512.jpg 768w, https:\/\/katolicka-gimnazija.hr\/wp-content\/uploads\/2015\/09\/DSC_00622-400x267.jpg 400w, https:\/\/katolicka-gimnazija.hr\/wp-content\/uploads\/2015\/09\/DSC_00622-1024x683.jpg 1024w, https:\/\/katolicka-gimnazija.hr\/wp-content\/uploads\/2015\/09\/DSC_00622-360x240.jpg 360w, https:\/\/katolicka-gimnazija.hr\/wp-content\/uploads\/2015\/09\/DSC_00622-750x500.jpg 750w, https:\/\/katolicka-gimnazija.hr\/wp-content\/uploads\/2015\/09\/DSC_00622-430x287.jpg 430w, https:\/\/katolicka-gimnazija.hr\/wp-content\/uploads\/2015\/09\/DSC_00622-150x100.jpg 150w, https:\/\/katolicka-gimnazija.hr\/wp-content\/uploads\/2015\/09\/DSC_00622-100x67.jpg 100w\" sizes=\"auto, (max-width: 300px) 100vw, 300px\" \/><\/a><figcaption id=\"caption-attachment-524\" class=\"wp-caption-text\">Najbolje prijateljice i najdra\u017ei predmeti<\/figcaption><\/figure>\n<p>Europska godina jezika, koju su zajedni\u010dki organizirali Vije\u0107e Europe i Europska unija, 2001. uspjela je uklju\u010diti milijune ljudi diljem 45 zemalja sudionica. Njihove aktivnosti slavile su jezi\u010dnu raznolikost Europe i promicale u\u010denje jezika. Nakon uspjeha te godine, Vije\u0107e Europe proglasilo je <em>Europski dan jezika<\/em> koji se obilje\u017eava 26. rujna svake godine.<\/p>\n<p>Op\u0107i ciljevi Europskog dana jezika su: upozoriti javnost na va\u017enosti u\u010denja jezika i raznolikost raspona nau\u010denih jezika kako bi se pove\u0107ala vi\u0161ejezi\u010dnost i me\u0111ukulturalno razumijevanje, promicati bogatu jezi\u010dnu i kulturnu raznolikost Europe koju treba njegovati i sa\u010duvati te poticati cjelo\u017eivotno u\u010denje jezika u \u0161koli i izvan nje.<\/p>\n<p><strong><em>Poezija na engleskom i njema\u010dkom jeziku<\/em><\/strong><\/p>\n<figure id=\"attachment_526\" aria-describedby=\"caption-attachment-526\" style=\"width: 300px\" class=\"wp-caption alignleft\"><a href=\"http:\/\/katolicka-gimnazija.hr\/wp-content\/uploads\/2015\/09\/DSC_0038.jpg\"><img loading=\"lazy\" decoding=\"async\" class=\"size-medium wp-image-526\" src=\"http:\/\/katolicka-gimnazija.hr\/wp-content\/uploads\/2015\/09\/DSC_0038-300x200.jpg\" alt=\"Lana, Karla i Ante\" width=\"300\" height=\"200\" srcset=\"https:\/\/katolicka-gimnazija.hr\/wp-content\/uploads\/2015\/09\/DSC_0038-300x200.jpg 300w, https:\/\/katolicka-gimnazija.hr\/wp-content\/uploads\/2015\/09\/DSC_0038-768x512.jpg 768w, https:\/\/katolicka-gimnazija.hr\/wp-content\/uploads\/2015\/09\/DSC_0038-400x267.jpg 400w, https:\/\/katolicka-gimnazija.hr\/wp-content\/uploads\/2015\/09\/DSC_0038-1024x683.jpg 1024w, https:\/\/katolicka-gimnazija.hr\/wp-content\/uploads\/2015\/09\/DSC_0038-360x240.jpg 360w, https:\/\/katolicka-gimnazija.hr\/wp-content\/uploads\/2015\/09\/DSC_0038-750x500.jpg 750w, https:\/\/katolicka-gimnazija.hr\/wp-content\/uploads\/2015\/09\/DSC_0038-430x287.jpg 430w, https:\/\/katolicka-gimnazija.hr\/wp-content\/uploads\/2015\/09\/DSC_0038-150x100.jpg 150w, https:\/\/katolicka-gimnazija.hr\/wp-content\/uploads\/2015\/09\/DSC_0038-100x67.jpg 100w\" sizes=\"auto, (max-width: 300px) 100vw, 300px\" \/><\/a><figcaption id=\"caption-attachment-526\" class=\"wp-caption-text\">Lana, Karla i Ante<\/figcaption><\/figure>\n<p>Tako smo i mi ovog 26. rujna simboli\u010dno obilje\u017eili <em>Europski dan jezika<\/em> i podsjetili na\u0161e u\u010denike na va\u017enost u\u010denja stranih jezika te naglasili da nas znanje stranog jezika upoznaje\u00a0 s inovativno\u0161\u0107u, obi\u010dajima i drugim vrijednostima, pove\u0107ava na\u0161e po\u0161tovanje prema onima razli\u010ditog podrijetla, pove\u0107ava kreativnost te razvoj kriti\u010dkog mi\u0161ljenja i analize, pove\u0107ava mo\u017edanu funkcionalnost i fleksibilnost u na\u010dinu razmi\u0161ljanja, pobolj\u0161ava mogu\u0107nost zaposlenja te gradi samouvjerenost. Ovaj Dan organizirale su profesorice stranih jezika u na\u0161oj \u0161koli pomo\u0107u svojih u\u010denika, prof. Milena \u0160koda, prof. Dunja \u0160aro-Vojvodi\u0107 i prof. Verena Didovi\u0107. U\u010denici su ove godine krasnoslovili djela europskih i njema\u010dkih pisaca na njihovim materinjim jezicima pokazuju\u0107i time svoje vje\u0161tine kako ovladanosti stranim jezicima tako drevnom vje\u0161tinom krasnoslova.<\/p>\n<p><strong><em>Strani jezici otvaraju sva vrata<\/em><\/strong><\/p>\n<figure id=\"attachment_525\" aria-describedby=\"caption-attachment-525\" style=\"width: 300px\" class=\"wp-caption alignleft\"><a href=\"http:\/\/katolicka-gimnazija.hr\/wp-content\/uploads\/2015\/09\/DSC_0031.jpg\"><img loading=\"lazy\" decoding=\"async\" class=\"wp-image-525 size-medium\" src=\"http:\/\/katolicka-gimnazija.hr\/wp-content\/uploads\/2015\/09\/DSC_0031-300x200.jpg\" alt=\"DSC_0031\" width=\"300\" height=\"200\" srcset=\"https:\/\/katolicka-gimnazija.hr\/wp-content\/uploads\/2015\/09\/DSC_0031-300x200.jpg 300w, https:\/\/katolicka-gimnazija.hr\/wp-content\/uploads\/2015\/09\/DSC_0031-768x512.jpg 768w, https:\/\/katolicka-gimnazija.hr\/wp-content\/uploads\/2015\/09\/DSC_0031-400x267.jpg 400w, https:\/\/katolicka-gimnazija.hr\/wp-content\/uploads\/2015\/09\/DSC_0031-1024x683.jpg 1024w, https:\/\/katolicka-gimnazija.hr\/wp-content\/uploads\/2015\/09\/DSC_0031-360x240.jpg 360w, https:\/\/katolicka-gimnazija.hr\/wp-content\/uploads\/2015\/09\/DSC_0031-750x500.jpg 750w, https:\/\/katolicka-gimnazija.hr\/wp-content\/uploads\/2015\/09\/DSC_0031-430x287.jpg 430w, https:\/\/katolicka-gimnazija.hr\/wp-content\/uploads\/2015\/09\/DSC_0031-150x100.jpg 150w, https:\/\/katolicka-gimnazija.hr\/wp-content\/uploads\/2015\/09\/DSC_0031-100x67.jpg 100w\" sizes=\"auto, (max-width: 300px) 100vw, 300px\" \/><\/a><figcaption id=\"caption-attachment-525\" class=\"wp-caption-text\">Engleski i njema\u010dki u kamenom dobu<\/figcaption><\/figure>\n<p>U\u010denje stranog jezika tako\u0111er poti\u010de bolje razumijevanje drugih kultura, daje mogu\u0107nost u\u0107i u sam kontekst te druge kulture. Nedostatak multikulturalne osjetljivosti mo\u017ee dovesti do nepovjerenja i nerazumijevanja, do nemogu\u0107nosti sura\u0111ivanja i pregovaranja. Multikulturalno razumijevanje zapo\u010dinje s pojedincima koji imaju jezi\u010dne sposobnosti, koji razumiju izvore stranih vijesti i daju uvid u druge perspektive na me\u0111unarodnoj razini. Za opstanak u globalnoj zajednici, svaki narod treba takve pojedince. Osoba koja je kompetentna u drugim jezicima mo\u017ee premostiti jaz izme\u0111u kultura, pridonijeti me\u0111unarodnoj diplomaciji i uspje\u0161no sudjelovati u me\u0111unarodnoj trgovini. Kako globalizacija i mobilnost sve vi\u0161e napreduju sve je ve\u0107a potreba da gra\u0111anin bude kompetentan drugim jezicima.<\/p>\n<p>&nbsp; <\/p>\n","protected":false},"excerpt":{"rendered":"<p>Europska godina jezika, koju su zajedni\u010dki organizirali Vije\u0107e Europe i Europska unija, 2001. uspjela je uklju\u010diti milijune ljudi diljem 45 zemalja sudionica. Njihove aktivnosti slavile su jezi\u010dnu raznolikost Europe i promicale u\u010denje jezika. Nakon uspjeha te godine, Vije\u0107e Europe proglasilo je Europski dan jezika koji se obilje\u017eava 26. rujna svake godine. Op\u0107i ciljevi Europskog dana [&hellip;]<\/p>\n","protected":false},"author":29,"featured_media":524,"comment_status":"closed","ping_status":"closed","sticky":false,"template":"","format":"standard","meta":{"footnotes":""},"categories":[2],"tags":[54,55,49,52,53,51,50],"class_list":["post-523","post","type-post","status-publish","format-standard","has-post-thumbnail","hentry","category-vijesti","tag-engleski-jezik","tag-europa","tag-europski-dan-jezika","tag-knjizevnosti","tag-njemacki-jezik","tag-poezija","tag-strani-jezici"],"_links":{"self":[{"href":"https:\/\/katolicka-gimnazija.hr\/index.php\/wp-json\/wp\/v2\/posts\/523","targetHints":{"allow":["GET"]}}],"collection":[{"href":"https:\/\/katolicka-gimnazija.hr\/index.php\/wp-json\/wp\/v2\/posts"}],"about":[{"href":"https:\/\/katolicka-gimnazija.hr\/index.php\/wp-json\/wp\/v2\/types\/post"}],"author":[{"embeddable":true,"href":"https:\/\/katolicka-gimnazija.hr\/index.php\/wp-json\/wp\/v2\/users\/29"}],"replies":[{"embeddable":true,"href":"https:\/\/katolicka-gimnazija.hr\/index.php\/wp-json\/wp\/v2\/comments?post=523"}],"version-history":[{"count":6,"href":"https:\/\/katolicka-gimnazija.hr\/index.php\/wp-json\/wp\/v2\/posts\/523\/revisions"}],"predecessor-version":[{"id":15228,"href":"https:\/\/katolicka-gimnazija.hr\/index.php\/wp-json\/wp\/v2\/posts\/523\/revisions\/15228"}],"wp:featuredmedia":[{"embeddable":true,"href":"https:\/\/katolicka-gimnazija.hr\/index.php\/wp-json\/wp\/v2\/media\/524"}],"wp:attachment":[{"href":"https:\/\/katolicka-gimnazija.hr\/index.php\/wp-json\/wp\/v2\/media?parent=523"}],"wp:term":[{"taxonomy":"category","embeddable":true,"href":"https:\/\/katolicka-gimnazija.hr\/index.php\/wp-json\/wp\/v2\/categories?post=523"},{"taxonomy":"post_tag","embeddable":true,"href":"https:\/\/katolicka-gimnazija.hr\/index.php\/wp-json\/wp\/v2\/tags?post=523"}],"curies":[{"name":"wp","href":"https:\/\/api.w.org\/{rel}","templated":true}]}}