{"id":5327,"date":"2016-05-12T15:45:13","date_gmt":"2016-05-12T15:45:13","guid":{"rendered":"http:\/\/katolicka-gimnazija.hr\/?p=5327"},"modified":"2018-12-28T14:22:44","modified_gmt":"2018-12-28T14:22:44","slug":"bolesti-postmodernog-doba-relativizam-i-selfizam","status":"publish","type":"post","link":"https:\/\/katolicka-gimnazija.hr\/index.php\/2016\/05\/12\/bolesti-postmodernog-doba-relativizam-i-selfizam\/","title":{"rendered":"Bolesti postmodernog doba &#8211; relativizam i selfizam"},"content":{"rendered":"<p><a href=\"http:\/\/katolicka-gimnazija.hr\/wp-content\/uploads\/2016\/05\/DSC_0035-1.jpg\" rel=\"attachment wp-att-5313\"><img loading=\"lazy\" decoding=\"async\" class=\"alignleft size-medium wp-image-5313\" src=\"http:\/\/katolicka-gimnazija.hr\/wp-content\/uploads\/2016\/05\/DSC_0035-1-300x200.jpg\" alt=\"DSC_0035\" width=\"300\" height=\"200\" srcset=\"https:\/\/katolicka-gimnazija.hr\/wp-content\/uploads\/2016\/05\/DSC_0035-1-300x200.jpg 300w, https:\/\/katolicka-gimnazija.hr\/wp-content\/uploads\/2016\/05\/DSC_0035-1-768x512.jpg 768w, https:\/\/katolicka-gimnazija.hr\/wp-content\/uploads\/2016\/05\/DSC_0035-1-1024x683.jpg 1024w, https:\/\/katolicka-gimnazija.hr\/wp-content\/uploads\/2016\/05\/DSC_0035-1-360x240.jpg 360w, https:\/\/katolicka-gimnazija.hr\/wp-content\/uploads\/2016\/05\/DSC_0035-1-750x500.jpg 750w, https:\/\/katolicka-gimnazija.hr\/wp-content\/uploads\/2016\/05\/DSC_0035-1-400x267.jpg 400w, https:\/\/katolicka-gimnazija.hr\/wp-content\/uploads\/2016\/05\/DSC_0035-1-430x287.jpg 430w, https:\/\/katolicka-gimnazija.hr\/wp-content\/uploads\/2016\/05\/DSC_0035-1-150x100.jpg 150w, https:\/\/katolicka-gimnazija.hr\/wp-content\/uploads\/2016\/05\/DSC_0035-1-100x67.jpg 100w, https:\/\/katolicka-gimnazija.hr\/wp-content\/uploads\/2016\/05\/DSC_0035-1.jpg 1500w\" sizes=\"auto, (max-width: 300px) 100vw, 300px\" \/><\/a>Centar<em> &#8220;Pro vita et familia&#8221; <\/em>Po\u017ee\u0161ke biskupije organizirao je 11. svibnja \u00a0u Dvorani sv. Terezije Avilske tribinu na temu <em>\u201eVrijeme u kojem \u017eivimo \u2013 selfizam, relativizam i postmoderna\u201c,<\/em> s ciljem promicanja moralnih na\u010dela Katoli\u010dke Crkve o \u017eivotu, braku i obitelji, a koja proizlaze iz Bo\u017ejeg nauma o \u010dovjeku. Samo predavanje odr\u017eala je g\u0111a Silvana Vrdoljak, predsjednica Centra za hagioterapiju Slavonski Brod koja punih 17 godina individualno radi na ovom podru\u010dju i s mladima i s osobama drugih \u017eivotnih dobi razli\u010ditih problema. Tako\u0111er je voditeljica brojnih tribina, seminara, stru\u010dnih predavanja i hagioterapijskih skupina. Ono \u0161to je karakteristi\u010dno jest da od 2004. zapo\u010dinje specifi\u010dan rad na podru\u010dju prevencije ovisnosti upravo s duhovno-antropolo\u0161kog aspekta. Njen rad prepoznali su kako Agencija za odgoj i obrazovanje tako i Ministarstvo znanosti i Ministarstvo zdravlja. Tribina je bila namijenjena u\u010denicima zavr\u0161nih razreda po\u017ee\u0161kih srednjih \u0161kola koji domalo ulaze upravo u taj nemilosrdni svijet relativizma.<\/p>\n<p><strong>Relativizam je bolest dana\u0161njice<\/strong><\/p>\n<p><em>\u201eVjerujem da je svatko od nas ovdje postavljao pitanja tko sam to ja, \u0161to ja \u017eelim postati, kako \u017eivjeti zdravu budu\u0107nost. Tijekom daljnih \u017eivotnih razdoblja koja su pred vama otkrivat \u0107ete kako tek njeguju\u0107i duhovnu dimenziju zapravo mo\u017eemo u potpunosti rasti i razvijati se. U vremenu kojem \u017eivimo \u2013 relativizam, selfizam i postmodernizam. Danas mladi \u010desto znaju re\u0107i da imaju od \u010dega \u017eivjeti, ali nemaju za \u0161to \u017eivjeti. Najve\u0107a trpljenja mladih osoba su na podru\u010dju me\u0111uljudskih odnosa te na podru\u010dju pitanja smisla i besmisla. Rezultat takvog stava i trpljenja je vrijeme u kojem \u017eivimo odnosno pojam relativizma koji je najve\u0107i problem dana\u0161njice. Relativizam se suprotstavlja Bo\u017ejem naumu, obuhva\u0107a svijest \u010dovjeka, od obitelji i odgoja do dru\u0161tvenog djelovanja, te se ne trudi pomo\u0107i \u010dovjeku da misli nego mu nastoji osigurati zabavu, \u017eeli mu re\u0107i da sve \u0161to pojedinac \u010dini da je to za njega dobro.\u201c <\/em>rekla je gospo\u0111a Vrdoljak.<\/p>\n<p><strong>\u0160to smo napredniji, to smo <em>otu\u0111eniji<\/em><\/strong><\/p>\n<p><a href=\"http:\/\/katolicka-gimnazija.hr\/wp-content\/uploads\/2016\/05\/DSC_0025-e1463067769113.jpg\" rel=\"attachment wp-att-5307\"><img loading=\"lazy\" decoding=\"async\" class=\"alignleft wp-image-5307 size-medium\" src=\"http:\/\/katolicka-gimnazija.hr\/wp-content\/uploads\/2016\/05\/DSC_0025-e1463067769113-300x214.jpg\" alt=\"\" width=\"300\" height=\"214\" srcset=\"https:\/\/katolicka-gimnazija.hr\/wp-content\/uploads\/2016\/05\/DSC_0025-e1463067769113-300x214.jpg 300w, https:\/\/katolicka-gimnazija.hr\/wp-content\/uploads\/2016\/05\/DSC_0025-e1463067769113-768x548.jpg 768w, https:\/\/katolicka-gimnazija.hr\/wp-content\/uploads\/2016\/05\/DSC_0025-e1463067769113-1024x730.jpg 1024w, https:\/\/katolicka-gimnazija.hr\/wp-content\/uploads\/2016\/05\/DSC_0025-e1463067769113-360x257.jpg 360w, https:\/\/katolicka-gimnazija.hr\/wp-content\/uploads\/2016\/05\/DSC_0025-e1463067769113-350x250.jpg 350w, https:\/\/katolicka-gimnazija.hr\/wp-content\/uploads\/2016\/05\/DSC_0025-e1463067769113-750x535.jpg 750w, https:\/\/katolicka-gimnazija.hr\/wp-content\/uploads\/2016\/05\/DSC_0025-e1463067769113-400x285.jpg 400w, https:\/\/katolicka-gimnazija.hr\/wp-content\/uploads\/2016\/05\/DSC_0025-e1463067769113-430x307.jpg 430w, https:\/\/katolicka-gimnazija.hr\/wp-content\/uploads\/2016\/05\/DSC_0025-e1463067769113-150x107.jpg 150w, https:\/\/katolicka-gimnazija.hr\/wp-content\/uploads\/2016\/05\/DSC_0025-e1463067769113-100x71.jpg 100w, https:\/\/katolicka-gimnazija.hr\/wp-content\/uploads\/2016\/05\/DSC_0025-e1463067769113.jpg 1346w\" sizes=\"auto, (max-width: 300px) 100vw, 300px\" \/><\/a>I mi sami svjedoci smo \u00a0masovne poplave informacija koje dobivamo preko medija a koje nas kao osobe \u010dine lijenima i ne poti\u010de nas na bilo kakvu akciju i oduzimaju nam pravo na mi\u0161ljenje. Dana\u0161nji \u010dovjek preko medija i dru\u0161tvenih mre\u017ea ulazi u moderni relativizam koji nas polako formira, a da toga nismo ni svjesni. Danas mediji odgajaju mlade, nude nam konzumerizam i hedonizam da nam se sti\u0161a savjest. G\u0111a Vrdoljak navodi da po nekim istra\u017eivanjima mladi dnevno provode vi\u0161e od 2-3 sata na dru\u0161tvenim mre\u017eama. Nagla\u0161ava da <em>\u201emladi ne mogu bez mobitela i ve\u0107 spomenutih dru\u0161tvenih mre\u017ea. A svrha je \u010dovjeka da se razvija, da razvija svoj mozak i da on koristi tehnologiju, a ne da postane rob tehnologije. \u0160to smo tehnolo\u0161ki napredniji, sve smo otu\u0111eniji. Tehnologija toliko brzo i nazaustavljivo juri naprijed da smo mi ljudi postali nebitni.\u201c<\/em><\/p>\n<p><strong>Ovom svijetu ponovno trebaju <em>ljudi<\/em><\/strong><\/p>\n<p>I mi smo svjedoci \u00a0da je sve vi\u0161e lijekova, farmaceutskih tvrtki, vi\u0161e medicine, me\u0111utim mi smo sve bolesniji i sve je manje zdravlja. Imamo vi\u0161e diploma, no manje razuma i rasu\u0111ivanja. \u0160ire putove no u\u017ea gledi\u0161ta. Nau\u010dili smo kako pre\u017eivljavati, no ne i kako \u017eivjeti. To i je paradoks na\u0161eg vremena kroz povijest \u2013 suvremeni \u010dovjek zna cijenu svega, ali ne zna vrijednost stvarnosti i svoga postojanja. Kao \u0161to je i predava\u010dica u ime mnogih apelirala: <em>\u201eMi trebamo ljude da bi nam pojmovi kao \u0161to su istina, ljubav, dobrota, pravda, \u0161to je suprotnost tom relativizmu, bili dostupni. <a href=\"http:\/\/katolicka-gimnazija.hr\/wp-content\/uploads\/2016\/05\/DSC_0020-1-e1463067845595.jpg\" rel=\"attachment wp-att-5303\"><img loading=\"lazy\" decoding=\"async\" class=\"size-medium wp-image-5303 alignright\" src=\"http:\/\/katolicka-gimnazija.hr\/wp-content\/uploads\/2016\/05\/DSC_0020-1-e1463067845595-300x186.jpg\" alt=\"DSC_0020\" width=\"300\" height=\"186\" srcset=\"https:\/\/katolicka-gimnazija.hr\/wp-content\/uploads\/2016\/05\/DSC_0020-1-e1463067845595-300x186.jpg 300w, https:\/\/katolicka-gimnazija.hr\/wp-content\/uploads\/2016\/05\/DSC_0020-1-e1463067845595-768x476.jpg 768w, https:\/\/katolicka-gimnazija.hr\/wp-content\/uploads\/2016\/05\/DSC_0020-1-e1463067845595-1024x635.jpg 1024w, https:\/\/katolicka-gimnazija.hr\/wp-content\/uploads\/2016\/05\/DSC_0020-1-e1463067845595-360x223.jpg 360w, https:\/\/katolicka-gimnazija.hr\/wp-content\/uploads\/2016\/05\/DSC_0020-1-e1463067845595-750x465.jpg 750w, https:\/\/katolicka-gimnazija.hr\/wp-content\/uploads\/2016\/05\/DSC_0020-1-e1463067845595-400x248.jpg 400w, https:\/\/katolicka-gimnazija.hr\/wp-content\/uploads\/2016\/05\/DSC_0020-1-e1463067845595-430x267.jpg 430w, https:\/\/katolicka-gimnazija.hr\/wp-content\/uploads\/2016\/05\/DSC_0020-1-e1463067845595-150x93.jpg 150w, https:\/\/katolicka-gimnazija.hr\/wp-content\/uploads\/2016\/05\/DSC_0020-1-e1463067845595-100x62.jpg 100w, https:\/\/katolicka-gimnazija.hr\/wp-content\/uploads\/2016\/05\/DSC_0020-1-e1463067845595.jpg 1203w\" sizes=\"auto, (max-width: 300px) 100vw, 300px\" \/><\/a>Odgovor na relativizam dana\u0161njeg vremena je da po\u0161tujemo \u010dovjeka u njegovu dostojanstvu, a po\u0161tivanja drugih nema jer sam \u010dovjek ne po\u0161tuje sebe.\u201c<\/em> Te nastavlja da \u201e<em>tko ljubi sebe, oslanja se na duhovnu dimenziju, jer selfizam je samo simptom da \u010dovjek dana\u0161njice ne voli sebe. Jer onaj tko ljubi sebe ne prezire drugog, ne zavidi drugom, ne umanjuje drugog, nema potrebu ugro\u017eavati drugog. Va\u017eno je vidjeti da mladi \u010dovjek treba drugu osobu, treba se dru\u017eiti, treba te\u017eiti za sre\u0107om i ispunjenjem vlastitog \u017eivota. Treba dati vremena ljubavi, dati vremena razgovoru i dijeljenju dragocjenih misli s drugima.\u201c <\/em>Obja\u0161njava kako <em>selfizam<\/em> kao jedna kuturolo\u0161ka doktrina nastoji osigurati opstanak novih tehnologija. Uz selfizam javlja se i bolest <em>selfitis<\/em> koja pripada u podru\u010dje opsesivno-kompulzivnih poreme\u0107aja gdje mladi ljudi stavljaju slike na dru\u0161tvene mre\u017ee kako bi nadoknadili manjak samopo\u0161tovanja.<\/p>\n<p><strong>Ne prestanite tra\u017eiti!<\/strong><\/p>\n<p>I za kraj g\u0111a Vrdoljak zaklju\u010duje: <em>\u201eGdje je \u010dovjek? Gdje smo ti i ja? Gdje smo se izgubili? Kako to da nitko vi\u0161e nema vremena? Na ta temeljna pitanja nikad nemojte prestati tra\u017eiti odgovor jer samo onaj koji tra\u017ei nalazi. \u010covjek nije determiniram onim \u0161to je naslijedio. Nismo mogli birati naciju, ni spol, ni boju ko\u017ee \u2013 ni\u0161ta, ali o nama ovisi ho\u0107emo li se okrenuti dobru.\u201c<\/em><\/p>\n<p>&nbsp;<\/p>\n<p>&nbsp; <\/p>\n","protected":false},"excerpt":{"rendered":"<p>Centar &#8220;Pro vita et familia&#8221; Po\u017ee\u0161ke biskupije organizirao je 11. svibnja \u00a0u Dvorani sv. Terezije Avilske tribinu na temu \u201eVrijeme u kojem \u017eivimo \u2013 selfizam, relativizam i postmoderna\u201c, s ciljem promicanja moralnih na\u010dela Katoli\u010dke Crkve o \u017eivotu, braku i obitelji, a koja proizlaze iz Bo\u017ejeg nauma o \u010dovjeku. Samo predavanje odr\u017eala je g\u0111a Silvana Vrdoljak, [&hellip;]<\/p>\n","protected":false},"author":29,"featured_media":5312,"comment_status":"closed","ping_status":"closed","sticky":false,"template":"","format":"standard","meta":{"footnotes":""},"categories":[2],"tags":[],"class_list":["post-5327","post","type-post","status-publish","format-standard","has-post-thumbnail","hentry","category-vijesti"],"_links":{"self":[{"href":"https:\/\/katolicka-gimnazija.hr\/index.php\/wp-json\/wp\/v2\/posts\/5327","targetHints":{"allow":["GET"]}}],"collection":[{"href":"https:\/\/katolicka-gimnazija.hr\/index.php\/wp-json\/wp\/v2\/posts"}],"about":[{"href":"https:\/\/katolicka-gimnazija.hr\/index.php\/wp-json\/wp\/v2\/types\/post"}],"author":[{"embeddable":true,"href":"https:\/\/katolicka-gimnazija.hr\/index.php\/wp-json\/wp\/v2\/users\/29"}],"replies":[{"embeddable":true,"href":"https:\/\/katolicka-gimnazija.hr\/index.php\/wp-json\/wp\/v2\/comments?post=5327"}],"version-history":[{"count":2,"href":"https:\/\/katolicka-gimnazija.hr\/index.php\/wp-json\/wp\/v2\/posts\/5327\/revisions"}],"predecessor-version":[{"id":15043,"href":"https:\/\/katolicka-gimnazija.hr\/index.php\/wp-json\/wp\/v2\/posts\/5327\/revisions\/15043"}],"wp:featuredmedia":[{"embeddable":true,"href":"https:\/\/katolicka-gimnazija.hr\/index.php\/wp-json\/wp\/v2\/media\/5312"}],"wp:attachment":[{"href":"https:\/\/katolicka-gimnazija.hr\/index.php\/wp-json\/wp\/v2\/media?parent=5327"}],"wp:term":[{"taxonomy":"category","embeddable":true,"href":"https:\/\/katolicka-gimnazija.hr\/index.php\/wp-json\/wp\/v2\/categories?post=5327"},{"taxonomy":"post_tag","embeddable":true,"href":"https:\/\/katolicka-gimnazija.hr\/index.php\/wp-json\/wp\/v2\/tags?post=5327"}],"curies":[{"name":"wp","href":"https:\/\/api.w.org\/{rel}","templated":true}]}}