{"id":5485,"date":"2016-05-10T08:48:52","date_gmt":"2016-05-10T08:48:52","guid":{"rendered":"http:\/\/katolicka-gimnazija.hr\/?p=5485"},"modified":"2018-12-28T14:23:11","modified_gmt":"2018-12-28T14:23:11","slug":"zakljucci-s-4-sjednice-razrednog-vijeca","status":"publish","type":"post","link":"https:\/\/katolicka-gimnazija.hr\/index.php\/2016\/05\/10\/zakljucci-s-4-sjednice-razrednog-vijeca\/","title":{"rendered":"Zaklju\u010dci s 4. sjednice Razrednog vije\u0107a"},"content":{"rendered":"<p>Zaklju\u010dci s 4. sjednice Razrednog vije\u0107a razrednih odjela 1.a, 1.b, 2.a, 2.b, 3.a i 3.b Katoli\u010dke gimnazije s pravom javnosti u \u0161kolskoj godini 2015.\/2016.<\/p>\n<p>Na 4. sjednici Razrednog vije\u0107a razrednih odjela 1.a, 1.b, 2.a, 2.b, 3.a i 3.b Katoli\u010dke gimnazije s pravom javnosti odr\u017eanoj dana 10. svibnja 2016. godine:<\/p>\n<p>1. Usvojen je Zapisnik s prethodne sjednice Razrednog vije\u0107a Katoli\u010dke gimnazije s pravom javnosti odr\u017eane dana 12. travnja 2016. godine bez primjedbi.<\/p>\n<p>2. Izdvojeni su u\u010denici razrednih odjela 1.a, 1.b, 2.a, 2.b, 3.a i 3.b (informacija ograni\u010dena) s najvi\u0161e mogu\u0107ih zaklju\u010dnih nedovoljnih ocjena.<br \/>\nPohvaljeni su u\u010denici razrednih odjela 1.a i 2.b (informacija ograni\u010dena).<br \/>\nOpravdani su \u010desti izostanci u\u010denika razrednih odjela 1.a i 2.b (informacija ograni\u010dena) zdravstvenim stanjem u\u010denika.<br \/>\nIzvijestilo se o mogu\u0107nosti upu\u0107ivanja u\u010denika razrednih odjela 1.a i 3.b (informacija ograni\u010dena) na polaganje predmetnih ispita zbog ne poha\u0111anja nastave.<br \/>\nUpoznalo se s ve\u0107im brojem izostanaka u\u010denika razrednog odjela 3.a.<\/p>\n<p>3. Podsjetilo se jo\u0161 jednom na obveznu izvanu\u010dioni\u010dku nastavu u Vo\u0107inu i Kaptolu te na informiranje o planu i programu kod u\u010ditelja voditelja izvanu\u010dioni\u010dke nastave.<\/p>\n<p>Predlo\u017eeni su u\u010denici za izbor najboljeg u\u010denika i izabrana je najbolja u\u010denica 4. razreda u generaciji maturanta u \u0161kolskoj godini 2015.\/2016. <\/p>\n","protected":false},"excerpt":{"rendered":"<p>Zaklju\u010dci s 4. sjednice Razrednog vije\u0107a razrednih odjela 1.a, 1.b, 2.a, 2.b, 3.a i 3.b Katoli\u010dke gimnazije s pravom javnosti u \u0161kolskoj godini 2015.\/2016. Na 4. sjednici Razrednog vije\u0107a razrednih odjela 1.a, 1.b, 2.a, 2.b, 3.a i 3.b Katoli\u010dke gimnazije s pravom javnosti odr\u017eanoj dana 10. svibnja 2016. godine: 1. Usvojen je Zapisnik s prethodne [&hellip;]<\/p>\n","protected":false},"author":1,"featured_media":0,"comment_status":"closed","ping_status":"closed","sticky":false,"template":"","format":"standard","meta":{"footnotes":""},"categories":[2],"tags":[],"class_list":["post-5485","post","type-post","status-publish","format-standard","hentry","category-vijesti"],"_links":{"self":[{"href":"https:\/\/katolicka-gimnazija.hr\/index.php\/wp-json\/wp\/v2\/posts\/5485","targetHints":{"allow":["GET"]}}],"collection":[{"href":"https:\/\/katolicka-gimnazija.hr\/index.php\/wp-json\/wp\/v2\/posts"}],"about":[{"href":"https:\/\/katolicka-gimnazija.hr\/index.php\/wp-json\/wp\/v2\/types\/post"}],"author":[{"embeddable":true,"href":"https:\/\/katolicka-gimnazija.hr\/index.php\/wp-json\/wp\/v2\/users\/1"}],"replies":[{"embeddable":true,"href":"https:\/\/katolicka-gimnazija.hr\/index.php\/wp-json\/wp\/v2\/comments?post=5485"}],"version-history":[{"count":2,"href":"https:\/\/katolicka-gimnazija.hr\/index.php\/wp-json\/wp\/v2\/posts\/5485\/revisions"}],"predecessor-version":[{"id":15046,"href":"https:\/\/katolicka-gimnazija.hr\/index.php\/wp-json\/wp\/v2\/posts\/5485\/revisions\/15046"}],"wp:attachment":[{"href":"https:\/\/katolicka-gimnazija.hr\/index.php\/wp-json\/wp\/v2\/media?parent=5485"}],"wp:term":[{"taxonomy":"category","embeddable":true,"href":"https:\/\/katolicka-gimnazija.hr\/index.php\/wp-json\/wp\/v2\/categories?post=5485"},{"taxonomy":"post_tag","embeddable":true,"href":"https:\/\/katolicka-gimnazija.hr\/index.php\/wp-json\/wp\/v2\/tags?post=5485"}],"curies":[{"name":"wp","href":"https:\/\/api.w.org\/{rel}","templated":true}]}}