{"id":5572,"date":"2016-05-23T18:26:44","date_gmt":"2016-05-23T18:26:44","guid":{"rendered":"http:\/\/katolicka-gimnazija.hr\/?p=5572"},"modified":"2016-05-23T18:26:44","modified_gmt":"2016-05-23T18:26:44","slug":"svetkovina-tijelova-u-katedrali","status":"publish","type":"post","link":"https:\/\/katolicka-gimnazija.hr\/index.php\/2016\/05\/23\/svetkovina-tijelova-u-katedrali\/","title":{"rendered":"Svetkovina Tijelova u Katedrali"},"content":{"rendered":"<p><img loading=\"lazy\" decoding=\"async\" class=\"alignleft size-medium wp-image-5573\" src=\"http:\/\/katolicka-gimnazija.hr\/wp-content\/uploads\/2016\/05\/fotka111112-300x199.jpg\" alt=\"Tijelovo 2015.\" width=\"300\" height=\"199\" srcset=\"https:\/\/katolicka-gimnazija.hr\/wp-content\/uploads\/2016\/05\/fotka111112-300x199.jpg 300w, https:\/\/katolicka-gimnazija.hr\/wp-content\/uploads\/2016\/05\/fotka111112-150x100.jpg 150w, https:\/\/katolicka-gimnazija.hr\/wp-content\/uploads\/2016\/05\/fotka111112-100x66.jpg 100w, https:\/\/katolicka-gimnazija.hr\/wp-content\/uploads\/2016\/05\/fotka111112.jpg 325w\" sizes=\"auto, (max-width: 300px) 100vw, 300px\" \/>U \u010detvrtak, <strong>26. svibnja 2016.<\/strong> godine svetkovina je Presvetog Tijela i Krvi Kristove &#8211; Tijelovo.<\/p>\n<p>Sveta misa je u <strong>18,00 sati<\/strong> u Katedrali, a predvodi ju biskup dr. Antun \u0160kvor\u010devi\u0107.<\/p>\n<p>Nakon mise je procesija od Katedrale do Franjeva\u010dke crkve.<\/p>\n<p>Na svetoj misi i u sve\u010danoj procesiji sudjelovat \u0107e i u\u010denici i djelatnici na\u0161e Katoli\u010dke gimnazije, uz brojne druge predstavnike \u017eupnih zajednica, crkvenih i civilnih vlasti i udruga.<\/p>\n","protected":false},"excerpt":{"rendered":"<p>U \u010detvrtak, 26. svibnja 2016. godine svetkovina je Presvetog Tijela i Krvi Kristove &#8211; Tijelovo. Sveta misa je u 18,00 sati u Katedrali, a predvodi ju biskup dr. Antun \u0160kvor\u010devi\u0107. Nakon mise je procesija od Katedrale do Franjeva\u010dke crkve. Na svetoj misi i u sve\u010danoj procesiji sudjelovat \u0107e i u\u010denici i djelatnici na\u0161e Katoli\u010dke gimnazije, [&hellip;]<\/p>\n","protected":false},"author":1,"featured_media":5573,"comment_status":"closed","ping_status":"closed","sticky":false,"template":"","format":"standard","meta":{"footnotes":""},"categories":[3],"tags":[],"class_list":["post-5572","post","type-post","status-publish","format-standard","has-post-thumbnail","hentry","category-obavijesti"],"_links":{"self":[{"href":"https:\/\/katolicka-gimnazija.hr\/index.php\/wp-json\/wp\/v2\/posts\/5572","targetHints":{"allow":["GET"]}}],"collection":[{"href":"https:\/\/katolicka-gimnazija.hr\/index.php\/wp-json\/wp\/v2\/posts"}],"about":[{"href":"https:\/\/katolicka-gimnazija.hr\/index.php\/wp-json\/wp\/v2\/types\/post"}],"author":[{"embeddable":true,"href":"https:\/\/katolicka-gimnazija.hr\/index.php\/wp-json\/wp\/v2\/users\/1"}],"replies":[{"embeddable":true,"href":"https:\/\/katolicka-gimnazija.hr\/index.php\/wp-json\/wp\/v2\/comments?post=5572"}],"version-history":[{"count":2,"href":"https:\/\/katolicka-gimnazija.hr\/index.php\/wp-json\/wp\/v2\/posts\/5572\/revisions"}],"predecessor-version":[{"id":5575,"href":"https:\/\/katolicka-gimnazija.hr\/index.php\/wp-json\/wp\/v2\/posts\/5572\/revisions\/5575"}],"wp:featuredmedia":[{"embeddable":true,"href":"https:\/\/katolicka-gimnazija.hr\/index.php\/wp-json\/wp\/v2\/media\/5573"}],"wp:attachment":[{"href":"https:\/\/katolicka-gimnazija.hr\/index.php\/wp-json\/wp\/v2\/media?parent=5572"}],"wp:term":[{"taxonomy":"category","embeddable":true,"href":"https:\/\/katolicka-gimnazija.hr\/index.php\/wp-json\/wp\/v2\/categories?post=5572"},{"taxonomy":"post_tag","embeddable":true,"href":"https:\/\/katolicka-gimnazija.hr\/index.php\/wp-json\/wp\/v2\/tags?post=5572"}],"curies":[{"name":"wp","href":"https:\/\/api.w.org\/{rel}","templated":true}]}}