{"id":5711,"date":"2016-05-28T19:08:18","date_gmt":"2016-05-28T19:08:18","guid":{"rendered":"http:\/\/katolicka-gimnazija.hr\/?p=5711"},"modified":"2016-05-28T19:08:18","modified_gmt":"2016-05-28T19:08:18","slug":"misa-zahvalnica-u-pozeskoj-katedrali","status":"publish","type":"post","link":"https:\/\/katolicka-gimnazija.hr\/index.php\/2016\/05\/28\/misa-zahvalnica-u-pozeskoj-katedrali\/","title":{"rendered":"Misa zahvalnica u po\u017ee\u0161koj Katedrali"},"content":{"rendered":"<p><img loading=\"lazy\" decoding=\"async\" class=\"alignleft size-medium wp-image-5712\" src=\"http:\/\/katolicka-gimnazija.hr\/wp-content\/uploads\/2016\/05\/PB176471-300x225.jpg\" alt=\"Po\u017ee\u0161ka katedrala\" width=\"300\" height=\"225\" srcset=\"https:\/\/katolicka-gimnazija.hr\/wp-content\/uploads\/2016\/05\/PB176471-300x225.jpg 300w, https:\/\/katolicka-gimnazija.hr\/wp-content\/uploads\/2016\/05\/PB176471-768x576.jpg 768w, https:\/\/katolicka-gimnazija.hr\/wp-content\/uploads\/2016\/05\/PB176471-360x270.jpg 360w, https:\/\/katolicka-gimnazija.hr\/wp-content\/uploads\/2016\/05\/PB176471-750x563.jpg 750w, https:\/\/katolicka-gimnazija.hr\/wp-content\/uploads\/2016\/05\/PB176471-400x300.jpg 400w, https:\/\/katolicka-gimnazija.hr\/wp-content\/uploads\/2016\/05\/PB176471-430x323.jpg 430w, https:\/\/katolicka-gimnazija.hr\/wp-content\/uploads\/2016\/05\/PB176471-150x113.jpg 150w, https:\/\/katolicka-gimnazija.hr\/wp-content\/uploads\/2016\/05\/PB176471-100x75.jpg 100w, https:\/\/katolicka-gimnazija.hr\/wp-content\/uploads\/2016\/05\/PB176471.jpg 900w\" sizes=\"auto, (max-width: 300px) 100vw, 300px\" \/>Na zavr\u0161etku \u0161kolske godine, 10. lipnja, s po\u010detkom u 9.00 sati, odr\u017eat \u0107e se u Katedrali sv. Terezije Avilske u Po\u017eegi sveta misa zahvalnica za sve u\u010denike i djelatnike po\u017ee\u0161kih katoli\u010dkih \u0161kola pa tako i na\u0161e Katoli\u010dke gimnazije. Svetu misu \u0107e predvoditi po\u017ee\u0161ki biskup msgr. dr. Antun \u0160kvor\u010devi\u0107.<\/p>\n","protected":false},"excerpt":{"rendered":"<p>Na zavr\u0161etku \u0161kolske godine, 10. lipnja, s po\u010detkom u 9.00 sati, odr\u017eat \u0107e se u Katedrali sv. Terezije Avilske u Po\u017eegi sveta misa zahvalnica za sve u\u010denike i djelatnike po\u017ee\u0161kih katoli\u010dkih \u0161kola pa tako i na\u0161e Katoli\u010dke gimnazije. Svetu misu \u0107e predvoditi po\u017ee\u0161ki biskup msgr. dr. Antun \u0160kvor\u010devi\u0107.<\/p>\n","protected":false},"author":1,"featured_media":5712,"comment_status":"closed","ping_status":"closed","sticky":false,"template":"","format":"standard","meta":{"footnotes":""},"categories":[3],"tags":[],"class_list":["post-5711","post","type-post","status-publish","format-standard","has-post-thumbnail","hentry","category-obavijesti"],"_links":{"self":[{"href":"https:\/\/katolicka-gimnazija.hr\/index.php\/wp-json\/wp\/v2\/posts\/5711","targetHints":{"allow":["GET"]}}],"collection":[{"href":"https:\/\/katolicka-gimnazija.hr\/index.php\/wp-json\/wp\/v2\/posts"}],"about":[{"href":"https:\/\/katolicka-gimnazija.hr\/index.php\/wp-json\/wp\/v2\/types\/post"}],"author":[{"embeddable":true,"href":"https:\/\/katolicka-gimnazija.hr\/index.php\/wp-json\/wp\/v2\/users\/1"}],"replies":[{"embeddable":true,"href":"https:\/\/katolicka-gimnazija.hr\/index.php\/wp-json\/wp\/v2\/comments?post=5711"}],"version-history":[{"count":1,"href":"https:\/\/katolicka-gimnazija.hr\/index.php\/wp-json\/wp\/v2\/posts\/5711\/revisions"}],"predecessor-version":[{"id":5713,"href":"https:\/\/katolicka-gimnazija.hr\/index.php\/wp-json\/wp\/v2\/posts\/5711\/revisions\/5713"}],"wp:featuredmedia":[{"embeddable":true,"href":"https:\/\/katolicka-gimnazija.hr\/index.php\/wp-json\/wp\/v2\/media\/5712"}],"wp:attachment":[{"href":"https:\/\/katolicka-gimnazija.hr\/index.php\/wp-json\/wp\/v2\/media?parent=5711"}],"wp:term":[{"taxonomy":"category","embeddable":true,"href":"https:\/\/katolicka-gimnazija.hr\/index.php\/wp-json\/wp\/v2\/categories?post=5711"},{"taxonomy":"post_tag","embeddable":true,"href":"https:\/\/katolicka-gimnazija.hr\/index.php\/wp-json\/wp\/v2\/tags?post=5711"}],"curies":[{"name":"wp","href":"https:\/\/api.w.org\/{rel}","templated":true}]}}