{"id":5737,"date":"2016-05-30T18:44:47","date_gmt":"2016-05-30T18:44:47","guid":{"rendered":"http:\/\/katolicka-gimnazija.hr\/?p=5737"},"modified":"2016-05-30T18:47:22","modified_gmt":"2016-05-30T18:47:22","slug":"sustav-prijevoza-ucenika-srednjih-skola","status":"publish","type":"post","link":"https:\/\/katolicka-gimnazija.hr\/index.php\/2016\/05\/30\/sustav-prijevoza-ucenika-srednjih-skola\/","title":{"rendered":"Sustav prijevoza u\u010denika srednjih \u0161kola"},"content":{"rendered":"<p id=\"yui_3_16_0_ym19_1_1464432581423_41327\" class=\"yiv6171973235MsoNormal\"><span id=\"yui_3_16_0_ym19_1_1464432581423_41326\">Prikupljanje osobnih identifikacijskih brojeva (OIB) za izradu novoga modela sufinanciranja i financiranja prijevoza u\u010denika srednjih \u0161kola u \u0161kolskoj godini 2016.\/2017.<\/span><\/p>\n<p class=\"yiv6171973235MsoNormal\" style=\"text-align: center;\"><strong>OBAVIJEST<\/strong><\/p>\n<p class=\"yiv6171973235MsoNormal\" style=\"text-align: center;\"><strong>roditeljima \u010dija su djeca u \u0161kolskoj godini 2015.\/2016. ostvarivala pravo na prijevoz<\/strong><\/p>\n<p class=\"yiv6171973235MsoNormal\">Ministarstvo znanosti, obrazovanja i sporta od \u0161kolske godine 2016.\/2017. pristupit \u0107e novome modelu sufinanciranja i financiranja prijevoza u\u010denika srednjih \u0161kola odnosno uvo\u0111enju dohodovnoga cenzusa, koji bi sustav ostvarivanja prava u\u010dinio pravednijim.<\/p>\n<p id=\"yui_3_16_0_ym19_1_1464432581423_41329\" class=\"yiv6171973235MsoNormal\">U svrhu izrade novoga modela sufinanciranja i financiranja prijevoza u\u010denika srednjih \u0161kola, preko slu\u017ebene aplikacije, prikupljat \u0107e se osobni identifikacijski brojevi (OIB) \u010dlanova ku\u0107anstava redovitih u\u010denika srednjih \u0161kola, koji su u \u0161kolskoj godini 2015.\/2016. ostvarivali pravo na prijevoz.<\/p>\n<p class=\"yiv6171973235MsoNormal\">Prikupljeni podaci obra\u0111ivat \u0107e se samo za izradu novoga modela sufinanciranja i financiranja prijevoza u\u010denika srednjih \u0161kola u \u0161kolskoj godini 2016.\/2017.<\/p>\n<p class=\"yiv6171973235MsoNormal\">\u010clanovima ku\u0107anstva smatraju se osobe u smislu \u010dlanka 4. to\u010dke 2. Zakona o socijalnoj skrbi (Narodne novine broj 157\/13., 152\/14. i 99\/15.) odnosno osobe koje zajedno \u017eive i podmiruju tro\u0161kove \u017eivota bez obzira na srodstvo.<\/p>\n<p id=\"yui_3_16_0_ym19_1_1464432581423_41359\" class=\"yiv6171973235MsoNormal\">U\u010denik\/U\u010denica se ubraja u ukupan broj \u010dlanova ku\u0107anstava.<\/p>\n<p id=\"yui_3_16_0_ym19_1_1464432581423_41328\" class=\"yiv6171973235MsoNormal\">Osobe koje ne \u017eive na istoj adresi prebivali\u0161ta kao u\u010denik\/u\u010denica ne ra\u010dunaju se u \u010dlanove ku\u0107anstva.<\/p>\n<p id=\"yui_3_16_0_ym19_1_1464432581423_41342\" class=\"yiv6171973235MsoNormal\">Visinu dohotka i primitaka za 2015. godinu za \u010dlanove ku\u0107anstva, koji su upisani uz pomo\u0107 dohvata podataka iz sustava OIB-a, Ministarstvo znanosti, obrazovanja i sporta provjerit \u0107e u sustavu Porezne uprave te za navedeno nije potrebno prilaganje potvrda nadle\u017ene Porezne uprave. Ako je neki \u010dlan zajedni\u010dkog ku\u0107anstva preminuo u kalendarskoj godini 2015., za njega\/nju ne ra\u010duna se prihod.<\/p>\n<p id=\"yui_3_16_0_ym19_1_1464432581423_41357\" class=\"yiv6171973235MsoNormal\">Ministarstvo znanosti, obrazovanja i sporta poziva u\u010denike, koji su u \u0161kolskoj godini 2015.\/2016. ostvarivali pravo na sufinancirani odnosno financirani prijevoz, da <b>do 10. lipnja 2016. godine<\/b> dostave tra\u017eene podatke o osobnim identifikacijskim brojevima (OIB) \u010dlanova ku\u0107anstava prijavom uz pomo\u0107 AAI korisni\u010dkoga ra\u010duna (korisni\u010dko ime i lozinka dobiveni od administratora imenika u Katoli\u010dkoj gimnaziji s pravom javnosti) na adresi <a href=\"https:\/\/app.mzos.hr\/sufinanciranjePrijevoza\/\" target=\"_blank\" rel=\"nofollow\">https:\/\/app.mzos.hr\/sufinaciranjePrijevoza\/<\/a>.<\/p>\n<p id=\"yui_3_16_0_ym19_1_1464432581423_41356\" class=\"yiv6171973235MsoNormal\">U Sustav prijevoz u\u010denika dopu\u0161tena je prijava onim korisnicima (u\u010denicima) koji u AAI sustavu imaju pod atributom &#8220;Temeljna povezanost s ustanovom&#8221; dodijeljenu vrijednost &#8220;U\u010cENIK&#8221;.<\/p>\n<p id=\"yui_3_16_0_ym19_1_1464432581423_41345\" class=\"yiv6171973235MsoNormal\">Upute za pristup aplikaciji nalaze se u samome Sustavu i na adresi <a href=\"https:\/\/app.mzos.hr\/sufinanciranjePrijevoza\/Content\/upute\/Upute_prijevoz.pdf\">https:\/\/app.mzos.hr\/sufinanciranjePrijevoza\/Content\/upute\/Upute_prijevoz.pdf<\/a>.<\/p>\n<p id=\"yui_3_16_0_ym19_1_1464432581423_41349\" class=\"yiv6171973235MsoNormal\">Ispis zavr\u0161ene ispunjene elektroni\u010dke prijave, koji su potpisali roditelj\/skrbnik i u\u010denik\/u\u010denica, dostavlja se redovitom po\u0161tom na adresu: PO\u017dE\u0160KO-SLAVONSKA \u017dUPANIJA, Upravni odjel za dru\u0161tvene djelatnosti, \u017dupanijska 7, 34000 Po\u017eega ili osobno na navedenu adresu.<\/p>\n<p id=\"yui_3_16_0_ym19_1_1464432581423_41350\" class=\"yiv6171973235MsoNormal\">Napominjemo kako se ispis zavr\u0161ene ispunjene elektroni\u010dke prijave potpisuje pod punom materijalnom i kaznenom odgovorno\u0161\u0107u.<\/p>\n<p id=\"yui_3_16_0_ym19_1_1464432581423_41351\" class=\"yiv6171973235MsoNormal\">U\u010denici kojima su prethodno dane upute nerazumljive ili imaju pote\u0161ko\u0107a s ispunjavanjem elektroni\u010dke prijave, mogu se obratiti stru\u010dnoj suradnici \u2013 pedagoginji.<\/p>\n","protected":false},"excerpt":{"rendered":"<p>Prikupljanje osobnih identifikacijskih brojeva (OIB) za izradu novoga modela sufinanciranja i financiranja prijevoza u\u010denika srednjih \u0161kola u \u0161kolskoj godini 2016.\/2017. OBAVIJEST roditeljima \u010dija su djeca u \u0161kolskoj godini 2015.\/2016. ostvarivala pravo na prijevoz Ministarstvo znanosti, obrazovanja i sporta od \u0161kolske godine 2016.\/2017. pristupit \u0107e novome modelu sufinanciranja i financiranja prijevoza u\u010denika srednjih \u0161kola odnosno uvo\u0111enju [&hellip;]<\/p>\n","protected":false},"author":1,"featured_media":5738,"comment_status":"closed","ping_status":"closed","sticky":false,"template":"","format":"standard","meta":{"footnotes":""},"categories":[3],"tags":[],"class_list":["post-5737","post","type-post","status-publish","format-standard","has-post-thumbnail","hentry","category-obavijesti"],"_links":{"self":[{"href":"https:\/\/katolicka-gimnazija.hr\/index.php\/wp-json\/wp\/v2\/posts\/5737","targetHints":{"allow":["GET"]}}],"collection":[{"href":"https:\/\/katolicka-gimnazija.hr\/index.php\/wp-json\/wp\/v2\/posts"}],"about":[{"href":"https:\/\/katolicka-gimnazija.hr\/index.php\/wp-json\/wp\/v2\/types\/post"}],"author":[{"embeddable":true,"href":"https:\/\/katolicka-gimnazija.hr\/index.php\/wp-json\/wp\/v2\/users\/1"}],"replies":[{"embeddable":true,"href":"https:\/\/katolicka-gimnazija.hr\/index.php\/wp-json\/wp\/v2\/comments?post=5737"}],"version-history":[{"count":3,"href":"https:\/\/katolicka-gimnazija.hr\/index.php\/wp-json\/wp\/v2\/posts\/5737\/revisions"}],"predecessor-version":[{"id":5741,"href":"https:\/\/katolicka-gimnazija.hr\/index.php\/wp-json\/wp\/v2\/posts\/5737\/revisions\/5741"}],"wp:featuredmedia":[{"embeddable":true,"href":"https:\/\/katolicka-gimnazija.hr\/index.php\/wp-json\/wp\/v2\/media\/5738"}],"wp:attachment":[{"href":"https:\/\/katolicka-gimnazija.hr\/index.php\/wp-json\/wp\/v2\/media?parent=5737"}],"wp:term":[{"taxonomy":"category","embeddable":true,"href":"https:\/\/katolicka-gimnazija.hr\/index.php\/wp-json\/wp\/v2\/categories?post=5737"},{"taxonomy":"post_tag","embeddable":true,"href":"https:\/\/katolicka-gimnazija.hr\/index.php\/wp-json\/wp\/v2\/tags?post=5737"}],"curies":[{"name":"wp","href":"https:\/\/api.w.org\/{rel}","templated":true}]}}