{"id":6008,"date":"2016-06-10T09:40:38","date_gmt":"2016-06-10T09:40:38","guid":{"rendered":"http:\/\/katolicka-gimnazija.hr\/?p=6008"},"modified":"2018-12-28T14:20:22","modified_gmt":"2018-12-28T14:20:22","slug":"priznanje-od-srca","status":"publish","type":"post","link":"https:\/\/katolicka-gimnazija.hr\/index.php\/2016\/06\/10\/priznanje-od-srca\/","title":{"rendered":"Priznanje od srca"},"content":{"rendered":"<p><a href=\"http:\/\/katolicka-gimnazija.hr\/wp-content\/uploads\/2016\/06\/DSC_0004-1.jpg\" rel=\"attachment wp-att-6010\"><img loading=\"lazy\" decoding=\"async\" class=\"size-medium wp-image-6010 alignleft\" src=\"http:\/\/katolicka-gimnazija.hr\/wp-content\/uploads\/2016\/06\/DSC_0004-1-200x300.jpg\" alt=\"DSC_0004\" width=\"200\" height=\"300\" srcset=\"https:\/\/katolicka-gimnazija.hr\/wp-content\/uploads\/2016\/06\/DSC_0004-1-200x300.jpg 200w, https:\/\/katolicka-gimnazija.hr\/wp-content\/uploads\/2016\/06\/DSC_0004-1-768x1152.jpg 768w, https:\/\/katolicka-gimnazija.hr\/wp-content\/uploads\/2016\/06\/DSC_0004-1-683x1024.jpg 683w, https:\/\/katolicka-gimnazija.hr\/wp-content\/uploads\/2016\/06\/DSC_0004-1-360x540.jpg 360w, https:\/\/katolicka-gimnazija.hr\/wp-content\/uploads\/2016\/06\/DSC_0004-1-750x1125.jpg 750w, https:\/\/katolicka-gimnazija.hr\/wp-content\/uploads\/2016\/06\/DSC_0004-1-400x600.jpg 400w, https:\/\/katolicka-gimnazija.hr\/wp-content\/uploads\/2016\/06\/DSC_0004-1-430x645.jpg 430w, https:\/\/katolicka-gimnazija.hr\/wp-content\/uploads\/2016\/06\/DSC_0004-1-150x225.jpg 150w, https:\/\/katolicka-gimnazija.hr\/wp-content\/uploads\/2016\/06\/DSC_0004-1-100x150.jpg 100w\" sizes=\"auto, (max-width: 200px) 100vw, 200px\" \/><\/a>Za kraj \u0161kolske godine na\u0161oj \u0160koli stiglo je i iskreno priznanje obitelji Sege\u010di\u0107 za \u010dijeg smo sina Stjepana ove godine organizirali malonogometni humnanitarni turnir &#8221;Nisi sam&#8221;. Stjepanova majka Anita susrela se s ravnateljem Ivicom Bedeni\u010di\u0107em kojega je, u prisutnosti prof. Marija Ragu\u017ea, upoznala s trenutnim Stjepanovim stanjem koje je, po njenim rije\u010dima, 70% bolje od vremena po\u010detka lije\u010denja. Sredstva koja su prikupljena humanitarnim turnirom pomogla su obitelji Sege\u010di\u0107 da Stjepanu kupe medicinski krevet i obave pretrage u Njema\u010dkoj, a \u0161to si sami nikako ne bi mogli priu\u0161titi. Radosni od ovoga susreta, a jo\u0161 vi\u0161e od Stjepanovog napretka, \u0160kola zasigurno i ovom gestom obitelji Sege\u010di\u0107 dobija vjetar u le\u0111a za nove humanitarne projekte. Vjerujemo da \u0107e obitelj Sege\u010di\u0107, kao i sve obitlji kojih smo se sjetili prethodnih godina, \u0160koli ostati i u srcu i u sje\u0107anju, kao \u0161to je i \u0160kola ostala u zahvalnom srcu obitelji Sege\u010di\u0107. <\/p>\n","protected":false},"excerpt":{"rendered":"<p>Za kraj \u0161kolske godine na\u0161oj \u0160koli stiglo je i iskreno priznanje obitelji Sege\u010di\u0107 za \u010dijeg smo sina Stjepana ove godine organizirali malonogometni humnanitarni turnir &#8221;Nisi sam&#8221;. Stjepanova majka Anita susrela se s ravnateljem Ivicom Bedeni\u010di\u0107em kojega je, u prisutnosti prof. Marija Ragu\u017ea, upoznala s trenutnim Stjepanovim stanjem koje je, po njenim rije\u010dima, 70% bolje od [&hellip;]<\/p>\n","protected":false},"author":2,"featured_media":6009,"comment_status":"closed","ping_status":"closed","sticky":false,"template":"","format":"standard","meta":{"footnotes":""},"categories":[2],"tags":[],"class_list":["post-6008","post","type-post","status-publish","format-standard","has-post-thumbnail","hentry","category-vijesti"],"_links":{"self":[{"href":"https:\/\/katolicka-gimnazija.hr\/index.php\/wp-json\/wp\/v2\/posts\/6008","targetHints":{"allow":["GET"]}}],"collection":[{"href":"https:\/\/katolicka-gimnazija.hr\/index.php\/wp-json\/wp\/v2\/posts"}],"about":[{"href":"https:\/\/katolicka-gimnazija.hr\/index.php\/wp-json\/wp\/v2\/types\/post"}],"author":[{"embeddable":true,"href":"https:\/\/katolicka-gimnazija.hr\/index.php\/wp-json\/wp\/v2\/users\/2"}],"replies":[{"embeddable":true,"href":"https:\/\/katolicka-gimnazija.hr\/index.php\/wp-json\/wp\/v2\/comments?post=6008"}],"version-history":[{"count":2,"href":"https:\/\/katolicka-gimnazija.hr\/index.php\/wp-json\/wp\/v2\/posts\/6008\/revisions"}],"predecessor-version":[{"id":15028,"href":"https:\/\/katolicka-gimnazija.hr\/index.php\/wp-json\/wp\/v2\/posts\/6008\/revisions\/15028"}],"wp:featuredmedia":[{"embeddable":true,"href":"https:\/\/katolicka-gimnazija.hr\/index.php\/wp-json\/wp\/v2\/media\/6009"}],"wp:attachment":[{"href":"https:\/\/katolicka-gimnazija.hr\/index.php\/wp-json\/wp\/v2\/media?parent=6008"}],"wp:term":[{"taxonomy":"category","embeddable":true,"href":"https:\/\/katolicka-gimnazija.hr\/index.php\/wp-json\/wp\/v2\/categories?post=6008"},{"taxonomy":"post_tag","embeddable":true,"href":"https:\/\/katolicka-gimnazija.hr\/index.php\/wp-json\/wp\/v2\/tags?post=6008"}],"curies":[{"name":"wp","href":"https:\/\/api.w.org\/{rel}","templated":true}]}}