{"id":6031,"date":"2016-06-10T14:48:56","date_gmt":"2016-06-10T14:48:56","guid":{"rendered":"http:\/\/katolicka-gimnazija.hr\/?p=6031"},"modified":"2018-12-28T14:20:03","modified_gmt":"2018-12-28T14:20:03","slug":"informacije-o-6-sjednici-razrednog-vijeca","status":"publish","type":"post","link":"https:\/\/katolicka-gimnazija.hr\/index.php\/2016\/06\/10\/informacije-o-6-sjednici-razrednog-vijeca\/","title":{"rendered":"Informacije o 6. sjednici Razrednog vije\u0107a"},"content":{"rendered":"<p>6. sjednica Razrednog vije\u0107a razrednih odjela 1.a, 1.b, 2.a, 2.b, 3.a i 3.b Katoli\u010dke gimnazije s pravom javnosti u \u0161kolskoj godini 2015.\/2016. dana 13. lipnja 2016. godine s po\u010detkom u 12:30 sati<\/p>\n<p>Dnevni red:<br \/>\n1. Usvajanje Zapisnika s prethodne sjednice Razrednog vije\u0107a Katoli\u010dke gimnazije s pravom javnosti<br \/>\n2. Utvr\u0111ivanje ocjena iz vladanja u\u010denicima razrednih odjela 1.a, 1.b, 2.a, 2.b, 3.a i 3.b na osnovi pra\u0107enja i vrednovanja tijekom nastavne godine 2015.\/2016., na prijedlog razrednika<br \/>\n3. Analiziranje utvr\u0111enih zaklju\u010dnih ocjena iz nastavnih predmeta i uspjeha u\u010denika razrednih odjela 1.a, 1.b, 2.a, 2.b, 3.a i 3.b na kraju nastavne godine 2015.\/2016.<br \/>\n4. Razno <\/p>\n","protected":false},"excerpt":{"rendered":"<p>6. sjednica Razrednog vije\u0107a razrednih odjela 1.a, 1.b, 2.a, 2.b, 3.a i 3.b Katoli\u010dke gimnazije s pravom javnosti u \u0161kolskoj godini 2015.\/2016. dana 13. lipnja 2016. godine s po\u010detkom u 12:30 sati Dnevni red: 1. Usvajanje Zapisnika s prethodne sjednice Razrednog vije\u0107a Katoli\u010dke gimnazije s pravom javnosti 2. Utvr\u0111ivanje ocjena iz vladanja u\u010denicima razrednih odjela [&hellip;]<\/p>\n","protected":false},"author":1,"featured_media":0,"comment_status":"closed","ping_status":"closed","sticky":false,"template":"","format":"standard","meta":{"footnotes":""},"categories":[2],"tags":[],"class_list":["post-6031","post","type-post","status-publish","format-standard","hentry","category-vijesti"],"_links":{"self":[{"href":"https:\/\/katolicka-gimnazija.hr\/index.php\/wp-json\/wp\/v2\/posts\/6031","targetHints":{"allow":["GET"]}}],"collection":[{"href":"https:\/\/katolicka-gimnazija.hr\/index.php\/wp-json\/wp\/v2\/posts"}],"about":[{"href":"https:\/\/katolicka-gimnazija.hr\/index.php\/wp-json\/wp\/v2\/types\/post"}],"author":[{"embeddable":true,"href":"https:\/\/katolicka-gimnazija.hr\/index.php\/wp-json\/wp\/v2\/users\/1"}],"replies":[{"embeddable":true,"href":"https:\/\/katolicka-gimnazija.hr\/index.php\/wp-json\/wp\/v2\/comments?post=6031"}],"version-history":[{"count":2,"href":"https:\/\/katolicka-gimnazija.hr\/index.php\/wp-json\/wp\/v2\/posts\/6031\/revisions"}],"predecessor-version":[{"id":15026,"href":"https:\/\/katolicka-gimnazija.hr\/index.php\/wp-json\/wp\/v2\/posts\/6031\/revisions\/15026"}],"wp:attachment":[{"href":"https:\/\/katolicka-gimnazija.hr\/index.php\/wp-json\/wp\/v2\/media?parent=6031"}],"wp:term":[{"taxonomy":"category","embeddable":true,"href":"https:\/\/katolicka-gimnazija.hr\/index.php\/wp-json\/wp\/v2\/categories?post=6031"},{"taxonomy":"post_tag","embeddable":true,"href":"https:\/\/katolicka-gimnazija.hr\/index.php\/wp-json\/wp\/v2\/tags?post=6031"}],"curies":[{"name":"wp","href":"https:\/\/api.w.org\/{rel}","templated":true}]}}