{"id":6075,"date":"2016-06-21T16:44:15","date_gmt":"2016-06-21T16:44:15","guid":{"rendered":"http:\/\/katolicka-gimnazija.hr\/?p=6075"},"modified":"2018-12-28T14:19:19","modified_gmt":"2018-12-28T14:19:19","slug":"daruvarske-toplice","status":"publish","type":"post","link":"https:\/\/katolicka-gimnazija.hr\/index.php\/2016\/06\/21\/daruvarske-toplice\/","title":{"rendered":"Daruvarske toplice"},"content":{"rendered":"<p><a href=\"http:\/\/katolicka-gimnazija.hr\/wp-content\/uploads\/2016\/06\/13450792_1217388644946870_7668050487360977263_n.jpg\" rel=\"attachment wp-att-6076\"><img loading=\"lazy\" decoding=\"async\" class=\"alignleft size-medium wp-image-6076\" src=\"http:\/\/katolicka-gimnazija.hr\/wp-content\/uploads\/2016\/06\/13450792_1217388644946870_7668050487360977263_n-300x225.jpg\" alt=\"13450792_1217388644946870_7668050487360977263_n\" width=\"300\" height=\"225\" srcset=\"https:\/\/katolicka-gimnazija.hr\/wp-content\/uploads\/2016\/06\/13450792_1217388644946870_7668050487360977263_n-300x225.jpg 300w, https:\/\/katolicka-gimnazija.hr\/wp-content\/uploads\/2016\/06\/13450792_1217388644946870_7668050487360977263_n-768x576.jpg 768w, https:\/\/katolicka-gimnazija.hr\/wp-content\/uploads\/2016\/06\/13450792_1217388644946870_7668050487360977263_n-360x270.jpg 360w, https:\/\/katolicka-gimnazija.hr\/wp-content\/uploads\/2016\/06\/13450792_1217388644946870_7668050487360977263_n-750x563.jpg 750w, https:\/\/katolicka-gimnazija.hr\/wp-content\/uploads\/2016\/06\/13450792_1217388644946870_7668050487360977263_n-400x300.jpg 400w, https:\/\/katolicka-gimnazija.hr\/wp-content\/uploads\/2016\/06\/13450792_1217388644946870_7668050487360977263_n-430x323.jpg 430w, https:\/\/katolicka-gimnazija.hr\/wp-content\/uploads\/2016\/06\/13450792_1217388644946870_7668050487360977263_n-150x113.jpg 150w, https:\/\/katolicka-gimnazija.hr\/wp-content\/uploads\/2016\/06\/13450792_1217388644946870_7668050487360977263_n-100x75.jpg 100w, https:\/\/katolicka-gimnazija.hr\/wp-content\/uploads\/2016\/06\/13450792_1217388644946870_7668050487360977263_n.jpg 960w\" sizes=\"auto, (max-width: 300px) 100vw, 300px\" \/><\/a>U\u010denici 3.a razreda pro\u0161loga su tjedna u pratnji razrednika Leonarda \u0110akovi\u0107a i profesora Josipa Kati\u0107a zaslu\u017eeno u\u017eivali na nagradnom izletu u Daruvarskim toplicama. Tom su im se prilikom pridru\u017eile i u\u010denice 1.b razreda, Ana \u0160imunovi\u0107 i Tara Stipanovi\u0107 te sin profesora \u0110akovi\u0107a, Emanuel. Izlet su zaslu\u017eili kao nagradu za pobjedu na me\u0111urazrednom natjecanju koje se svake \u0161kolske godine provodi u \u0161koli pri \u010demu su pokazali veliko zajedni\u0161tvo, trud, kreativnost, ali i snala\u017eljivost. \u0160kola kroz ta natjecanja, a onda i nagrade, pokazuje da je, osim uzornog vladanja i odli\u010dnih ocjena, i odgojni dio obrazovanja jako bitan u \u017eivotu \u0161kole, a tako i zajedni\u0161tvo me\u0111u djelatnicima i u\u010denicima. Kako izlet ne bi ostao samo na u\u017eivanju i kupanju, pobrinuo se profesor Josip Kati\u0107 koji je u\u010denicima povijesno i geografski predstavio grad Daruvar. <\/p>\n","protected":false},"excerpt":{"rendered":"<p>U\u010denici 3.a razreda pro\u0161loga su tjedna u pratnji razrednika Leonarda \u0110akovi\u0107a i profesora Josipa Kati\u0107a zaslu\u017eeno u\u017eivali na nagradnom izletu u Daruvarskim toplicama. Tom su im se prilikom pridru\u017eile i u\u010denice 1.b razreda, Ana \u0160imunovi\u0107 i Tara Stipanovi\u0107 te sin profesora \u0110akovi\u0107a, Emanuel. Izlet su zaslu\u017eili kao nagradu za pobjedu na me\u0111urazrednom natjecanju koje se [&hellip;]<\/p>\n","protected":false},"author":20,"featured_media":6076,"comment_status":"closed","ping_status":"closed","sticky":false,"template":"","format":"standard","meta":{"footnotes":""},"categories":[2],"tags":[],"class_list":["post-6075","post","type-post","status-publish","format-standard","has-post-thumbnail","hentry","category-vijesti"],"_links":{"self":[{"href":"https:\/\/katolicka-gimnazija.hr\/index.php\/wp-json\/wp\/v2\/posts\/6075","targetHints":{"allow":["GET"]}}],"collection":[{"href":"https:\/\/katolicka-gimnazija.hr\/index.php\/wp-json\/wp\/v2\/posts"}],"about":[{"href":"https:\/\/katolicka-gimnazija.hr\/index.php\/wp-json\/wp\/v2\/types\/post"}],"author":[{"embeddable":true,"href":"https:\/\/katolicka-gimnazija.hr\/index.php\/wp-json\/wp\/v2\/users\/20"}],"replies":[{"embeddable":true,"href":"https:\/\/katolicka-gimnazija.hr\/index.php\/wp-json\/wp\/v2\/comments?post=6075"}],"version-history":[{"count":2,"href":"https:\/\/katolicka-gimnazija.hr\/index.php\/wp-json\/wp\/v2\/posts\/6075\/revisions"}],"predecessor-version":[{"id":15021,"href":"https:\/\/katolicka-gimnazija.hr\/index.php\/wp-json\/wp\/v2\/posts\/6075\/revisions\/15021"}],"wp:featuredmedia":[{"embeddable":true,"href":"https:\/\/katolicka-gimnazija.hr\/index.php\/wp-json\/wp\/v2\/media\/6076"}],"wp:attachment":[{"href":"https:\/\/katolicka-gimnazija.hr\/index.php\/wp-json\/wp\/v2\/media?parent=6075"}],"wp:term":[{"taxonomy":"category","embeddable":true,"href":"https:\/\/katolicka-gimnazija.hr\/index.php\/wp-json\/wp\/v2\/categories?post=6075"},{"taxonomy":"post_tag","embeddable":true,"href":"https:\/\/katolicka-gimnazija.hr\/index.php\/wp-json\/wp\/v2\/tags?post=6075"}],"curies":[{"name":"wp","href":"https:\/\/api.w.org\/{rel}","templated":true}]}}