{"id":6080,"date":"2016-06-24T08:14:51","date_gmt":"2016-06-24T08:14:51","guid":{"rendered":"http:\/\/katolicka-gimnazija.hr\/?p=6080"},"modified":"2018-12-28T14:19:11","modified_gmt":"2018-12-28T14:19:11","slug":"prve-generacije-na-godisnjici-mature","status":"publish","type":"post","link":"https:\/\/katolicka-gimnazija.hr\/index.php\/2016\/06\/24\/prve-generacije-na-godisnjici-mature\/","title":{"rendered":"Prve generacije na godi\u0161njici mature"},"content":{"rendered":"<p>Prve generacije na godi\u0161njici mature<\/p>\n<p>Pi\u0161e: Marko Taborsky<\/p>\n<p>Tijekom proteklih nekoliko tjedana Katoli\u010dka gimnazija svjedo\u010dila je nekolicini za nju zna\u010dajnih doga\u0111anja. Osim odlaska jo\u0161 jedne generacije maturanata i pisanja ispita dr\u017eavne mature, ovo razdoblje obilje\u017eila su i okupljanja u\u010denika prve generacije \u0160kole na njihovoj petoj godi\u0161njici mature.<\/p>\n<p><a href=\"http:\/\/katolicka-gimnazija.hr\/wp-content\/uploads\/2016\/06\/4b1.jpg\" rel=\"attachment wp-att-6082\"><img loading=\"lazy\" decoding=\"async\" class=\"alignleft size-medium wp-image-6082\" src=\"http:\/\/katolicka-gimnazija.hr\/wp-content\/uploads\/2016\/06\/4b1-169x300.jpg\" alt=\"4b1\" width=\"169\" height=\"300\" srcset=\"https:\/\/katolicka-gimnazija.hr\/wp-content\/uploads\/2016\/06\/4b1-169x300.jpg 169w, https:\/\/katolicka-gimnazija.hr\/wp-content\/uploads\/2016\/06\/4b1-768x1366.jpg 768w, https:\/\/katolicka-gimnazija.hr\/wp-content\/uploads\/2016\/06\/4b1-576x1024.jpg 576w, https:\/\/katolicka-gimnazija.hr\/wp-content\/uploads\/2016\/06\/4b1-360x640.jpg 360w, https:\/\/katolicka-gimnazija.hr\/wp-content\/uploads\/2016\/06\/4b1-750x1334.jpg 750w, https:\/\/katolicka-gimnazija.hr\/wp-content\/uploads\/2016\/06\/4b1-400x711.jpg 400w, https:\/\/katolicka-gimnazija.hr\/wp-content\/uploads\/2016\/06\/4b1-430x765.jpg 430w, https:\/\/katolicka-gimnazija.hr\/wp-content\/uploads\/2016\/06\/4b1-150x267.jpg 150w, https:\/\/katolicka-gimnazija.hr\/wp-content\/uploads\/2016\/06\/4b1-100x178.jpg 100w, https:\/\/katolicka-gimnazija.hr\/wp-content\/uploads\/2016\/06\/4b1.jpg 1500w\" sizes=\"auto, (max-width: 169px) 100vw, 169px\" \/><\/a>Ovu tradiciju srednjih \u0161kola, koju bismo opravdano mogli nazvati obi\u010dajem od pamtivijeka, na na\u0161u \u0160kolu prenijeli su 14. svibnja nekada\u0161nji u\u010denici 4.b razreda i razrednice Vere \u0106u\u017ee-Abramovi\u0107 tada jo\u0161 Katoli\u010dke klasi\u010dne gimnazije svojim susretom u prostorijama \u0160kole te ve\u010derom u restoranu Stari grad u Po\u017eegi.<\/p>\n<p>Dana 3. lipnja, u\u010denici 4a. razreda tako\u0111er su, zajedno sa svojom razrednicom Marijanom \u0106orlukom, proslavili 5 godina zavr\u0161etka srednjo\u0161kolskog obrazovanja. Susret je zapo\u010deo okupljanjem pred zgradom Odgojno-obrazovnog centra Po\u017ee\u0161ke biskupije, a svojevrsni program bio je organiziran u u\u010dionici u kojoj su zajedno proveli svoje maturantske dane. Poslije kratkog predstavljanja, uz nekoliko rije\u010di o trenutnoj situaciji studija i \u017eivota svakog pojedinog klasi\u010dara, razrednica Marijana omogu\u0107ila je svima uvid u Dnevnik i Imenik 4.a razreda iz \u0161kolske godine 2010.\/2011. \u2013 ne\u0161to \u0161to je na ovoj \u0160koli, zahvaljuju\u0107i razvoju i uvo\u0111enju aplikacije e-Dnevnika, sada samo stvar pro\u0161losti. Susret s Dnevnikom bio je prili\u010dno zanimljiv i zabavan, osobito kroz \u010ditanje rekordera po broju opravdanih i neopravdanih sati, izre\u010denih odgojnih mjera, op\u0107em prosjeku razreda, broju odli\u010dnih u\u010denika, izbjegavanju zadnjih testova ili pak <a href=\"http:\/\/katolicka-gimnazija.hr\/wp-content\/uploads\/2016\/06\/5-god.-mature-u-razredu.jpg\" rel=\"attachment wp-att-6093\"><img loading=\"lazy\" decoding=\"async\" class=\"size-medium wp-image-6093 alignright\" src=\"http:\/\/katolicka-gimnazija.hr\/wp-content\/uploads\/2016\/06\/5-god.-mature-u-razredu-300x225.jpg\" alt=\"5 god. mature, u razredu\" width=\"300\" height=\"225\" srcset=\"https:\/\/katolicka-gimnazija.hr\/wp-content\/uploads\/2016\/06\/5-god.-mature-u-razredu-300x225.jpg 300w, https:\/\/katolicka-gimnazija.hr\/wp-content\/uploads\/2016\/06\/5-god.-mature-u-razredu-768x576.jpg 768w, https:\/\/katolicka-gimnazija.hr\/wp-content\/uploads\/2016\/06\/5-god.-mature-u-razredu-1024x768.jpg 1024w, https:\/\/katolicka-gimnazija.hr\/wp-content\/uploads\/2016\/06\/5-god.-mature-u-razredu-360x270.jpg 360w, https:\/\/katolicka-gimnazija.hr\/wp-content\/uploads\/2016\/06\/5-god.-mature-u-razredu-750x563.jpg 750w, https:\/\/katolicka-gimnazija.hr\/wp-content\/uploads\/2016\/06\/5-god.-mature-u-razredu-400x300.jpg 400w, https:\/\/katolicka-gimnazija.hr\/wp-content\/uploads\/2016\/06\/5-god.-mature-u-razredu-430x323.jpg 430w, https:\/\/katolicka-gimnazija.hr\/wp-content\/uploads\/2016\/06\/5-god.-mature-u-razredu-150x113.jpg 150w, https:\/\/katolicka-gimnazija.hr\/wp-content\/uploads\/2016\/06\/5-god.-mature-u-razredu-100x75.jpg 100w, https:\/\/katolicka-gimnazija.hr\/wp-content\/uploads\/2016\/06\/5-god.-mature-u-razredu.jpg 1500w\" sizes=\"auto, (max-width: 300px) 100vw, 300px\" \/><\/a>propu\u0161tanju samog zadnjeg dana nastave. Osim toga, razrednica je donijela i nekoliko bliceva iz lektire, kao i zadnje pisane provjere znanja iz hrvatskoga jezika, iz podru\u010dja kasnog modernizma u svjetskoj i hrvatskoj knji\u017eevnosti 20. stolje\u0107a, s ciljem lak\u0161eg prisje\u0107anja tada\u0161njega stanja znanja. Svi su se prisjetili i vlastite maturalne ve\u010dere odr\u017eane u petak, 13. svibnja 2011., maturalca u Rimu, sportskih natjecanja na Bjelolasici u prvome razredu, ali i ostalih lijepih i sretnih trenutaka tijekom \u010detverogodi\u0161njeg srednjo\u0161kolskog obrazovanja. S obzirom da je zgrada \u0160kole od odlaska prve generacije maturanata do\u017eivjela nekoliko velikih i zna\u010dajnih gra\u0111evinskih radova, biv\u0161i u\u010denici imali su priliku pregledati novoizgra\u0111ene prostore uz vodstvo svoje razrednice. Program obilje\u017eavanja godi\u0161njice u \u0160koli zavr\u0161io je simboli\u010dki \u2013 zajedni\u010dkim fotografiranjem odraslih ljudi na istome mjestu na kojemu su prije 5 godina, na zadnji dan srednjo\u0161kolske nastave, bili fotografirani kao jo\u0161 mladi maturanti.<\/p>\n<p>Proslava se nastavila u Zlatnome Lugu na zajedni\u010dkoj ve\u010deri uz mnogo ugodnih razgovora te ples i glazbu do ranih jutarnjih sati. \u017denski dio ekipe pokazao je svoje glasovne sposobnosti pjevaju\u0107i karaoke, mu\u0161ki dio ekipe izmjenjivao se u plesu s razrednicom Marijanom uz pjesmu \u201eO Marijana\u201c, dok su kasnije svi kolektivno zagrljeni pjevali omiljenu pjesmu iz zadnjih klasi\u010darskih dana \u2013 \u201eZlatne godine\u201c.<\/p>\n<p>Prema prvim neslu\u017ebenim informacijama, za desetu godi\u0161njicu mature planira se organizacija jo\u0161 ve\u0107e proslave s jo\u0161 vi\u0161e iznena\u0111enja.<\/p>\n<div id='gallery-1' class='gallery galleryid-6080 gallery-columns-3 gallery-size-medium'><figure class='gallery-item'>\n\t\t\t<div class='gallery-icon landscape'>\n\t\t\t\t<a href='https:\/\/katolicka-gimnazija.hr\/wp-content\/uploads\/2016\/06\/4b17.jpg'><img loading=\"lazy\" decoding=\"async\" width=\"300\" height=\"225\" src=\"https:\/\/katolicka-gimnazija.hr\/wp-content\/uploads\/2016\/06\/4b17-300x225.jpg\" class=\"attachment-medium size-medium\" alt=\"\" srcset=\"https:\/\/katolicka-gimnazija.hr\/wp-content\/uploads\/2016\/06\/4b17-300x225.jpg 300w, https:\/\/katolicka-gimnazija.hr\/wp-content\/uploads\/2016\/06\/4b17-768x576.jpg 768w, https:\/\/katolicka-gimnazija.hr\/wp-content\/uploads\/2016\/06\/4b17-1024x768.jpg 1024w, https:\/\/katolicka-gimnazija.hr\/wp-content\/uploads\/2016\/06\/4b17-360x270.jpg 360w, https:\/\/katolicka-gimnazija.hr\/wp-content\/uploads\/2016\/06\/4b17-750x563.jpg 750w, https:\/\/katolicka-gimnazija.hr\/wp-content\/uploads\/2016\/06\/4b17-400x300.jpg 400w, https:\/\/katolicka-gimnazija.hr\/wp-content\/uploads\/2016\/06\/4b17-430x323.jpg 430w, https:\/\/katolicka-gimnazija.hr\/wp-content\/uploads\/2016\/06\/4b17-150x113.jpg 150w, https:\/\/katolicka-gimnazija.hr\/wp-content\/uploads\/2016\/06\/4b17-100x75.jpg 100w, https:\/\/katolicka-gimnazija.hr\/wp-content\/uploads\/2016\/06\/4b17.jpg 1500w\" sizes=\"auto, (max-width: 300px) 100vw, 300px\" \/><\/a>\n\t\t\t<\/div><\/figure><figure class='gallery-item'>\n\t\t\t<div class='gallery-icon landscape'>\n\t\t\t\t<a href='https:\/\/katolicka-gimnazija.hr\/wp-content\/uploads\/2016\/06\/5-god.mat_.5.jpg'><img loading=\"lazy\" decoding=\"async\" width=\"300\" height=\"225\" src=\"https:\/\/katolicka-gimnazija.hr\/wp-content\/uploads\/2016\/06\/5-god.mat_.5-300x225.jpg\" class=\"attachment-medium size-medium\" alt=\"\" srcset=\"https:\/\/katolicka-gimnazija.hr\/wp-content\/uploads\/2016\/06\/5-god.mat_.5-300x225.jpg 300w, https:\/\/katolicka-gimnazija.hr\/wp-content\/uploads\/2016\/06\/5-god.mat_.5-768x576.jpg 768w, https:\/\/katolicka-gimnazija.hr\/wp-content\/uploads\/2016\/06\/5-god.mat_.5-1024x768.jpg 1024w, https:\/\/katolicka-gimnazija.hr\/wp-content\/uploads\/2016\/06\/5-god.mat_.5-360x270.jpg 360w, https:\/\/katolicka-gimnazija.hr\/wp-content\/uploads\/2016\/06\/5-god.mat_.5-750x563.jpg 750w, https:\/\/katolicka-gimnazija.hr\/wp-content\/uploads\/2016\/06\/5-god.mat_.5-400x300.jpg 400w, https:\/\/katolicka-gimnazija.hr\/wp-content\/uploads\/2016\/06\/5-god.mat_.5-430x323.jpg 430w, https:\/\/katolicka-gimnazija.hr\/wp-content\/uploads\/2016\/06\/5-god.mat_.5-150x113.jpg 150w, https:\/\/katolicka-gimnazija.hr\/wp-content\/uploads\/2016\/06\/5-god.mat_.5-100x75.jpg 100w, https:\/\/katolicka-gimnazija.hr\/wp-content\/uploads\/2016\/06\/5-god.mat_.5.jpg 1500w\" sizes=\"auto, (max-width: 300px) 100vw, 300px\" \/><\/a>\n\t\t\t<\/div><\/figure><figure class='gallery-item'>\n\t\t\t<div class='gallery-icon landscape'>\n\t\t\t\t<a href='https:\/\/katolicka-gimnazija.hr\/wp-content\/uploads\/2016\/06\/5-god.-mature-1.jpg'><img loading=\"lazy\" decoding=\"async\" width=\"300\" height=\"225\" src=\"https:\/\/katolicka-gimnazija.hr\/wp-content\/uploads\/2016\/06\/5-god.-mature-1-300x225.jpg\" class=\"attachment-medium size-medium\" alt=\"\" srcset=\"https:\/\/katolicka-gimnazija.hr\/wp-content\/uploads\/2016\/06\/5-god.-mature-1-300x225.jpg 300w, https:\/\/katolicka-gimnazija.hr\/wp-content\/uploads\/2016\/06\/5-god.-mature-1-768x576.jpg 768w, https:\/\/katolicka-gimnazija.hr\/wp-content\/uploads\/2016\/06\/5-god.-mature-1-1024x768.jpg 1024w, https:\/\/katolicka-gimnazija.hr\/wp-content\/uploads\/2016\/06\/5-god.-mature-1-360x270.jpg 360w, https:\/\/katolicka-gimnazija.hr\/wp-content\/uploads\/2016\/06\/5-god.-mature-1-750x563.jpg 750w, https:\/\/katolicka-gimnazija.hr\/wp-content\/uploads\/2016\/06\/5-god.-mature-1-400x300.jpg 400w, https:\/\/katolicka-gimnazija.hr\/wp-content\/uploads\/2016\/06\/5-god.-mature-1-430x323.jpg 430w, https:\/\/katolicka-gimnazija.hr\/wp-content\/uploads\/2016\/06\/5-god.-mature-1-150x113.jpg 150w, https:\/\/katolicka-gimnazija.hr\/wp-content\/uploads\/2016\/06\/5-god.-mature-1-100x75.jpg 100w, https:\/\/katolicka-gimnazija.hr\/wp-content\/uploads\/2016\/06\/5-god.-mature-1.jpg 1500w\" sizes=\"auto, (max-width: 300px) 100vw, 300px\" \/><\/a>\n\t\t\t<\/div><\/figure><figure class='gallery-item'>\n\t\t\t<div class='gallery-icon portrait'>\n\t\t\t\t<a href='https:\/\/katolicka-gimnazija.hr\/wp-content\/uploads\/2016\/06\/5.god_.mat_.-zajedni\u010dka.jpg'><img loading=\"lazy\" decoding=\"async\" width=\"200\" height=\"300\" src=\"https:\/\/katolicka-gimnazija.hr\/wp-content\/uploads\/2016\/06\/5.god_.mat_.-zajedni\u010dka-200x300.jpg\" class=\"attachment-medium size-medium\" alt=\"\" srcset=\"https:\/\/katolicka-gimnazija.hr\/wp-content\/uploads\/2016\/06\/5.god_.mat_.-zajedni\u010dka-200x300.jpg 200w, https:\/\/katolicka-gimnazija.hr\/wp-content\/uploads\/2016\/06\/5.god_.mat_.-zajedni\u010dka-768x1154.jpg 768w, https:\/\/katolicka-gimnazija.hr\/wp-content\/uploads\/2016\/06\/5.god_.mat_.-zajedni\u010dka-681x1024.jpg 681w, https:\/\/katolicka-gimnazija.hr\/wp-content\/uploads\/2016\/06\/5.god_.mat_.-zajedni\u010dka-360x541.jpg 360w, https:\/\/katolicka-gimnazija.hr\/wp-content\/uploads\/2016\/06\/5.god_.mat_.-zajedni\u010dka-750x1127.jpg 750w, https:\/\/katolicka-gimnazija.hr\/wp-content\/uploads\/2016\/06\/5.god_.mat_.-zajedni\u010dka-400x601.jpg 400w, https:\/\/katolicka-gimnazija.hr\/wp-content\/uploads\/2016\/06\/5.god_.mat_.-zajedni\u010dka-430x646.jpg 430w, https:\/\/katolicka-gimnazija.hr\/wp-content\/uploads\/2016\/06\/5.god_.mat_.-zajedni\u010dka-150x225.jpg 150w, https:\/\/katolicka-gimnazija.hr\/wp-content\/uploads\/2016\/06\/5.god_.mat_.-zajedni\u010dka-100x150.jpg 100w, https:\/\/katolicka-gimnazija.hr\/wp-content\/uploads\/2016\/06\/5.god_.mat_.-zajedni\u010dka.jpg 1500w\" sizes=\"auto, (max-width: 200px) 100vw, 200px\" \/><\/a>\n\t\t\t<\/div><\/figure><figure class='gallery-item'>\n\t\t\t<div class='gallery-icon portrait'>\n\t\t\t\t<a href='https:\/\/katolicka-gimnazija.hr\/wp-content\/uploads\/2016\/06\/5-god.mat_.4.jpg'><img loading=\"lazy\" decoding=\"async\" width=\"225\" height=\"300\" src=\"https:\/\/katolicka-gimnazija.hr\/wp-content\/uploads\/2016\/06\/5-god.mat_.4-225x300.jpg\" class=\"attachment-medium size-medium\" alt=\"\" srcset=\"https:\/\/katolicka-gimnazija.hr\/wp-content\/uploads\/2016\/06\/5-god.mat_.4-225x300.jpg 225w, https:\/\/katolicka-gimnazija.hr\/wp-content\/uploads\/2016\/06\/5-god.mat_.4-768x1024.jpg 768w, https:\/\/katolicka-gimnazija.hr\/wp-content\/uploads\/2016\/06\/5-god.mat_.4-360x480.jpg 360w, https:\/\/katolicka-gimnazija.hr\/wp-content\/uploads\/2016\/06\/5-god.mat_.4-750x1000.jpg 750w, https:\/\/katolicka-gimnazija.hr\/wp-content\/uploads\/2016\/06\/5-god.mat_.4-400x533.jpg 400w, https:\/\/katolicka-gimnazija.hr\/wp-content\/uploads\/2016\/06\/5-god.mat_.4-430x573.jpg 430w, https:\/\/katolicka-gimnazija.hr\/wp-content\/uploads\/2016\/06\/5-god.mat_.4-150x200.jpg 150w, https:\/\/katolicka-gimnazija.hr\/wp-content\/uploads\/2016\/06\/5-god.mat_.4-100x133.jpg 100w, https:\/\/katolicka-gimnazija.hr\/wp-content\/uploads\/2016\/06\/5-god.mat_.4.jpg 1500w\" sizes=\"auto, (max-width: 225px) 100vw, 225px\" \/><\/a>\n\t\t\t<\/div><\/figure><figure class='gallery-item'>\n\t\t\t<div class='gallery-icon landscape'>\n\t\t\t\t<a href='https:\/\/katolicka-gimnazija.hr\/wp-content\/uploads\/2016\/06\/4b2.jpg'><img loading=\"lazy\" decoding=\"async\" width=\"300\" height=\"225\" src=\"https:\/\/katolicka-gimnazija.hr\/wp-content\/uploads\/2016\/06\/4b2-300x225.jpg\" class=\"attachment-medium size-medium\" alt=\"\" srcset=\"https:\/\/katolicka-gimnazija.hr\/wp-content\/uploads\/2016\/06\/4b2-300x225.jpg 300w, https:\/\/katolicka-gimnazija.hr\/wp-content\/uploads\/2016\/06\/4b2-768x576.jpg 768w, https:\/\/katolicka-gimnazija.hr\/wp-content\/uploads\/2016\/06\/4b2-1024x768.jpg 1024w, https:\/\/katolicka-gimnazija.hr\/wp-content\/uploads\/2016\/06\/4b2-360x270.jpg 360w, https:\/\/katolicka-gimnazija.hr\/wp-content\/uploads\/2016\/06\/4b2-750x563.jpg 750w, https:\/\/katolicka-gimnazija.hr\/wp-content\/uploads\/2016\/06\/4b2-400x300.jpg 400w, https:\/\/katolicka-gimnazija.hr\/wp-content\/uploads\/2016\/06\/4b2-430x323.jpg 430w, https:\/\/katolicka-gimnazija.hr\/wp-content\/uploads\/2016\/06\/4b2-150x113.jpg 150w, https:\/\/katolicka-gimnazija.hr\/wp-content\/uploads\/2016\/06\/4b2-100x75.jpg 100w, https:\/\/katolicka-gimnazija.hr\/wp-content\/uploads\/2016\/06\/4b2.jpg 1500w\" sizes=\"auto, (max-width: 300px) 100vw, 300px\" \/><\/a>\n\t\t\t<\/div><\/figure><figure class='gallery-item'>\n\t\t\t<div class='gallery-icon landscape'>\n\t\t\t\t<a href='https:\/\/katolicka-gimnazija.hr\/wp-content\/uploads\/2016\/06\/4b10.jpg'><img loading=\"lazy\" decoding=\"async\" width=\"300\" height=\"225\" src=\"https:\/\/katolicka-gimnazija.hr\/wp-content\/uploads\/2016\/06\/4b10-300x225.jpg\" class=\"attachment-medium size-medium\" alt=\"\" srcset=\"https:\/\/katolicka-gimnazija.hr\/wp-content\/uploads\/2016\/06\/4b10-300x225.jpg 300w, https:\/\/katolicka-gimnazija.hr\/wp-content\/uploads\/2016\/06\/4b10-768x576.jpg 768w, https:\/\/katolicka-gimnazija.hr\/wp-content\/uploads\/2016\/06\/4b10-1024x768.jpg 1024w, https:\/\/katolicka-gimnazija.hr\/wp-content\/uploads\/2016\/06\/4b10-360x270.jpg 360w, https:\/\/katolicka-gimnazija.hr\/wp-content\/uploads\/2016\/06\/4b10-750x563.jpg 750w, https:\/\/katolicka-gimnazija.hr\/wp-content\/uploads\/2016\/06\/4b10-400x300.jpg 400w, https:\/\/katolicka-gimnazija.hr\/wp-content\/uploads\/2016\/06\/4b10-430x323.jpg 430w, https:\/\/katolicka-gimnazija.hr\/wp-content\/uploads\/2016\/06\/4b10-150x113.jpg 150w, https:\/\/katolicka-gimnazija.hr\/wp-content\/uploads\/2016\/06\/4b10-100x75.jpg 100w, https:\/\/katolicka-gimnazija.hr\/wp-content\/uploads\/2016\/06\/4b10.jpg 1500w\" sizes=\"auto, (max-width: 300px) 100vw, 300px\" \/><\/a>\n\t\t\t<\/div><\/figure><figure class='gallery-item'>\n\t\t\t<div class='gallery-icon portrait'>\n\t\t\t\t<a href='https:\/\/katolicka-gimnazija.hr\/wp-content\/uploads\/2016\/06\/4b1.jpg'><img loading=\"lazy\" decoding=\"async\" width=\"169\" height=\"300\" src=\"https:\/\/katolicka-gimnazija.hr\/wp-content\/uploads\/2016\/06\/4b1-169x300.jpg\" class=\"attachment-medium size-medium\" alt=\"\" srcset=\"https:\/\/katolicka-gimnazija.hr\/wp-content\/uploads\/2016\/06\/4b1-169x300.jpg 169w, https:\/\/katolicka-gimnazija.hr\/wp-content\/uploads\/2016\/06\/4b1-768x1366.jpg 768w, https:\/\/katolicka-gimnazija.hr\/wp-content\/uploads\/2016\/06\/4b1-576x1024.jpg 576w, https:\/\/katolicka-gimnazija.hr\/wp-content\/uploads\/2016\/06\/4b1-360x640.jpg 360w, https:\/\/katolicka-gimnazija.hr\/wp-content\/uploads\/2016\/06\/4b1-750x1334.jpg 750w, https:\/\/katolicka-gimnazija.hr\/wp-content\/uploads\/2016\/06\/4b1-400x711.jpg 400w, https:\/\/katolicka-gimnazija.hr\/wp-content\/uploads\/2016\/06\/4b1-430x765.jpg 430w, https:\/\/katolicka-gimnazija.hr\/wp-content\/uploads\/2016\/06\/4b1-150x267.jpg 150w, https:\/\/katolicka-gimnazija.hr\/wp-content\/uploads\/2016\/06\/4b1-100x178.jpg 100w, https:\/\/katolicka-gimnazija.hr\/wp-content\/uploads\/2016\/06\/4b1.jpg 1500w\" sizes=\"auto, (max-width: 169px) 100vw, 169px\" \/><\/a>\n\t\t\t<\/div><\/figure><figure class='gallery-item'>\n\t\t\t<div class='gallery-icon portrait'>\n\t\t\t\t<a href='https:\/\/katolicka-gimnazija.hr\/wp-content\/uploads\/2016\/06\/4b14.jpg'><img loading=\"lazy\" decoding=\"async\" width=\"225\" height=\"300\" src=\"https:\/\/katolicka-gimnazija.hr\/wp-content\/uploads\/2016\/06\/4b14-225x300.jpg\" class=\"attachment-medium size-medium\" alt=\"\" srcset=\"https:\/\/katolicka-gimnazija.hr\/wp-content\/uploads\/2016\/06\/4b14-225x300.jpg 225w, https:\/\/katolicka-gimnazija.hr\/wp-content\/uploads\/2016\/06\/4b14-768x1024.jpg 768w, https:\/\/katolicka-gimnazija.hr\/wp-content\/uploads\/2016\/06\/4b14-360x480.jpg 360w, https:\/\/katolicka-gimnazija.hr\/wp-content\/uploads\/2016\/06\/4b14-750x1000.jpg 750w, https:\/\/katolicka-gimnazija.hr\/wp-content\/uploads\/2016\/06\/4b14-400x533.jpg 400w, https:\/\/katolicka-gimnazija.hr\/wp-content\/uploads\/2016\/06\/4b14-430x573.jpg 430w, https:\/\/katolicka-gimnazija.hr\/wp-content\/uploads\/2016\/06\/4b14-150x200.jpg 150w, https:\/\/katolicka-gimnazija.hr\/wp-content\/uploads\/2016\/06\/4b14-100x133.jpg 100w, https:\/\/katolicka-gimnazija.hr\/wp-content\/uploads\/2016\/06\/4b14.jpg 1500w\" sizes=\"auto, (max-width: 225px) 100vw, 225px\" \/><\/a>\n\t\t\t<\/div><\/figure><figure class='gallery-item'>\n\t\t\t<div class='gallery-icon landscape'>\n\t\t\t\t<a href='https:\/\/katolicka-gimnazija.hr\/wp-content\/uploads\/2016\/06\/4b9.jpg'><img loading=\"lazy\" decoding=\"async\" width=\"300\" height=\"225\" src=\"https:\/\/katolicka-gimnazija.hr\/wp-content\/uploads\/2016\/06\/4b9-300x225.jpg\" class=\"attachment-medium size-medium\" alt=\"\" srcset=\"https:\/\/katolicka-gimnazija.hr\/wp-content\/uploads\/2016\/06\/4b9-300x225.jpg 300w, https:\/\/katolicka-gimnazija.hr\/wp-content\/uploads\/2016\/06\/4b9-768x576.jpg 768w, https:\/\/katolicka-gimnazija.hr\/wp-content\/uploads\/2016\/06\/4b9-1024x768.jpg 1024w, https:\/\/katolicka-gimnazija.hr\/wp-content\/uploads\/2016\/06\/4b9-360x270.jpg 360w, https:\/\/katolicka-gimnazija.hr\/wp-content\/uploads\/2016\/06\/4b9-750x563.jpg 750w, https:\/\/katolicka-gimnazija.hr\/wp-content\/uploads\/2016\/06\/4b9-400x300.jpg 400w, https:\/\/katolicka-gimnazija.hr\/wp-content\/uploads\/2016\/06\/4b9-430x323.jpg 430w, https:\/\/katolicka-gimnazija.hr\/wp-content\/uploads\/2016\/06\/4b9-150x113.jpg 150w, https:\/\/katolicka-gimnazija.hr\/wp-content\/uploads\/2016\/06\/4b9-100x75.jpg 100w, https:\/\/katolicka-gimnazija.hr\/wp-content\/uploads\/2016\/06\/4b9.jpg 1500w\" sizes=\"auto, (max-width: 300px) 100vw, 300px\" \/><\/a>\n\t\t\t<\/div><\/figure><figure class='gallery-item'>\n\t\t\t<div class='gallery-icon landscape'>\n\t\t\t\t<a href='https:\/\/katolicka-gimnazija.hr\/wp-content\/uploads\/2016\/06\/4b13.jpg'><img loading=\"lazy\" decoding=\"async\" width=\"300\" height=\"225\" src=\"https:\/\/katolicka-gimnazija.hr\/wp-content\/uploads\/2016\/06\/4b13-300x225.jpg\" class=\"attachment-medium size-medium\" alt=\"\" srcset=\"https:\/\/katolicka-gimnazija.hr\/wp-content\/uploads\/2016\/06\/4b13-300x225.jpg 300w, https:\/\/katolicka-gimnazija.hr\/wp-content\/uploads\/2016\/06\/4b13-768x576.jpg 768w, https:\/\/katolicka-gimnazija.hr\/wp-content\/uploads\/2016\/06\/4b13-1024x768.jpg 1024w, https:\/\/katolicka-gimnazija.hr\/wp-content\/uploads\/2016\/06\/4b13-360x270.jpg 360w, https:\/\/katolicka-gimnazija.hr\/wp-content\/uploads\/2016\/06\/4b13-750x563.jpg 750w, https:\/\/katolicka-gimnazija.hr\/wp-content\/uploads\/2016\/06\/4b13-400x300.jpg 400w, https:\/\/katolicka-gimnazija.hr\/wp-content\/uploads\/2016\/06\/4b13-430x323.jpg 430w, https:\/\/katolicka-gimnazija.hr\/wp-content\/uploads\/2016\/06\/4b13-150x113.jpg 150w, https:\/\/katolicka-gimnazija.hr\/wp-content\/uploads\/2016\/06\/4b13-100x75.jpg 100w, https:\/\/katolicka-gimnazija.hr\/wp-content\/uploads\/2016\/06\/4b13.jpg 1500w\" sizes=\"auto, (max-width: 300px) 100vw, 300px\" \/><\/a>\n\t\t\t<\/div><\/figure><figure class='gallery-item'>\n\t\t\t<div class='gallery-icon landscape'>\n\t\t\t\t<a href='https:\/\/katolicka-gimnazija.hr\/wp-content\/uploads\/2016\/06\/4b.jpg'><img loading=\"lazy\" decoding=\"async\" width=\"300\" height=\"169\" src=\"https:\/\/katolicka-gimnazija.hr\/wp-content\/uploads\/2016\/06\/4b-300x169.jpg\" class=\"attachment-medium size-medium\" alt=\"\" srcset=\"https:\/\/katolicka-gimnazija.hr\/wp-content\/uploads\/2016\/06\/4b-300x169.jpg 300w, https:\/\/katolicka-gimnazija.hr\/wp-content\/uploads\/2016\/06\/4b-768x432.jpg 768w, https:\/\/katolicka-gimnazija.hr\/wp-content\/uploads\/2016\/06\/4b-1024x576.jpg 1024w, https:\/\/katolicka-gimnazija.hr\/wp-content\/uploads\/2016\/06\/4b-360x203.jpg 360w, https:\/\/katolicka-gimnazija.hr\/wp-content\/uploads\/2016\/06\/4b-750x422.jpg 750w, https:\/\/katolicka-gimnazija.hr\/wp-content\/uploads\/2016\/06\/4b-400x225.jpg 400w, https:\/\/katolicka-gimnazija.hr\/wp-content\/uploads\/2016\/06\/4b-430x242.jpg 430w, https:\/\/katolicka-gimnazija.hr\/wp-content\/uploads\/2016\/06\/4b-150x84.jpg 150w, https:\/\/katolicka-gimnazija.hr\/wp-content\/uploads\/2016\/06\/4b-100x56.jpg 100w, https:\/\/katolicka-gimnazija.hr\/wp-content\/uploads\/2016\/06\/4b.jpg 1500w\" sizes=\"auto, (max-width: 300px) 100vw, 300px\" \/><\/a>\n\t\t\t<\/div><\/figure><figure class='gallery-item'>\n\t\t\t<div class='gallery-icon landscape'>\n\t\t\t\t<a href='https:\/\/katolicka-gimnazija.hr\/wp-content\/uploads\/2016\/06\/5-god.-mat.8.jpg'><img loading=\"lazy\" decoding=\"async\" width=\"300\" height=\"225\" src=\"https:\/\/katolicka-gimnazija.hr\/wp-content\/uploads\/2016\/06\/5-god.-mat.8-300x225.jpg\" class=\"attachment-medium size-medium\" alt=\"\" srcset=\"https:\/\/katolicka-gimnazija.hr\/wp-content\/uploads\/2016\/06\/5-god.-mat.8-300x225.jpg 300w, https:\/\/katolicka-gimnazija.hr\/wp-content\/uploads\/2016\/06\/5-god.-mat.8-768x576.jpg 768w, https:\/\/katolicka-gimnazija.hr\/wp-content\/uploads\/2016\/06\/5-god.-mat.8-1024x768.jpg 1024w, https:\/\/katolicka-gimnazija.hr\/wp-content\/uploads\/2016\/06\/5-god.-mat.8-360x270.jpg 360w, https:\/\/katolicka-gimnazija.hr\/wp-content\/uploads\/2016\/06\/5-god.-mat.8-750x563.jpg 750w, https:\/\/katolicka-gimnazija.hr\/wp-content\/uploads\/2016\/06\/5-god.-mat.8-400x300.jpg 400w, https:\/\/katolicka-gimnazija.hr\/wp-content\/uploads\/2016\/06\/5-god.-mat.8-430x323.jpg 430w, https:\/\/katolicka-gimnazija.hr\/wp-content\/uploads\/2016\/06\/5-god.-mat.8-150x113.jpg 150w, https:\/\/katolicka-gimnazija.hr\/wp-content\/uploads\/2016\/06\/5-god.-mat.8-100x75.jpg 100w, https:\/\/katolicka-gimnazija.hr\/wp-content\/uploads\/2016\/06\/5-god.-mat.8.jpg 1500w\" sizes=\"auto, (max-width: 300px) 100vw, 300px\" \/><\/a>\n\t\t\t<\/div><\/figure><figure class='gallery-item'>\n\t\t\t<div class='gallery-icon landscape'>\n\t\t\t\t<a href='https:\/\/katolicka-gimnazija.hr\/wp-content\/uploads\/2016\/06\/5-god.-mature-u-razredu.jpg'><img loading=\"lazy\" decoding=\"async\" width=\"300\" height=\"225\" src=\"https:\/\/katolicka-gimnazija.hr\/wp-content\/uploads\/2016\/06\/5-god.-mature-u-razredu-300x225.jpg\" class=\"attachment-medium size-medium\" alt=\"\" srcset=\"https:\/\/katolicka-gimnazija.hr\/wp-content\/uploads\/2016\/06\/5-god.-mature-u-razredu-300x225.jpg 300w, https:\/\/katolicka-gimnazija.hr\/wp-content\/uploads\/2016\/06\/5-god.-mature-u-razredu-768x576.jpg 768w, https:\/\/katolicka-gimnazija.hr\/wp-content\/uploads\/2016\/06\/5-god.-mature-u-razredu-1024x768.jpg 1024w, https:\/\/katolicka-gimnazija.hr\/wp-content\/uploads\/2016\/06\/5-god.-mature-u-razredu-360x270.jpg 360w, https:\/\/katolicka-gimnazija.hr\/wp-content\/uploads\/2016\/06\/5-god.-mature-u-razredu-750x563.jpg 750w, https:\/\/katolicka-gimnazija.hr\/wp-content\/uploads\/2016\/06\/5-god.-mature-u-razredu-400x300.jpg 400w, https:\/\/katolicka-gimnazija.hr\/wp-content\/uploads\/2016\/06\/5-god.-mature-u-razredu-430x323.jpg 430w, https:\/\/katolicka-gimnazija.hr\/wp-content\/uploads\/2016\/06\/5-god.-mature-u-razredu-150x113.jpg 150w, https:\/\/katolicka-gimnazija.hr\/wp-content\/uploads\/2016\/06\/5-god.-mature-u-razredu-100x75.jpg 100w, https:\/\/katolicka-gimnazija.hr\/wp-content\/uploads\/2016\/06\/5-god.-mature-u-razredu.jpg 1500w\" sizes=\"auto, (max-width: 300px) 100vw, 300px\" \/><\/a>\n\t\t\t<\/div><\/figure><figure class='gallery-item'>\n\t\t\t<div class='gallery-icon landscape'>\n\t\t\t\t<a href='https:\/\/katolicka-gimnazija.hr\/wp-content\/uploads\/2016\/06\/4b16.jpg'><img loading=\"lazy\" decoding=\"async\" width=\"300\" height=\"225\" src=\"https:\/\/katolicka-gimnazija.hr\/wp-content\/uploads\/2016\/06\/4b16-300x225.jpg\" class=\"attachment-medium size-medium\" alt=\"\" srcset=\"https:\/\/katolicka-gimnazija.hr\/wp-content\/uploads\/2016\/06\/4b16-300x225.jpg 300w, https:\/\/katolicka-gimnazija.hr\/wp-content\/uploads\/2016\/06\/4b16-768x576.jpg 768w, https:\/\/katolicka-gimnazija.hr\/wp-content\/uploads\/2016\/06\/4b16-1024x768.jpg 1024w, https:\/\/katolicka-gimnazija.hr\/wp-content\/uploads\/2016\/06\/4b16-360x270.jpg 360w, https:\/\/katolicka-gimnazija.hr\/wp-content\/uploads\/2016\/06\/4b16-750x563.jpg 750w, https:\/\/katolicka-gimnazija.hr\/wp-content\/uploads\/2016\/06\/4b16-400x300.jpg 400w, https:\/\/katolicka-gimnazija.hr\/wp-content\/uploads\/2016\/06\/4b16-430x323.jpg 430w, https:\/\/katolicka-gimnazija.hr\/wp-content\/uploads\/2016\/06\/4b16-150x113.jpg 150w, https:\/\/katolicka-gimnazija.hr\/wp-content\/uploads\/2016\/06\/4b16-100x75.jpg 100w, https:\/\/katolicka-gimnazija.hr\/wp-content\/uploads\/2016\/06\/4b16.jpg 1500w\" sizes=\"auto, (max-width: 300px) 100vw, 300px\" \/><\/a>\n\t\t\t<\/div><\/figure><figure class='gallery-item'>\n\t\t\t<div class='gallery-icon landscape'>\n\t\t\t\t<a href='https:\/\/katolicka-gimnazija.hr\/wp-content\/uploads\/2016\/06\/5-god.mat_.6.jpg'><img loading=\"lazy\" decoding=\"async\" width=\"300\" height=\"225\" src=\"https:\/\/katolicka-gimnazija.hr\/wp-content\/uploads\/2016\/06\/5-god.mat_.6-300x225.jpg\" class=\"attachment-medium size-medium\" alt=\"\" srcset=\"https:\/\/katolicka-gimnazija.hr\/wp-content\/uploads\/2016\/06\/5-god.mat_.6-300x225.jpg 300w, https:\/\/katolicka-gimnazija.hr\/wp-content\/uploads\/2016\/06\/5-god.mat_.6-768x576.jpg 768w, https:\/\/katolicka-gimnazija.hr\/wp-content\/uploads\/2016\/06\/5-god.mat_.6-1024x768.jpg 1024w, https:\/\/katolicka-gimnazija.hr\/wp-content\/uploads\/2016\/06\/5-god.mat_.6-360x270.jpg 360w, https:\/\/katolicka-gimnazija.hr\/wp-content\/uploads\/2016\/06\/5-god.mat_.6-750x563.jpg 750w, https:\/\/katolicka-gimnazija.hr\/wp-content\/uploads\/2016\/06\/5-god.mat_.6-400x300.jpg 400w, https:\/\/katolicka-gimnazija.hr\/wp-content\/uploads\/2016\/06\/5-god.mat_.6-430x323.jpg 430w, https:\/\/katolicka-gimnazija.hr\/wp-content\/uploads\/2016\/06\/5-god.mat_.6-150x113.jpg 150w, https:\/\/katolicka-gimnazija.hr\/wp-content\/uploads\/2016\/06\/5-god.mat_.6-100x75.jpg 100w, https:\/\/katolicka-gimnazija.hr\/wp-content\/uploads\/2016\/06\/5-god.mat_.6.jpg 1500w\" sizes=\"auto, (max-width: 300px) 100vw, 300px\" \/><\/a>\n\t\t\t<\/div><\/figure>\n\t\t<\/div>\n\n","protected":false},"excerpt":{"rendered":"<p>Prve generacije na godi\u0161njici mature Pi\u0161e: Marko Taborsky Tijekom proteklih nekoliko tjedana Katoli\u010dka gimnazija svjedo\u010dila je nekolicini za nju zna\u010dajnih doga\u0111anja. Osim odlaska jo\u0161 jedne generacije maturanata i pisanja ispita dr\u017eavne mature, ovo razdoblje obilje\u017eila su i okupljanja u\u010denika prve generacije \u0160kole na njihovoj petoj godi\u0161njici mature. Ovu tradiciju srednjih \u0161kola, koju bismo opravdano mogli [&hellip;]<\/p>\n","protected":false},"author":2,"featured_media":6097,"comment_status":"closed","ping_status":"closed","sticky":false,"template":"","format":"standard","meta":{"footnotes":""},"categories":[4,2],"tags":[],"class_list":["post-6080","post","type-post","status-publish","format-standard","has-post-thumbnail","hentry","category-fotogalerije","category-vijesti"],"_links":{"self":[{"href":"https:\/\/katolicka-gimnazija.hr\/index.php\/wp-json\/wp\/v2\/posts\/6080","targetHints":{"allow":["GET"]}}],"collection":[{"href":"https:\/\/katolicka-gimnazija.hr\/index.php\/wp-json\/wp\/v2\/posts"}],"about":[{"href":"https:\/\/katolicka-gimnazija.hr\/index.php\/wp-json\/wp\/v2\/types\/post"}],"author":[{"embeddable":true,"href":"https:\/\/katolicka-gimnazija.hr\/index.php\/wp-json\/wp\/v2\/users\/2"}],"replies":[{"embeddable":true,"href":"https:\/\/katolicka-gimnazija.hr\/index.php\/wp-json\/wp\/v2\/comments?post=6080"}],"version-history":[{"count":2,"href":"https:\/\/katolicka-gimnazija.hr\/index.php\/wp-json\/wp\/v2\/posts\/6080\/revisions"}],"predecessor-version":[{"id":15020,"href":"https:\/\/katolicka-gimnazija.hr\/index.php\/wp-json\/wp\/v2\/posts\/6080\/revisions\/15020"}],"wp:featuredmedia":[{"embeddable":true,"href":"https:\/\/katolicka-gimnazija.hr\/index.php\/wp-json\/wp\/v2\/media\/6097"}],"wp:attachment":[{"href":"https:\/\/katolicka-gimnazija.hr\/index.php\/wp-json\/wp\/v2\/media?parent=6080"}],"wp:term":[{"taxonomy":"category","embeddable":true,"href":"https:\/\/katolicka-gimnazija.hr\/index.php\/wp-json\/wp\/v2\/categories?post=6080"},{"taxonomy":"post_tag","embeddable":true,"href":"https:\/\/katolicka-gimnazija.hr\/index.php\/wp-json\/wp\/v2\/tags?post=6080"}],"curies":[{"name":"wp","href":"https:\/\/api.w.org\/{rel}","templated":true}]}}